{"id":291823,"date":"2026-02-02T09:30:00","date_gmt":"2026-02-02T08:30:00","guid":{"rendered":"https:\/\/www.tucomarca.com\/wordpress\/segunda\/?p=291823"},"modified":"2026-02-02T21:18:25","modified_gmt":"2026-02-02T20:18:25","slug":"el-debut-sonado-de-pau-da-la-victoria-al-cd-bunol-ante-el-at-saguntino-2-1","status":"publish","type":"post","link":"https:\/\/www.tucomarca.com\/wordpress\/segunda\/el-debut-sonado-de-pau-da-la-victoria-al-cd-bunol-ante-el-at-saguntino-2-1\/","title":{"rendered":"El debut so\u00f1ado de Pau da la victoria al CD Bu\u00f1ol ante el Atl\u00e9tico Saguntino (2-1)"},"content":{"rendered":"\n<p>El <strong>CD Bu\u00f1ol<\/strong> logr\u00f3 una importante victoria en casa tras imponerse por <strong>2-1 al Atl\u00e9tico Saguntino<\/strong> en un encuentro marcado por el estreno goleador de <strong>Pau<\/strong>, nuevo fichaje del conjunto bu\u00f1olense, que fue decisivo en su primer partido.<\/p>\n\n\n\n<p>El choque comenz\u00f3 con intensidad y las primeras ocasiones no tardaron en llegar. En el <strong>minuto 20<\/strong>, <strong>Mangel<\/strong> estuvo muy cerca de adelantar al CD Bu\u00f1ol con una clara oportunidad de gol que levant\u00f3 a la grada, aunque el tanto se resisti\u00f3 en la primera mitad.<\/p>\n\n\n\n<p>Tras el descanso, el encuentro gan\u00f3 en emoci\u00f3n. En el <strong>minuto 69<\/strong>, <strong>Pau<\/strong> firm\u00f3 su primer gol como jugador del CD Bu\u00f1ol, estren\u00e1ndose de la mejor manera posible y adelantando a los locales en el marcador. El delantero volvi\u00f3 a ser protagonista en el <strong>minuto 80<\/strong>, cuando anot\u00f3 el <strong>segundo gol<\/strong>, certificando una actuaci\u00f3n sobresaliente en su debut y poniendo el 2-0 en el marcador.<\/p>\n\n\n\n<p>El Atl\u00e9tico Saguntino recort\u00f3 distancias en los minutos finales, pero el CD Bu\u00f1ol supo gestionar la ventaja para asegurar tres puntos muy valiosos ante su afici\u00f3n.<\/p>\n\n\n\n<p>Con este triunfo, el conjunto bu\u00f1olense refuerza su confianza y suma una victoria marcada por el debut estelar de <strong>Pau<\/strong>, llamado a ser una pieza importante en el ataque del equipo.<\/p>\n\n\n\n<p><strong>Foto: Jos\u00e9 L. Mont\u00f3n<\/strong><\/p>\n","protected":false},"excerpt":{"rendered":"<div class=\"mh-excerpt\">El CD Bu\u00f1ol logr\u00f3 una importante victoria en casa tras imponerse por 2-1 al Atl\u00e9tico Saguntino en un encuentro marcado por el estreno goleador de Pau, nuevo fichaje del conjunto bu\u00f1olense, que fue decisivo en <a class=\"mh-excerpt-more\" href=\"https:\/\/www.tucomarca.com\/wordpress\/segunda\/el-debut-sonado-de-pau-da-la-victoria-al-cd-bunol-ante-el-at-saguntino-2-1\/\" title=\"El debut so\u00f1ado de Pau da la victoria al CD Bu\u00f1ol ante el Atl\u00e9tico Saguntino (2-1)\">[+] <\/a><\/div>\n","protected":false},"author":12,"featured_media":291832,"comment_status":"open","ping_status":"open","sticky":false,"template":"","format":"standard","meta":{"footnotes":""},"categories":[18,50,6,8,10,3],"tags":[10385,537,5952],"class_list":{"0":"post-291823","1":"post","2":"type-post","3":"status-publish","4":"format-standard","5":"has-post-thumbnail","7":"category-bunol","8":"category-futbol-deportes","9":"category-deportes","10":"category-la-comarca","11":"category-la-hoya","12":"category-seccion","13":"tag-bunol","14":"tag-cd-bunol","15":"tag-la-hoya-de-bunol-chiva"},"_links":{"self":[{"href":"https:\/\/www.tucomarca.com\/wordpress\/segunda\/wp-json\/wp\/v2\/posts\/291823","targetHints":{"allow":["GET"]}}],"collection":[{"href":"https:\/\/www.tucomarca.com\/wordpress\/segunda\/wp-json\/wp\/v2\/posts"}],"about":[{"href":"https:\/\/www.tucomarca.com\/wordpress\/segunda\/wp-json\/wp\/v2\/types\/post"}],"author":[{"embeddable":true,"href":"https:\/\/www.tucomarca.com\/wordpress\/segunda\/wp-json\/wp\/v2\/users\/12"}],"replies":[{"embeddable":true,"href":"https:\/\/www.tucomarca.com\/wordpress\/segunda\/wp-json\/wp\/v2\/comments?post=291823"}],"version-history":[{"count":0,"href":"https:\/\/www.tucomarca.com\/wordpress\/segunda\/wp-json\/wp\/v2\/posts\/291823\/revisions"}],"wp:featuredmedia":[{"embeddable":true,"href":"https:\/\/www.tucomarca.com\/wordpress\/segunda\/wp-json\/wp\/v2\/media\/291832"}],"wp:attachment":[{"href":"https:\/\/www.tucomarca.com\/wordpress\/segunda\/wp-json\/wp\/v2\/media?parent=291823"}],"wp:term":[{"taxonomy":"category","embeddable":true,"href":"https:\/\/www.tucomarca.com\/wordpress\/segunda\/wp-json\/wp\/v2\/categories?post=291823"},{"taxonomy":"post_tag","embeddable":true,"href":"https:\/\/www.tucomarca.com\/wordpress\/segunda\/wp-json\/wp\/v2\/tags?post=291823"}],"curies":[{"name":"wp","href":"https:\/\/api.w.org\/{rel}","templated":true}]}}