{"id":291993,"date":"2026-02-02T14:00:00","date_gmt":"2026-02-02T13:00:00","guid":{"rendered":"https:\/\/www.tucomarca.com\/wordpress\/segunda\/?p=291993"},"modified":"2026-02-02T22:02:48","modified_gmt":"2026-02-02T21:02:48","slug":"las-comarcas-del-interior-de-valencia-afrontan-varios-dias-de-tiempo-variable-con-lluvias-viento-intenso-y-temperaturas-suaves","status":"publish","type":"post","link":"https:\/\/www.tucomarca.com\/wordpress\/segunda\/las-comarcas-del-interior-de-valencia-afrontan-varios-dias-de-tiempo-variable-con-lluvias-viento-intenso-y-temperaturas-suaves\/","title":{"rendered":"Las comarcas del interior de Valencia afrontan varios d\u00edas de tiempo variable con lluvias, viento intenso y temperaturas suaves"},"content":{"rendered":"\n<p>Las comarcas del interior de la provincia de Valencia encaran los pr\u00f3ximos d\u00edas con una situaci\u00f3n meteorol\u00f3gica marcada por la <strong>inestabilidad<\/strong>, la <strong>presencia de viento fuerte<\/strong> y <strong>temperaturas suaves para la \u00e9poca<\/strong>, seg\u00fan la previsi\u00f3n de la Agencia Estatal de Meteorolog\u00eda (AEMET).<\/p>\n\n\n\n<p>Durante las pr\u00f3ximas jornadas se alternar\u00e1n los <strong>intervalos nubosos con momentos de sol<\/strong>, con posibilidad de <strong>precipitaciones d\u00e9biles y dispersas<\/strong>, especialmente en zonas de interior y de mayor altitud, como Utiel-Requena, la Hoya de Bu\u00f1ol-Chiva o el Rinc\u00f3n de Ademuz.<\/p>\n\n\n\n<p><strong>Rachas de viento muy fuertes en Bu\u00f1ol<\/strong><\/p>\n\n\n\n<p>El viento ha sido uno de los principales protagonistas de la jornada de hoy. Seg\u00fan ha informado <strong>Emergencias 112 Comunitat Valenciana<\/strong>, con datos de la <strong>Associaci\u00f3 Valenciana de Meteorologia (AVAMET)<\/strong>, las <strong>rachas han alcanzado los 115 kil\u00f3metros por hora en Bu\u00f1ol<\/strong>, un episodio que ha obligado a extremar la precauci\u00f3n ante el riesgo de ca\u00eddas de ramas, \u00e1rboles u objetos mal asegurados.<\/p>\n\n\n\n<p>Desde los servicios de emergencia se recuerda la importancia de evitar zonas arboladas durante los picos de viento y de asegurar elementos en balcones, terrazas y azoteas.<\/p>\n\n\n\n<p><strong>Previsi\u00f3n detallada para los pr\u00f3ximos d\u00edas<\/strong><\/p>\n\n\n\n<p>El martes continuar\u00e1 la nubosidad variable, con probabilidad de precipitaciones d\u00e9biles durante la primera mitad del d\u00eda. Las temperaturas se mantendr\u00e1n sin grandes cambios.<br>El viento tender\u00e1 a perder intensidad, aunque seguir\u00e1 soplando moderado.<br><\/p>\n\n\n\n<p><strong>Mi\u00e9rcoles y jueves<\/strong><\/p>\n\n\n\n<p>Aumenta la inestabilidad, con m\u00e1s nubosidad y posibilidad de lluvias dispersas.<br>La cota de nieve se situar\u00e1 en torno a los <strong>1.100 metros<\/strong>, por lo que las precipitaciones ser\u00e1n mayoritariamente en forma de lluvia en la mayor parte del interior.<br><\/p>\n\n\n\n<p><strong>Fin de semana<\/strong><\/p>\n\n\n\n<p>Tiempo algo m\u00e1s estable, con alternancia de nubes y claros. Menor probabilidad de precipitaciones, aunque no se descartan chubascos aislados. Viento moderado y temperaturas suaves.<br><\/p>\n\n\n\n<p><strong>Recomendaciones<\/strong><\/p>\n\n\n\n<p>Las autoridades recomiendan <strong>extremar la precauci\u00f3n<\/strong> durante los episodios de viento fuerte, especialmente en desplazamientos por carretera y en entornos rurales o de monta\u00f1a, as\u00ed como mantenerse informados a trav\u00e9s de los canales oficiales ante posibles avisos meteorol\u00f3gicos.<\/p>\n","protected":false},"excerpt":{"rendered":"<div class=\"mh-excerpt\">Las comarcas del interior de la provincia de Valencia encaran los pr\u00f3ximos d\u00edas con una situaci\u00f3n meteorol\u00f3gica marcada por la inestabilidad, la presencia de viento fuerte y temperaturas suaves para la \u00e9poca, seg\u00fan la previsi\u00f3n <a class=\"mh-excerpt-more\" href=\"https:\/\/www.tucomarca.com\/wordpress\/segunda\/las-comarcas-del-interior-de-valencia-afrontan-varios-dias-de-tiempo-variable-con-lluvias-viento-intenso-y-temperaturas-suaves\/\" title=\"Las comarcas del interior de Valencia afrontan varios d\u00edas de tiempo variable con lluvias, viento intenso y temperaturas suaves\">[+] <\/a><\/div>\n","protected":false},"author":12,"featured_media":120963,"comment_status":"open","ping_status":"open","sticky":false,"template":"","format":"standard","meta":{"footnotes":""},"categories":[38,18,128,8,72,10,42,59,117,3,116,45],"tags":[15924,13653],"class_list":{"0":"post-291993","1":"post","2":"type-post","3":"status-publish","4":"format-standard","5":"has-post-thumbnail","7":"category-ayora-cofrentes","8":"category-bunol","9":"category-infraestructuras","10":"category-la-comarca","11":"category-sin-categorizar","12":"category-la-hoya","13":"category-la-ribera","14":"category-los-serranos","15":"category-medio-ambiente-la-comarca","16":"category-seccion","17":"category-sucesos-la-comarca","18":"category-ventana","19":"tag-temporal-de-lluvia","20":"tag-temporal-de-viento"},"_links":{"self":[{"href":"https:\/\/www.tucomarca.com\/wordpress\/segunda\/wp-json\/wp\/v2\/posts\/291993","targetHints":{"allow":["GET"]}}],"collection":[{"href":"https:\/\/www.tucomarca.com\/wordpress\/segunda\/wp-json\/wp\/v2\/posts"}],"about":[{"href":"https:\/\/www.tucomarca.com\/wordpress\/segunda\/wp-json\/wp\/v2\/types\/post"}],"author":[{"embeddable":true,"href":"https:\/\/www.tucomarca.com\/wordpress\/segunda\/wp-json\/wp\/v2\/users\/12"}],"replies":[{"embeddable":true,"href":"https:\/\/www.tucomarca.com\/wordpress\/segunda\/wp-json\/wp\/v2\/comments?post=291993"}],"version-history":[{"count":0,"href":"https:\/\/www.tucomarca.com\/wordpress\/segunda\/wp-json\/wp\/v2\/posts\/291993\/revisions"}],"wp:featuredmedia":[{"embeddable":true,"href":"https:\/\/www.tucomarca.com\/wordpress\/segunda\/wp-json\/wp\/v2\/media\/120963"}],"wp:attachment":[{"href":"https:\/\/www.tucomarca.com\/wordpress\/segunda\/wp-json\/wp\/v2\/media?parent=291993"}],"wp:term":[{"taxonomy":"category","embeddable":true,"href":"https:\/\/www.tucomarca.com\/wordpress\/segunda\/wp-json\/wp\/v2\/categories?post=291993"},{"taxonomy":"post_tag","embeddable":true,"href":"https:\/\/www.tucomarca.com\/wordpress\/segunda\/wp-json\/wp\/v2\/tags?post=291993"}],"curies":[{"name":"wp","href":"https:\/\/api.w.org\/{rel}","templated":true}]}}