{"id":292046,"date":"2026-02-03T11:45:00","date_gmt":"2026-02-03T10:45:00","guid":{"rendered":"https:\/\/www.tucomarca.com\/wordpress\/segunda\/?p=292046"},"modified":"2026-02-03T21:20:28","modified_gmt":"2026-02-03T20:20:28","slug":"la-diputacio-aprueba-12-nuevos-proyectos-del-pla-obert-en-la-serrania-y-el-rincon-de-ademuz-con-una-inversion-de-718-000-euros","status":"publish","type":"post","link":"https:\/\/www.tucomarca.com\/wordpress\/segunda\/la-diputacio-aprueba-12-nuevos-proyectos-del-pla-obert-en-la-serrania-y-el-rincon-de-ademuz-con-una-inversion-de-718-000-euros\/","title":{"rendered":"La Diputaci\u00f3 aprueba 12 nuevos proyectos del Pla Obert en la Serran\u00eda y el Rinc\u00f3n de Ademuz con una inversi\u00f3n de 718.000 euros"},"content":{"rendered":"\n<h3 class=\"wp-block-heading\">La corporaci\u00f3n destina medio mill\u00f3n de euros a cuatro proyectos de la Serran\u00eda y 218.000 euros a ocho actuaciones en el Rinc\u00f3n de Ademuz.<\/h3>\n\n\n\n<h3 class=\"wp-block-heading\">Entre las propuestas aprobadas destacan la construcci\u00f3n de una nave que servir\u00e1 para aparcamiento en Dome\u00f1o y la renovaci\u00f3n de parte del alumbrado p\u00fablico en Vallanca.<\/h3>\n\n\n\n<p>La Diputaci\u00f3 de Val\u00e8ncia ha aprobado una nueva resoluci\u00f3n del Pla Obert d\u2019Inversions que autoriza la financiaci\u00f3n de doce nuevos proyectos municipales en las comarcas de la Serran\u00eda y el Rinc\u00f3n de Ademuz, que suponen una inversi\u00f3n global de 718.000 euros. En concreto, el \u00e1rea de Cooperaci\u00f3n que dirige la vicepresidenta Nat\u00e0lia Enguix, coordinadora del plan provincial, ha dado luz verde a cuatro proyectos de tres localidades de la Serran\u00eda, que suman 500.446 euros, y a otras ocho actuaciones en tres municipios del Rinc\u00f3n de Ademuz, con una financiaci\u00f3n de 218.000 euros.<\/p>\n\n\n\n<p>Entre los proyectos validados en el \u00faltimo decreto destaca la construcci\u00f3n de una nueva nave que servir\u00e1 como aparcamiento de veh\u00edculos en la localidad serrana de Dome\u00f1o, una actuaci\u00f3n que contar\u00e1 con 389.000 procedentes de la Diputaci\u00f3n. Tambi\u00e9n en la Serran\u00eda, el Ayuntamiento de Pedralba va a construir una nueva pista de p\u00e1del en el polideportivo municipal, y adem\u00e1s va a renovar el c\u00e9sped de otras dos pistas de p\u00e1del. Por \u00faltimo, y gracias al dinero de la instituci\u00f3n provincial, Chelva va a poder incrementar y mejorar el mobiliario del hogar del jubilado.<\/p>\n\n\n\n<p>En cuanto a las inversiones aprobadas en el Rinc\u00f3n de Ademuz, el municipio de Vallanca acapara un total de cinco nuevos proyectos, entre los que resalta instalaci\u00f3n de una nueva red de alumbrado p\u00fablico en la calle Fuente el Ponce. El ayuntamiento de la localidad tambi\u00e9n recibir\u00e1 financiaci\u00f3n provincial para mejorar la sala multiusos del centro BTT Santer\u00f3n, dotar de equipamiento de cocina a los chiringuitos y adquirir vallas peatonales personalizadas.<\/p>\n\n\n\n<p>Por su parte, Casas Bajas va a llevar a acometer la repavimentaci\u00f3n del Camino del Calvario y del Camino del Pinar, mientras que Ademuz va a adquirir un tractor para tareas de mantenimiento en parques y jardines y para trabajos de gesti\u00f3n forestal.<\/p>\n\n\n\n<p><strong>Nuevo decreto del Pla Obert<\/strong><\/p>\n\n\n\n<p>La Diputaci\u00f3 de Val\u00e8ncia ha aprobado una nueva resoluci\u00f3n del Pla Obert d\u2019Inversions que autoriza la financiaci\u00f3n de 54 proyectos municipales en toda la provincia, con una inversi\u00f3n global de 7.805.114 euros. Con esta aprobaci\u00f3n, el programa, que cuenta con un presupuesto total de 350.000.000 euros, alcanza ya un importe aprobado de 137.098.915 euros repartidos en un total de 926 actuaciones.<\/p>\n\n\n\n<p>El nuevo decreto, impulsado desde el \u00e1rea de Cooperaci\u00f3n Municipal que dirige la vicepresidenta primera, Nat\u00e0lia Enguix, refuerza \u201cel car\u00e1cter abierto, \u00e1gil y flexible del plan, permitiendo a los municipios decidir en qu\u00e9 invertir sus recursos sin esperar a convocatorias ni ajustarse a l\u00edneas cerradas\u201d. La vicepresidenta insiste en que con el Pla Obert \u201ces la Diputaci\u00f3n la que se adapta a los pueblos y no al rev\u00e9s: acompa\u00f1amos con agilidad y recursos para que inversiones como las de la serran\u00eda y el Rinc\u00f3n de Ademuz sean una realidad lo antes posible\u201d.<\/p>\n\n\n\n<p>Por su parte, el presidente de la instituci\u00f3n provincial, Vicent Momp\u00f3, considera que el Pla Obert \u201ces la mejor muestra de que esta Diputaci\u00f3n est\u00e1 al servicio de los municipios, especialmente de los m\u00e1s peque\u00f1os\u201d. A su juicio, el plan \u201cpermite vertebrar nuestro territorio desde la confianza en los ayuntamientos, eliminando trabas y poniendo el foco en lo que de verdad importa: que todos los ciudadanos de la provincia, vivan donde vivan, tengan acceso a unas infraestructuras dignas y de calidad\u201d.<\/p>\n","protected":false},"excerpt":{"rendered":"<div class=\"mh-excerpt\">La corporaci\u00f3n destina medio mill\u00f3n de euros a cuatro proyectos de la Serran\u00eda y 218.000 euros a ocho actuaciones en el Rinc\u00f3n de Ademuz. Entre las propuestas aprobadas destacan la construcci\u00f3n de una nave que <a class=\"mh-excerpt-more\" href=\"https:\/\/www.tucomarca.com\/wordpress\/segunda\/la-diputacio-aprueba-12-nuevos-proyectos-del-pla-obert-en-la-serrania-y-el-rincon-de-ademuz-con-una-inversion-de-718-000-euros\/\" title=\"La Diputaci\u00f3 aprueba 12 nuevos proyectos del Pla Obert en la Serran\u00eda y el Rinc\u00f3n de Ademuz con una inversi\u00f3n de 718.000 euros\">[+] <\/a><\/div>\n","protected":false},"author":12,"featured_media":292047,"comment_status":"open","ping_status":"open","sticky":false,"template":"","format":"standard","meta":{"footnotes":""},"categories":[49,223,225,188,187,128,8,59,117,196,142,3,229,45],"tags":[3912,10400,20261,19987,1318,18824],"class_list":{"0":"post-292046","1":"post","2":"type-post","3":"status-publish","4":"format-standard","5":"has-post-thumbnail","7":"category-ademuz","8":"category-ademuz-ademuz","9":"category-casas-bajas","10":"category-chelva","11":"category-domeno","12":"category-infraestructuras","13":"category-la-comarca","14":"category-los-serranos","15":"category-medio-ambiente-la-comarca","16":"category-pedralba","17":"category-politica-la-comarca","18":"category-seccion","19":"category-vallanca","20":"category-ventana","21":"tag-la-serrania","22":"tag-los-serranos","23":"tag-natalia-enguix","24":"tag-pla-obert-dinversions","25":"tag-rincon-de-ademuz","26":"tag-vicent-mompo"},"_links":{"self":[{"href":"https:\/\/www.tucomarca.com\/wordpress\/segunda\/wp-json\/wp\/v2\/posts\/292046","targetHints":{"allow":["GET"]}}],"collection":[{"href":"https:\/\/www.tucomarca.com\/wordpress\/segunda\/wp-json\/wp\/v2\/posts"}],"about":[{"href":"https:\/\/www.tucomarca.com\/wordpress\/segunda\/wp-json\/wp\/v2\/types\/post"}],"author":[{"embeddable":true,"href":"https:\/\/www.tucomarca.com\/wordpress\/segunda\/wp-json\/wp\/v2\/users\/12"}],"replies":[{"embeddable":true,"href":"https:\/\/www.tucomarca.com\/wordpress\/segunda\/wp-json\/wp\/v2\/comments?post=292046"}],"version-history":[{"count":0,"href":"https:\/\/www.tucomarca.com\/wordpress\/segunda\/wp-json\/wp\/v2\/posts\/292046\/revisions"}],"wp:featuredmedia":[{"embeddable":true,"href":"https:\/\/www.tucomarca.com\/wordpress\/segunda\/wp-json\/wp\/v2\/media\/292047"}],"wp:attachment":[{"href":"https:\/\/www.tucomarca.com\/wordpress\/segunda\/wp-json\/wp\/v2\/media?parent=292046"}],"wp:term":[{"taxonomy":"category","embeddable":true,"href":"https:\/\/www.tucomarca.com\/wordpress\/segunda\/wp-json\/wp\/v2\/categories?post=292046"},{"taxonomy":"post_tag","embeddable":true,"href":"https:\/\/www.tucomarca.com\/wordpress\/segunda\/wp-json\/wp\/v2\/tags?post=292046"}],"curies":[{"name":"wp","href":"https:\/\/api.w.org\/{rel}","templated":true}]}}