{"id":292067,"date":"2026-02-03T09:10:00","date_gmt":"2026-02-03T08:10:00","guid":{"rendered":"https:\/\/www.tucomarca.com\/wordpress\/segunda\/?p=292067"},"modified":"2026-02-04T09:08:16","modified_gmt":"2026-02-04T08:08:16","slug":"la-asociacion-luna-negra-y-el-ayuntamiento-de-alborache-impulsan-el-proyecto-socio-cultural-la-hoya-baila","status":"publish","type":"post","link":"https:\/\/www.tucomarca.com\/wordpress\/segunda\/la-asociacion-luna-negra-y-el-ayuntamiento-de-alborache-impulsan-el-proyecto-socio-cultural-la-hoya-baila\/","title":{"rendered":"La asociaci\u00f3n Luna Negra y el Ayuntamiento de Alborache impulsan el proyecto socio-cultural &#8216;La Hoya Baila&#8217;"},"content":{"rendered":"\n<p>La Asociaci\u00f3n <strong>Luna Negra<\/strong>, en colaboraci\u00f3n con el <strong>Ayuntamiento de Alborache<\/strong>, ha puesto en marcha el proyecto socio-cultural <strong>\u201cLa Hoya Baila\u201d<\/strong>, una iniciativa dirigida a dinamizar la vida social de la comarca y fomentar la convivencia vecinal a trav\u00e9s del baile.<\/p>\n\n\n<div class=\"wp-block-image\">\n<figure class=\"alignleft size-large is-resized\"><img loading=\"lazy\" decoding=\"async\" width=\"724\" height=\"1024\" src=\"https:\/\/www.tucomarca.com\/wordpress\/segunda\/wp-content\/uploads\/2026\/02\/LaHoyaBaila-724x1024.jpg\" alt=\"\" class=\"wp-image-292072\" style=\"width:346px;height:auto\" srcset=\"https:\/\/www.tucomarca.com\/wordpress\/segunda\/wp-content\/uploads\/2026\/02\/LaHoyaBaila-724x1024.jpg 724w, https:\/\/www.tucomarca.com\/wordpress\/segunda\/wp-content\/uploads\/2026\/02\/LaHoyaBaila-212x300.jpg 212w, https:\/\/www.tucomarca.com\/wordpress\/segunda\/wp-content\/uploads\/2026\/02\/LaHoyaBaila-768x1086.jpg 768w, https:\/\/www.tucomarca.com\/wordpress\/segunda\/wp-content\/uploads\/2026\/02\/LaHoyaBaila.jpg 886w\" sizes=\"auto, (max-width: 724px) 100vw, 724px\" \/><\/figure>\n<\/div>\n\n\n<p>Desde la asociaci\u00f3n se invita a participar a vecinos y vecinas de todas las poblaciones de la comarca en este nuevo espacio de encuentro, concebido como una actividad saludable, participativa y abierta a todos los p\u00fablicos. El estreno oficial del proyecto tendr\u00e1 lugar <strong>este s\u00e1bado 7 de febrero<\/strong>, en horario de <strong>19:00 a 20:30 horas<\/strong>, en el <strong>Local Social de Alborache<\/strong>, situado en la <strong>Avenida de la M\u00fasica, 68<\/strong>.<\/p>\n\n\n\n<p>El evento ser\u00e1 <strong>gratuito y de acceso libre<\/strong>, con el objetivo de facilitar la participaci\u00f3n y reforzar los lazos sociales entre los habitantes de los diferentes municipios de la Hoya. Desde la organizaci\u00f3n se ha informado de que no habr\u00e1 servicio de bar, aunque se permitir\u00e1 a los asistentes traer su propia bebida.<\/p>\n\n\n\n<p>Durante la jornada, los participantes podr\u00e1n disfrutar de una <strong>selecci\u00f3n musical en espa\u00f1ol<\/strong>, con estilos variados como <strong>pasodobles, cumbia, bachata, bailes de sal\u00f3n<\/strong>, entre otros, creando un ambiente distendido y festivo.<\/p>\n\n\n\n<p>Con <strong>\u201cLa Hoya Baila\u201d<\/strong>, la Asociaci\u00f3n Luna Negra y el Ayuntamiento de Alborache apuestan por la cultura, la actividad f\u00edsica y la convivencia como herramientas para fortalecer el tejido social de la comarca y ofrecer nuevas alternativas de ocio a la ciudadan\u00eda.<\/p>\n\n\n\n<p>Facebook:&nbsp;<a href=\"https:\/\/www.facebook.com\/LaHoyaBaila\">https:\/\/www.facebook.com\/LaHoyaBaila<\/a><br>Instagram:&nbsp;<a href=\"https:\/\/www.instagram.com\/lahoyabaila\/\">https:\/\/www.instagram.com\/lahoyabaila\/<\/a><br>Para avisos el canal de WhatsApp:&nbsp;<a href=\"https:\/\/whatsapp.com\/channel\/0029VbCb0jKCXC3Rn0Bejt2b\">https:\/\/whatsapp.com\/channel\/0029VbCb0jKCXC3Rn0Bejt2b<\/a>&nbsp;<\/p>\n","protected":false},"excerpt":{"rendered":"<div class=\"mh-excerpt\">La Asociaci\u00f3n Luna Negra, en colaboraci\u00f3n con el Ayuntamiento de Alborache, ha puesto en marcha el proyecto socio-cultural \u201cLa Hoya Baila\u201d, una iniciativa dirigida a dinamizar la vida social de la comarca y fomentar la <a class=\"mh-excerpt-more\" href=\"https:\/\/www.tucomarca.com\/wordpress\/segunda\/la-asociacion-luna-negra-y-el-ayuntamiento-de-alborache-impulsan-el-proyecto-socio-cultural-la-hoya-baila\/\" title=\"La asociaci\u00f3n Luna Negra y el Ayuntamiento de Alborache impulsan el proyecto socio-cultural &#8216;La Hoya Baila&#8217;\">[+] <\/a><\/div>\n","protected":false},"author":12,"featured_media":292075,"comment_status":"open","ping_status":"open","sticky":false,"template":"","format":"standard","meta":{"footnotes":""},"categories":[4,19,8,10,7,3],"tags":[10386,23861,5952],"class_list":{"0":"post-292067","1":"post","2":"type-post","3":"status-publish","4":"format-standard","5":"has-post-thumbnail","7":"category-agenda","8":"category-alborache","9":"category-la-comarca","10":"category-la-hoya","11":"category-ocio-y-cultura","12":"category-seccion","13":"tag-alborache","14":"tag-la-hoya-baila","15":"tag-la-hoya-de-bunol-chiva"},"_links":{"self":[{"href":"https:\/\/www.tucomarca.com\/wordpress\/segunda\/wp-json\/wp\/v2\/posts\/292067","targetHints":{"allow":["GET"]}}],"collection":[{"href":"https:\/\/www.tucomarca.com\/wordpress\/segunda\/wp-json\/wp\/v2\/posts"}],"about":[{"href":"https:\/\/www.tucomarca.com\/wordpress\/segunda\/wp-json\/wp\/v2\/types\/post"}],"author":[{"embeddable":true,"href":"https:\/\/www.tucomarca.com\/wordpress\/segunda\/wp-json\/wp\/v2\/users\/12"}],"replies":[{"embeddable":true,"href":"https:\/\/www.tucomarca.com\/wordpress\/segunda\/wp-json\/wp\/v2\/comments?post=292067"}],"version-history":[{"count":0,"href":"https:\/\/www.tucomarca.com\/wordpress\/segunda\/wp-json\/wp\/v2\/posts\/292067\/revisions"}],"wp:featuredmedia":[{"embeddable":true,"href":"https:\/\/www.tucomarca.com\/wordpress\/segunda\/wp-json\/wp\/v2\/media\/292075"}],"wp:attachment":[{"href":"https:\/\/www.tucomarca.com\/wordpress\/segunda\/wp-json\/wp\/v2\/media?parent=292067"}],"wp:term":[{"taxonomy":"category","embeddable":true,"href":"https:\/\/www.tucomarca.com\/wordpress\/segunda\/wp-json\/wp\/v2\/categories?post=292067"},{"taxonomy":"post_tag","embeddable":true,"href":"https:\/\/www.tucomarca.com\/wordpress\/segunda\/wp-json\/wp\/v2\/tags?post=292067"}],"curies":[{"name":"wp","href":"https:\/\/api.w.org\/{rel}","templated":true}]}}