{"id":292171,"date":"2026-02-04T11:45:00","date_gmt":"2026-02-04T10:45:00","guid":{"rendered":"https:\/\/www.tucomarca.com\/wordpress\/segunda\/?p=292171"},"modified":"2026-02-04T20:44:14","modified_gmt":"2026-02-04T19:44:14","slug":"benaguasil-acoge-la-jornada-de-intercambio-del-programa-europeo-traditions2eu","status":"publish","type":"post","link":"https:\/\/www.tucomarca.com\/wordpress\/segunda\/benaguasil-acoge-la-jornada-de-intercambio-del-programa-europeo-traditions2eu\/","title":{"rendered":"Benaguasil acoge la jornada de intercambio del programa europeo Traditions2EU"},"content":{"rendered":"\n<p>Benaguasil ha sido esta semana sede de la jornada de intercambio del programa europeo Traditions2EU, una iniciativa financiada por la Uni\u00f3n Europea a trav\u00e9s del programa CERV, en la que el municipio participa junto a la entidad Finnova.<\/p>\n\n\n\n<p>El encuentro ha coincidido con la celebraci\u00f3n de San Blas, una de las festividades con mayor arraigo en la localidad, lo que permiti\u00f3 a las personas participantes conocer de primera mano las tradiciones locales. Durante la primera jornada, el grupo asisti\u00f3 al encendido de la hoguera y disfrut\u00f3 de los bailes regionales que se celebran alrededor de esta emblem\u00e1tica cita festiva. Previamente, compartieron un chocolate con dulces tradicionales junto a los vecinos y vecinas de Benaguasil que participaron en la primera fase del proyecto celebrada en Bruselas.<\/p>\n\n\n\n<p>Las actividades continuaron al d\u00eda siguiente con una sesi\u00f3n dedicada a las tradiciones locales y al patrimonio cultural del municipio. En este contexto, se realizaron visitas al Museo de Cer\u00e1mica Valenciana Pepe Escamilla, al Museo Etnol\u00f3gico y a la colecci\u00f3n de bargue\u00f1os del artesano local Luis Carretero, poniendo en valor el legado cultural y artesanal de Benaguasil.<\/p>\n\n\n\n<p>La jornada concluy\u00f3 con un taller pr\u00e1ctico de elaboraci\u00f3n de paella, en el que representantes de la UDP y de las Amas de Casa Tyrius compartieron sus conocimientos culinarios con los participantes, fomentando el intercambio cultural y la convivencia.<\/p>\n\n\n\n<p>El concejal de Proyectos Europeos, Stephane Soriano, particip\u00f3 en la jornada centrada en tradiciones, innovaci\u00f3n y futuro de los proyectos europeos, destacando la importancia de este tipo de iniciativas para reforzar la identidad local dentro del marco europeo. Por su parte, la concejal de Fiestas, Ana Aleixandre, subray\u00f3 que este encuentro supone \u201cuna oportunidad para compartir conocimientos y experiencias, as\u00ed como para dar a conocer nuestras tradiciones m\u00e1s arraigadas\u201d.<\/p>\n\n\n\n<figure class=\"wp-block-gallery has-nested-images columns-default is-cropped wp-block-gallery-1 is-layout-flex wp-block-gallery-is-layout-flex\">\n<figure class=\"wp-block-image size-large\"><img loading=\"lazy\" decoding=\"async\" width=\"1024\" height=\"768\" data-id=\"292177\" src=\"https:\/\/www.tucomarca.com\/wordpress\/segunda\/wp-content\/uploads\/2026\/02\/jornadaBenaguasil-1024x768.jpg\" alt=\"\" class=\"wp-image-292177\" srcset=\"https:\/\/www.tucomarca.com\/wordpress\/segunda\/wp-content\/uploads\/2026\/02\/jornadaBenaguasil-1024x768.jpg 1024w, https:\/\/www.tucomarca.com\/wordpress\/segunda\/wp-content\/uploads\/2026\/02\/jornadaBenaguasil-300x225.jpg 300w, https:\/\/www.tucomarca.com\/wordpress\/segunda\/wp-content\/uploads\/2026\/02\/jornadaBenaguasil-768x576.jpg 768w, https:\/\/www.tucomarca.com\/wordpress\/segunda\/wp-content\/uploads\/2026\/02\/jornadaBenaguasil-1536x1152.jpg 1536w, https:\/\/www.tucomarca.com\/wordpress\/segunda\/wp-content\/uploads\/2026\/02\/jornadaBenaguasil-678x509.jpg 678w, https:\/\/www.tucomarca.com\/wordpress\/segunda\/wp-content\/uploads\/2026\/02\/jornadaBenaguasil-326x245.jpg 326w, https:\/\/www.tucomarca.com\/wordpress\/segunda\/wp-content\/uploads\/2026\/02\/jornadaBenaguasil-80x60.jpg 80w, https:\/\/www.tucomarca.com\/wordpress\/segunda\/wp-content\/uploads\/2026\/02\/jornadaBenaguasil.jpg 1600w\" sizes=\"auto, (max-width: 1024px) 100vw, 1024px\" \/><\/figure>\n\n\n\n<figure class=\"wp-block-image size-large\"><img loading=\"lazy\" decoding=\"async\" width=\"1024\" height=\"768\" data-id=\"292173\" src=\"https:\/\/www.tucomarca.com\/wordpress\/segunda\/wp-content\/uploads\/2026\/02\/BenaguasilMuseoEtnologico-1024x768.jpg\" alt=\"\" class=\"wp-image-292173\" srcset=\"https:\/\/www.tucomarca.com\/wordpress\/segunda\/wp-content\/uploads\/2026\/02\/BenaguasilMuseoEtnologico-1024x768.jpg 1024w, https:\/\/www.tucomarca.com\/wordpress\/segunda\/wp-content\/uploads\/2026\/02\/BenaguasilMuseoEtnologico-300x225.jpg 300w, https:\/\/www.tucomarca.com\/wordpress\/segunda\/wp-content\/uploads\/2026\/02\/BenaguasilMuseoEtnologico-768x576.jpg 768w, https:\/\/www.tucomarca.com\/wordpress\/segunda\/wp-content\/uploads\/2026\/02\/BenaguasilMuseoEtnologico-1536x1152.jpg 1536w, https:\/\/www.tucomarca.com\/wordpress\/segunda\/wp-content\/uploads\/2026\/02\/BenaguasilMuseoEtnologico-678x509.jpg 678w, https:\/\/www.tucomarca.com\/wordpress\/segunda\/wp-content\/uploads\/2026\/02\/BenaguasilMuseoEtnologico-326x245.jpg 326w, https:\/\/www.tucomarca.com\/wordpress\/segunda\/wp-content\/uploads\/2026\/02\/BenaguasilMuseoEtnologico-80x60.jpg 80w, https:\/\/www.tucomarca.com\/wordpress\/segunda\/wp-content\/uploads\/2026\/02\/BenaguasilMuseoEtnologico.jpg 1600w\" sizes=\"auto, (max-width: 1024px) 100vw, 1024px\" \/><\/figure>\n<\/figure>\n","protected":false},"excerpt":{"rendered":"<div class=\"mh-excerpt\">Benaguasil ha sido esta semana sede de la jornada de intercambio del programa europeo Traditions2EU, una iniciativa financiada por la Uni\u00f3n Europea a trav\u00e9s del programa CERV, en la que el municipio participa junto a <a class=\"mh-excerpt-more\" href=\"https:\/\/www.tucomarca.com\/wordpress\/segunda\/benaguasil-acoge-la-jornada-de-intercambio-del-programa-europeo-traditions2eu\/\" title=\"Benaguasil acoge la jornada de intercambio del programa europeo Traditions2EU\">[+] <\/a><\/div>\n","protected":false},"author":12,"featured_media":292179,"comment_status":"open","ping_status":"open","sticky":false,"template":"","format":"gallery","meta":{"footnotes":""},"categories":[172,46,8,7,142,3],"tags":[10429,10395,23868,13966],"class_list":{"0":"post-292171","1":"post","2":"type-post","3":"status-publish","4":"format-gallery","5":"has-post-thumbnail","7":"category-benaguasil","8":"category-camp-de-turia","9":"category-la-comarca","10":"category-ocio-y-cultura","11":"category-politica-la-comarca","12":"category-seccion","13":"tag-benaguasil","14":"tag-camp-de-turia","15":"tag-programa-europeo-traditions2eu","16":"tag-stephane-soriano","17":"post_format-post-format-gallery"},"_links":{"self":[{"href":"https:\/\/www.tucomarca.com\/wordpress\/segunda\/wp-json\/wp\/v2\/posts\/292171","targetHints":{"allow":["GET"]}}],"collection":[{"href":"https:\/\/www.tucomarca.com\/wordpress\/segunda\/wp-json\/wp\/v2\/posts"}],"about":[{"href":"https:\/\/www.tucomarca.com\/wordpress\/segunda\/wp-json\/wp\/v2\/types\/post"}],"author":[{"embeddable":true,"href":"https:\/\/www.tucomarca.com\/wordpress\/segunda\/wp-json\/wp\/v2\/users\/12"}],"replies":[{"embeddable":true,"href":"https:\/\/www.tucomarca.com\/wordpress\/segunda\/wp-json\/wp\/v2\/comments?post=292171"}],"version-history":[{"count":0,"href":"https:\/\/www.tucomarca.com\/wordpress\/segunda\/wp-json\/wp\/v2\/posts\/292171\/revisions"}],"wp:featuredmedia":[{"embeddable":true,"href":"https:\/\/www.tucomarca.com\/wordpress\/segunda\/wp-json\/wp\/v2\/media\/292179"}],"wp:attachment":[{"href":"https:\/\/www.tucomarca.com\/wordpress\/segunda\/wp-json\/wp\/v2\/media?parent=292171"}],"wp:term":[{"taxonomy":"category","embeddable":true,"href":"https:\/\/www.tucomarca.com\/wordpress\/segunda\/wp-json\/wp\/v2\/categories?post=292171"},{"taxonomy":"post_tag","embeddable":true,"href":"https:\/\/www.tucomarca.com\/wordpress\/segunda\/wp-json\/wp\/v2\/tags?post=292171"}],"curies":[{"name":"wp","href":"https:\/\/api.w.org\/{rel}","templated":true}]}}