{"id":292213,"date":"2026-02-04T12:30:00","date_gmt":"2026-02-04T11:30:00","guid":{"rendered":"https:\/\/www.tucomarca.com\/wordpress\/segunda\/?p=292213"},"modified":"2026-02-04T20:58:21","modified_gmt":"2026-02-04T19:58:21","slug":"perez-llorca-resalta-el-liderazgo-del-sector-agroalimentario-valenciano-con-un-record-de-exportaciones-de-mas-de-10-000-millones-en-2025","status":"publish","type":"post","link":"https:\/\/www.tucomarca.com\/wordpress\/segunda\/perez-llorca-resalta-el-liderazgo-del-sector-agroalimentario-valenciano-con-un-record-de-exportaciones-de-mas-de-10-000-millones-en-2025\/","title":{"rendered":"P\u00e9rez Llorca resalta el liderazgo del sector agroalimentario valenciano con un r\u00e9cord de exportaciones de m\u00e1s de 10.000 millones en 2025"},"content":{"rendered":"\n<h3 class=\"wp-block-heading\">La industria agroalimentaria valenciana encabeza la contribuci\u00f3n a la balanza comercial exterior de la Comunitat Valenciana con un saldo de m\u00e1s de 2.905 millones de euros.<\/h3>\n\n\n\n<h3 class=\"wp-block-heading\">El jefe del Ejecutivo valenciano subraya los cerca de 60 millones de euros anuales que se destinan a la industria agroalimentaria valenciana para ayudar en su modernizaci\u00f3n, digitalizaci\u00f3n e internacionalizaci\u00f3n.<\/h3>\n\n\n\n<h3 class=\"wp-block-heading\">El president destaca\u00a0el apoyo del Gobierno valenciano al sector primario frente a la PAC, Mercosur, la competencia desleal de terceros pa\u00edses o el cambio de h\u00e1bitos de consumo y pide una mayor implicaci\u00f3n del Gobierno de Espa\u00f1a en los controles de las importaciones.<\/h3>\n\n\n\n<h3 class=\"wp-block-heading\">El jefe del Consell valora\u00a0las pol\u00edticas de la Conselleria de Agricultura en materia de fiscalidad como el de la transmisi\u00f3n de la tierra entre padres e hijos, as\u00ed como la \u201cb\u00fasqueda de impuestos cero\u201d en materia agraria \u201cpara evitar la extinci\u00f3n del campo valenciano\u201d.<\/h3>\n\n\n\n<h3 class=\"wp-block-heading\">P\u00e9rez Llorca se re\u00fane el primer d\u00eda de Fruit Logistica con los responsables de empresas de la industria agroalimentaria presentes en este certamen, uno de los m\u00e1s importantes del mundo.<\/h3>\n\n\n\n<p>El president de la Generalitat, Juanfran P\u00e9rez Llorca, ha destacado el liderazgo del sector agroalimentario de la Comunitat Valenciana, tras romper el r\u00e9cord de exportaciones en 2025, al alcanzar los 10.197 millones de euros en ventas, gracias a la inversi\u00f3n, apertura de mercados y apuesta por la competitividad e innovaci\u00f3n.<\/p>\n\n\n\n<p>As\u00ed lo ha puesto de manifiesto, tras la reuni\u00f3n que ha mantenido el president, acompa\u00f1ado del conseller de Agricultura, Agua, Ganader\u00eda y Pesca, Miguel Barrachina, con representantes de las principales empresas exportadoras presentes en el estand de la Generalitat Valenciana, en el que han tratado la situaci\u00f3n de los mercados actuales, la exportaci\u00f3n de productos, los retos que vislumbra el sector, as\u00ed como el apoyo que ofrece el Consell, entre otros temas.<\/p>\n\n\n\n<p>\u201cEstas empresas son un buen ejemplo de la potencia y el prestigio de nuestro tejido empresarial que ha conseguido que su sector sea el que m\u00e1s contribuye a la balanza comercial exterior de la Comunitat con un saldo de 2.905 millones de euros\u201d, ha precisado P\u00e9rez Llorca, tras el recorrido que ha realizado por los estands de las compa\u00f1\u00edas valencianas presentes en esta feria.<\/p>\n\n\n\n<p>El president ha subrayado que \u201cesta voluntad se refleja en los casi 60 millones de euros que, cada a\u00f1o, canalizamos en distintas l\u00edneas de subvenciones a la industria agroalimentaria valenciana para ayudar en su modernizaci\u00f3n, digitalizaci\u00f3n y, por supuesto, internacionalizaci\u00f3n\u201d.<\/p>\n\n\n\n<p>No se puede olvidar que la agricultura mediterr\u00e1nea, a su juicio, \u201csigue siendo la m\u00e1s rentable de Europa a pesar de ser la que menos ayudas p\u00fablicas recibe, el 18% frente a m\u00e1s del 30% de la agricultura continental centroeuropea\u201d.<\/p>\n\n\n\n<figure class=\"wp-block-gallery has-nested-images columns-2 is-cropped wp-block-gallery-1 is-layout-flex wp-block-gallery-is-layout-flex\">\n<figure class=\"wp-block-image size-large\"><img loading=\"lazy\" decoding=\"async\" width=\"1024\" height=\"691\" data-id=\"292215\" src=\"https:\/\/www.tucomarca.com\/wordpress\/segunda\/wp-content\/uploads\/2026\/02\/GVA_FRUIT1-17-1024x691.jpg\" alt=\"\" class=\"wp-image-292215\" srcset=\"https:\/\/www.tucomarca.com\/wordpress\/segunda\/wp-content\/uploads\/2026\/02\/GVA_FRUIT1-17-1024x691.jpg 1024w, https:\/\/www.tucomarca.com\/wordpress\/segunda\/wp-content\/uploads\/2026\/02\/GVA_FRUIT1-17-300x202.jpg 300w, https:\/\/www.tucomarca.com\/wordpress\/segunda\/wp-content\/uploads\/2026\/02\/GVA_FRUIT1-17-768x518.jpg 768w, https:\/\/www.tucomarca.com\/wordpress\/segunda\/wp-content\/uploads\/2026\/02\/GVA_FRUIT1-17.jpg 1181w\" sizes=\"auto, (max-width: 1024px) 100vw, 1024px\" \/><\/figure>\n\n\n\n<figure class=\"wp-block-image size-large\"><img loading=\"lazy\" decoding=\"async\" width=\"1024\" height=\"691\" data-id=\"292221\" src=\"https:\/\/www.tucomarca.com\/wordpress\/segunda\/wp-content\/uploads\/2026\/02\/GVA_FRUIT1-2-1024x691.jpg\" alt=\"\" class=\"wp-image-292221\" srcset=\"https:\/\/www.tucomarca.com\/wordpress\/segunda\/wp-content\/uploads\/2026\/02\/GVA_FRUIT1-2-1024x691.jpg 1024w, https:\/\/www.tucomarca.com\/wordpress\/segunda\/wp-content\/uploads\/2026\/02\/GVA_FRUIT1-2-300x202.jpg 300w, https:\/\/www.tucomarca.com\/wordpress\/segunda\/wp-content\/uploads\/2026\/02\/GVA_FRUIT1-2-768x518.jpg 768w, https:\/\/www.tucomarca.com\/wordpress\/segunda\/wp-content\/uploads\/2026\/02\/GVA_FRUIT1-2.jpg 1181w\" sizes=\"auto, (max-width: 1024px) 100vw, 1024px\" \/><\/figure>\n\n\n\n<figure class=\"wp-block-image size-large\"><img loading=\"lazy\" decoding=\"async\" width=\"1024\" height=\"691\" data-id=\"292219\" src=\"https:\/\/www.tucomarca.com\/wordpress\/segunda\/wp-content\/uploads\/2026\/02\/GVA_FRUIT-35-1024x691.jpg\" alt=\"\" class=\"wp-image-292219\" srcset=\"https:\/\/www.tucomarca.com\/wordpress\/segunda\/wp-content\/uploads\/2026\/02\/GVA_FRUIT-35-1024x691.jpg 1024w, https:\/\/www.tucomarca.com\/wordpress\/segunda\/wp-content\/uploads\/2026\/02\/GVA_FRUIT-35-300x202.jpg 300w, https:\/\/www.tucomarca.com\/wordpress\/segunda\/wp-content\/uploads\/2026\/02\/GVA_FRUIT-35-768x518.jpg 768w, https:\/\/www.tucomarca.com\/wordpress\/segunda\/wp-content\/uploads\/2026\/02\/GVA_FRUIT-35.jpg 1181w\" sizes=\"auto, (max-width: 1024px) 100vw, 1024px\" \/><\/figure>\n<\/figure>\n\n\n\n<p><strong>Retos de futuro como la PAC, Mercosur y la competencia desleal<\/strong><\/p>\n\n\n\n<p>Entre los principales retos a los que se enfrenta el sector primario de la Comunitat Valenciana, P\u00e9rez Llorca ha se\u00f1alado a la Pol\u00edtica Agraria Com\u00fan europea que \u201cno es sensible a las caracter\u00edsticas mediterr\u00e1neas, la competencia desleal de terceros pa\u00edses o el cambio de los h\u00e1bitos de consumo\u201d.<\/p>\n\n\n\n<p>Al respecto, el jefe del Consell ha asegurado que \u00absiempre defenderemos al sector primario exigiendo la activaci\u00f3n de las cl\u00e1usulas de salvaguarda autom\u00e1ticas que introduce garant\u00edas reales para el sector primario espa\u00f1ol antes de la ratificaci\u00f3n del Tratado de Mercosur\u00bb.<\/p>\n\n\n\n<p>\u201cQueremos que el Gobierno de Espa\u00f1a est\u00e9 mucho m\u00e1s comprometido en controlar que los productos que vienen de otros pa\u00edses cumplan las mismas reglas, las mismas normas. Que cumplan las mismas exigencias que tienen los productos valencianos\u201d, ha matizado el jefe del Consell.<\/p>\n\n\n\n<p><br><strong>Abandono de las tierras de cultivo y bajada de impuestos<\/strong><\/p>\n\n\n\n<p>Cuestionado por el abandono que est\u00e1 sufriendo el campo valenciano, P\u00e9rez Llorca ha respaldado las pol\u00edticas que se llevan a cabo desde la Conselleria de Agricultura, Agua, Ganader\u00eda y Pesca, \u201cpara que la agricultura de nuestra Comunitat no se extinga\u201d.<\/p>\n\n\n\n<p>Igualmente, ha precisado que \u201ctransmitir las tierras, entre padres e hijos cuesta menos impuestos en la Comunidad Valenciana en comparaci\u00f3n con otras comunidades aut\u00f3nomas\u201d y ha a\u00f1adido que \u201ctenemos que llegar a los impuestos cero en materia de agricultura, ya que es una forma de incentivar que el campo no se pierda y su producci\u00f3n llegue al mercado, para que nuestros exportadores y productores tengan a\u00fan m\u00e1s peso en Europa\u201d.<\/p>\n\n\n\n<p>En esta l\u00ednea, ha afirmado que la Comunitat Valenciana ha bajado impuestos y ha aumentado la recaudaci\u00f3n y ha agregado que \u201csomos una Comunitat que ha bajado mucho el desempleo. Uno de cada dos j\u00f3venes en Espa\u00f1a trabaja en nuestra tierra\u201d.<\/p>\n\n\n\n<p>Finalmente, el jefe del Ejecutivo valenciano ha recalcado que todas las empresas que est\u00e1n en la feria, una de las m\u00e1s importantes del mundo \u201csaben que cuentan con todo el apoyo de la Generalitat que pone a su disposici\u00f3n, aqu\u00ed en Berl\u00edn, todo lo necesario para maximizar sus oportunidades de negocio\u201d.<\/p>\n","protected":false},"excerpt":{"rendered":"<div class=\"mh-excerpt\">La industria agroalimentaria valenciana encabeza la contribuci\u00f3n a la balanza comercial exterior de la Comunitat Valenciana con un saldo de m\u00e1s de 2.905 millones de euros. El jefe del Ejecutivo valenciano subraya los cerca de <a class=\"mh-excerpt-more\" href=\"https:\/\/www.tucomarca.com\/wordpress\/segunda\/perez-llorca-resalta-el-liderazgo-del-sector-agroalimentario-valenciano-con-un-record-de-exportaciones-de-mas-de-10-000-millones-en-2025\/\" title=\"P\u00e9rez Llorca resalta el liderazgo del sector agroalimentario valenciano con un r\u00e9cord de exportaciones de m\u00e1s de 10.000 millones en 2025\">[+] <\/a><\/div>\n","protected":false},"author":12,"featured_media":292217,"comment_status":"open","ping_status":"open","sticky":false,"template":"","format":"gallery","meta":{"footnotes":""},"categories":[169,128,8,72,142,3,45],"tags":[23876,10716,23465,23875],"class_list":{"0":"post-292213","1":"post","2":"type-post","3":"status-publish","4":"format-gallery","5":"has-post-thumbnail","7":"category-agricultura-la-comarca","8":"category-infraestructuras","9":"category-la-comarca","10":"category-sin-categorizar","11":"category-politica-la-comarca","12":"category-seccion","13":"category-ventana","14":"tag-fruit-logistica","15":"tag-generalitat-valenciana","16":"tag-juanfran-perez-llorca","17":"tag-sector-agroalimentario","18":"post_format-post-format-gallery"},"_links":{"self":[{"href":"https:\/\/www.tucomarca.com\/wordpress\/segunda\/wp-json\/wp\/v2\/posts\/292213","targetHints":{"allow":["GET"]}}],"collection":[{"href":"https:\/\/www.tucomarca.com\/wordpress\/segunda\/wp-json\/wp\/v2\/posts"}],"about":[{"href":"https:\/\/www.tucomarca.com\/wordpress\/segunda\/wp-json\/wp\/v2\/types\/post"}],"author":[{"embeddable":true,"href":"https:\/\/www.tucomarca.com\/wordpress\/segunda\/wp-json\/wp\/v2\/users\/12"}],"replies":[{"embeddable":true,"href":"https:\/\/www.tucomarca.com\/wordpress\/segunda\/wp-json\/wp\/v2\/comments?post=292213"}],"version-history":[{"count":0,"href":"https:\/\/www.tucomarca.com\/wordpress\/segunda\/wp-json\/wp\/v2\/posts\/292213\/revisions"}],"wp:featuredmedia":[{"embeddable":true,"href":"https:\/\/www.tucomarca.com\/wordpress\/segunda\/wp-json\/wp\/v2\/media\/292217"}],"wp:attachment":[{"href":"https:\/\/www.tucomarca.com\/wordpress\/segunda\/wp-json\/wp\/v2\/media?parent=292213"}],"wp:term":[{"taxonomy":"category","embeddable":true,"href":"https:\/\/www.tucomarca.com\/wordpress\/segunda\/wp-json\/wp\/v2\/categories?post=292213"},{"taxonomy":"post_tag","embeddable":true,"href":"https:\/\/www.tucomarca.com\/wordpress\/segunda\/wp-json\/wp\/v2\/tags?post=292213"}],"curies":[{"name":"wp","href":"https:\/\/api.w.org\/{rel}","templated":true}]}}