{"id":292273,"date":"2026-02-05T11:15:00","date_gmt":"2026-02-05T10:15:00","guid":{"rendered":"https:\/\/www.tucomarca.com\/wordpress\/segunda\/?p=292273"},"modified":"2026-02-05T21:04:58","modified_gmt":"2026-02-05T20:04:58","slug":"el-pleno-de-cheste-da-su-apoyo-a-la-plantilla-del-centro-de-salud-en-su-demanda-de-personal-y-calidad-asistencial","status":"publish","type":"post","link":"https:\/\/www.tucomarca.com\/wordpress\/segunda\/el-pleno-de-cheste-da-su-apoyo-a-la-plantilla-del-centro-de-salud-en-su-demanda-de-personal-y-calidad-asistencial\/","title":{"rendered":"El pleno de Cheste da su apoyo a la plantilla del Centro de Salud en su demanda de personal y calidad asistencial\u200b"},"content":{"rendered":"\n<h3 class=\"wp-block-heading\">La moci\u00f3n, presentada por la concejala de Sanidad M\u00aa \u00c1ngeles Llorente a instancias de la plantilla del centro, reclama una reuni\u00f3n urgente con la Gestora del Departamento de Manises y con la Direcci\u00f3n General de Atenci\u00f3n Primaria.<\/h3>\n\n\n\n<h3 class=\"wp-block-heading\">La solicitud se fundamenta en \u201ccriterios de seguridad del paciente, calidad asistencial y condiciones m\u00ednimas de ejercicio profesional\u201d.<\/h3>\n\n\n\n<p>El Ayuntamiento de Cheste aprob\u00f3 por unanimidad, en el pleno ordinario del mes de enero celebrado el pasado 29 de enero, una moci\u00f3n de apoyo a las demandas de la plantilla del Centro de Atenci\u00f3n Primaria del municipio, orientadas a reforzar el personal y garantizar una mejor calidad asistencial. La propuesta fue presentada por la teniente de alcalde y concejala de Sanidad, M\u00aa \u00c1ngeles Llorente Cort\u00e9s, a instancias de la plantilla del Centro de Salud.<\/p>\n\n\n\n<p>En la exposici\u00f3n de motivos, Llorente record\u00f3 el informe registrado en el Ayuntamiento el pasado 15 de enero y firmado por profesionales del Centro de Atenci\u00f3n Primaria de Cheste, en el que se alerta de la falta de personal y de sus graves consecuencias sobre el servicio de urgencias y la atenci\u00f3n a pacientes en general. \u201cA la vista del informe presentado por registro de entrada en el Ayuntamiento de Cheste, firmado por profesionales sanitarios del Centro de Atenci\u00f3n Primaria, consideramos imprescindible dar una respuesta institucional clara y firme\u201d, se\u00f1al\u00f3 la edil.\u200b<\/p>\n\n\n\n<p>La responsable de Sanidad tambi\u00e9n hizo referencia a las informaciones difundidas en prensa y por distintas organizaciones sindicales. \u201cLas noticias sobre saturaci\u00f3n de urgencias por falta de personal, la necesidad de una reestructuraci\u00f3n de plantillas, la precariedad de espacios y la inestabilidad en la gesti\u00f3n, nos preocupan profundamente porque repercuten directamente en la atenci\u00f3n que reciben nuestros pacientes\u201d, destac\u00f3 M\u00aa \u00c1ngeles Llorente.<\/p>\n\n\n\n<p>A partir de este diagn\u00f3stico, la moci\u00f3n recoge como primer acuerdo la solicitud de una reuni\u00f3n urgente con la Gestora del Departamento de Manises y con la Direcci\u00f3n General de Atenci\u00f3n Primaria, en la que participen el alcalde de Cheste, la concejala de Sanidad, el coordinador del Centro de Atenci\u00f3n Primaria y un\/a m\u00e9dico\/a de atenci\u00f3n continuada. El objetivo de este encuentro es buscar una soluci\u00f3n estable y satisfactoria al problema de recursos humanos en el centro de salud, garantizando una atenci\u00f3n de calidad a la ciudadan\u00eda chestana.\u200b Tal como se recoge en la moci\u00f3n. \u201cla solicitud se fundamenta en criterios de seguridad del paciente, calidad asistencial y condiciones m\u00ednimas de ejercicio profesional\u201d.<\/p>\n\n\n\n<p>Asimismo, el texto insta a revisar las derivaciones a especialidades de la poblaci\u00f3n de Cheste, con el fin de facilitar los desplazamientos e incrementar el transporte p\u00fablico disponible para las personas usuarias. La corporaci\u00f3n tambi\u00e9n solicita informaci\u00f3n detallada sobre las deficiencias de atenci\u00f3n en las urgencias del Hospital de Manises y sobre las medidas que se est\u00e1n adoptando o se van a adoptar para corregirlas.\u200b<\/p>\n\n\n\n<p>La corporaci\u00f3n chestana traslada as\u00ed su apoyo expl\u00edcito a las reclamaciones del personal del Centro de Salud de Cheste y exige a la Generalitat Valenciana respuestas \u00e1giles y eficaces.<\/p>\n","protected":false},"excerpt":{"rendered":"<div class=\"mh-excerpt\">La moci\u00f3n, presentada por la concejala de Sanidad M\u00aa \u00c1ngeles Llorente a instancias de la plantilla del centro, reclama una reuni\u00f3n urgente con la Gestora del Departamento de Manises y con la Direcci\u00f3n General de <a class=\"mh-excerpt-more\" href=\"https:\/\/www.tucomarca.com\/wordpress\/segunda\/el-pleno-de-cheste-da-su-apoyo-a-la-plantilla-del-centro-de-salud-en-su-demanda-de-personal-y-calidad-asistencial\/\" title=\"El pleno de Cheste da su apoyo a la plantilla del Centro de Salud en su demanda de personal y calidad asistencial\u200b\">[+] <\/a><\/div>\n","protected":false},"author":12,"featured_media":292277,"comment_status":"open","ping_status":"open","sticky":false,"template":"","format":"standard","meta":{"footnotes":""},"categories":[119,17,128,8,10,142,3],"tags":[12523,339,5952],"class_list":{"0":"post-292273","1":"post","2":"type-post","3":"status-publish","4":"format-standard","5":"has-post-thumbnail","7":"category-sanidad-la-comarca","8":"category-cheste","9":"category-infraestructuras","10":"category-la-comarca","11":"category-la-hoya","12":"category-politica-la-comarca","13":"category-seccion","14":"tag-centro-de-salud-de-cheste","15":"tag-cheste-2","16":"tag-la-hoya-de-bunol-chiva"},"_links":{"self":[{"href":"https:\/\/www.tucomarca.com\/wordpress\/segunda\/wp-json\/wp\/v2\/posts\/292273","targetHints":{"allow":["GET"]}}],"collection":[{"href":"https:\/\/www.tucomarca.com\/wordpress\/segunda\/wp-json\/wp\/v2\/posts"}],"about":[{"href":"https:\/\/www.tucomarca.com\/wordpress\/segunda\/wp-json\/wp\/v2\/types\/post"}],"author":[{"embeddable":true,"href":"https:\/\/www.tucomarca.com\/wordpress\/segunda\/wp-json\/wp\/v2\/users\/12"}],"replies":[{"embeddable":true,"href":"https:\/\/www.tucomarca.com\/wordpress\/segunda\/wp-json\/wp\/v2\/comments?post=292273"}],"version-history":[{"count":0,"href":"https:\/\/www.tucomarca.com\/wordpress\/segunda\/wp-json\/wp\/v2\/posts\/292273\/revisions"}],"wp:featuredmedia":[{"embeddable":true,"href":"https:\/\/www.tucomarca.com\/wordpress\/segunda\/wp-json\/wp\/v2\/media\/292277"}],"wp:attachment":[{"href":"https:\/\/www.tucomarca.com\/wordpress\/segunda\/wp-json\/wp\/v2\/media?parent=292273"}],"wp:term":[{"taxonomy":"category","embeddable":true,"href":"https:\/\/www.tucomarca.com\/wordpress\/segunda\/wp-json\/wp\/v2\/categories?post=292273"},{"taxonomy":"post_tag","embeddable":true,"href":"https:\/\/www.tucomarca.com\/wordpress\/segunda\/wp-json\/wp\/v2\/tags?post=292273"}],"curies":[{"name":"wp","href":"https:\/\/api.w.org\/{rel}","templated":true}]}}