{"id":292361,"date":"2026-02-06T12:00:00","date_gmt":"2026-02-06T11:00:00","guid":{"rendered":"https:\/\/www.tucomarca.com\/wordpress\/segunda\/?p=292361"},"modified":"2026-02-06T20:25:44","modified_gmt":"2026-02-06T19:25:44","slug":"los-bomberos-sofocan-un-incendio-en-una-granja-de-llombai","status":"publish","type":"post","link":"https:\/\/www.tucomarca.com\/wordpress\/segunda\/los-bomberos-sofocan-un-incendio-en-una-granja-de-llombai\/","title":{"rendered":"Los bomberos sofocan un incendio en una granja de Llombai"},"content":{"rendered":"\n<p>El Consorcio Provincial de Bomberos de Valencia ha actuado en la extinci\u00f3n de un incendio declarado este jueves en una granja del t\u00e9rmino municipal de Llombai. El fuego afecta a las instalaciones de la explotaci\u00f3n, concretamente a la zona de almac\u00e9n de huevos y a un \u00e1rea exterior donde se almacenaban pal\u00e9s.<\/p>\n\n\n\n<p>Hasta el lugar del suceso se han desplazado cuatro dotaciones de bomberos y tres unidades de mando del Consorcio Provincial de Bomberos de Valencia, adem\u00e1s de dos unidades de Bomberos Forestales de la Generalitat, dada la proximidad de vegetaci\u00f3n en el entorno.<\/p>\n\n\n\n<p>Gracias a la r\u00e1pida intervenci\u00f3n de los efectivos, se ha logrado contener el avance del incendio y evitar su propagaci\u00f3n a la masa vegetal cercana. En estos momentos, los trabajos contin\u00faan para asegurar la zona y proceder a la completa extinci\u00f3n del fuego.<\/p>\n\n\n\n<figure class=\"wp-block-gallery has-nested-images columns-default is-cropped wp-block-gallery-1 is-layout-flex wp-block-gallery-is-layout-flex\">\n<figure class=\"wp-block-image size-large\"><img loading=\"lazy\" decoding=\"async\" width=\"1024\" height=\"576\" data-id=\"292363\" src=\"https:\/\/www.tucomarca.com\/wordpress\/segunda\/wp-content\/uploads\/2026\/02\/HAat8T0XsAABWAL-1024x576.jpeg\" alt=\"\" class=\"wp-image-292363\" srcset=\"https:\/\/www.tucomarca.com\/wordpress\/segunda\/wp-content\/uploads\/2026\/02\/HAat8T0XsAABWAL-1024x576.jpeg 1024w, https:\/\/www.tucomarca.com\/wordpress\/segunda\/wp-content\/uploads\/2026\/02\/HAat8T0XsAABWAL-300x169.jpeg 300w, https:\/\/www.tucomarca.com\/wordpress\/segunda\/wp-content\/uploads\/2026\/02\/HAat8T0XsAABWAL-768x432.jpeg 768w, https:\/\/www.tucomarca.com\/wordpress\/segunda\/wp-content\/uploads\/2026\/02\/HAat8T0XsAABWAL-1536x863.jpeg 1536w, https:\/\/www.tucomarca.com\/wordpress\/segunda\/wp-content\/uploads\/2026\/02\/HAat8T0XsAABWAL-2048x1151.jpeg 2048w, https:\/\/www.tucomarca.com\/wordpress\/segunda\/wp-content\/uploads\/2026\/02\/HAat8T0XsAABWAL-678x381.jpeg 678w\" sizes=\"auto, (max-width: 1024px) 100vw, 1024px\" \/><\/figure>\n\n\n\n<figure class=\"wp-block-image size-large\"><img loading=\"lazy\" decoding=\"async\" width=\"1024\" height=\"576\" data-id=\"292364\" src=\"https:\/\/www.tucomarca.com\/wordpress\/segunda\/wp-content\/uploads\/2026\/02\/HAat8T4XoAAUz4Z-1024x576.jpeg\" alt=\"\" class=\"wp-image-292364\" srcset=\"https:\/\/www.tucomarca.com\/wordpress\/segunda\/wp-content\/uploads\/2026\/02\/HAat8T4XoAAUz4Z-1024x576.jpeg 1024w, https:\/\/www.tucomarca.com\/wordpress\/segunda\/wp-content\/uploads\/2026\/02\/HAat8T4XoAAUz4Z-300x169.jpeg 300w, https:\/\/www.tucomarca.com\/wordpress\/segunda\/wp-content\/uploads\/2026\/02\/HAat8T4XoAAUz4Z-768x432.jpeg 768w, https:\/\/www.tucomarca.com\/wordpress\/segunda\/wp-content\/uploads\/2026\/02\/HAat8T4XoAAUz4Z-1536x863.jpeg 1536w, https:\/\/www.tucomarca.com\/wordpress\/segunda\/wp-content\/uploads\/2026\/02\/HAat8T4XoAAUz4Z-2048x1151.jpeg 2048w, https:\/\/www.tucomarca.com\/wordpress\/segunda\/wp-content\/uploads\/2026\/02\/HAat8T4XoAAUz4Z-678x381.jpeg 678w\" sizes=\"auto, (max-width: 1024px) 100vw, 1024px\" \/><\/figure>\n<\/figure>\n","protected":false},"excerpt":{"rendered":"<div class=\"mh-excerpt\">El Consorcio Provincial de Bomberos de Valencia ha actuado en la extinci\u00f3n de un incendio declarado este jueves en una granja del t\u00e9rmino municipal de Llombai. El fuego afecta a las instalaciones de la explotaci\u00f3n, <a class=\"mh-excerpt-more\" href=\"https:\/\/www.tucomarca.com\/wordpress\/segunda\/los-bomberos-sofocan-un-incendio-en-una-granja-de-llombai\/\" title=\"Los bomberos sofocan un incendio en una granja de Llombai\">[+] <\/a><\/div>\n","protected":false},"author":12,"featured_media":292368,"comment_status":"open","ping_status":"open","sticky":false,"template":"","format":"gallery","meta":{"footnotes":""},"categories":[8,42,97,3,116,45],"tags":[20508,10408,1407],"class_list":{"0":"post-292361","1":"post","2":"type-post","3":"status-publish","4":"format-gallery","5":"has-post-thumbnail","7":"category-la-comarca","8":"category-la-ribera","9":"category-llombai","10":"category-seccion","11":"category-sucesos-la-comarca","12":"category-ventana","13":"tag-consorcio-de-bomberos-de-valencia","14":"tag-llombai","15":"tag-ribera-alta","16":"post_format-post-format-gallery"},"_links":{"self":[{"href":"https:\/\/www.tucomarca.com\/wordpress\/segunda\/wp-json\/wp\/v2\/posts\/292361","targetHints":{"allow":["GET"]}}],"collection":[{"href":"https:\/\/www.tucomarca.com\/wordpress\/segunda\/wp-json\/wp\/v2\/posts"}],"about":[{"href":"https:\/\/www.tucomarca.com\/wordpress\/segunda\/wp-json\/wp\/v2\/types\/post"}],"author":[{"embeddable":true,"href":"https:\/\/www.tucomarca.com\/wordpress\/segunda\/wp-json\/wp\/v2\/users\/12"}],"replies":[{"embeddable":true,"href":"https:\/\/www.tucomarca.com\/wordpress\/segunda\/wp-json\/wp\/v2\/comments?post=292361"}],"version-history":[{"count":0,"href":"https:\/\/www.tucomarca.com\/wordpress\/segunda\/wp-json\/wp\/v2\/posts\/292361\/revisions"}],"wp:featuredmedia":[{"embeddable":true,"href":"https:\/\/www.tucomarca.com\/wordpress\/segunda\/wp-json\/wp\/v2\/media\/292368"}],"wp:attachment":[{"href":"https:\/\/www.tucomarca.com\/wordpress\/segunda\/wp-json\/wp\/v2\/media?parent=292361"}],"wp:term":[{"taxonomy":"category","embeddable":true,"href":"https:\/\/www.tucomarca.com\/wordpress\/segunda\/wp-json\/wp\/v2\/categories?post=292361"},{"taxonomy":"post_tag","embeddable":true,"href":"https:\/\/www.tucomarca.com\/wordpress\/segunda\/wp-json\/wp\/v2\/tags?post=292361"}],"curies":[{"name":"wp","href":"https:\/\/api.w.org\/{rel}","templated":true}]}}