{"id":292405,"date":"2026-02-06T09:00:00","date_gmt":"2026-02-06T08:00:00","guid":{"rendered":"https:\/\/www.tucomarca.com\/wordpress\/segunda\/?p=292405"},"modified":"2026-02-06T21:55:09","modified_gmt":"2026-02-06T20:55:09","slug":"millares-celebra-este-sabado-la-festividad-de-su-patron-san-blas-2","status":"publish","type":"post","link":"https:\/\/www.tucomarca.com\/wordpress\/segunda\/millares-celebra-este-sabado-la-festividad-de-su-patron-san-blas-2\/","title":{"rendered":"Millares celebra este s\u00e1bado la festividad de su patr\u00f3n, San Blas"},"content":{"rendered":"\n<p>El municipio de Millares celebra este s\u00e1bado 7 de febrero de 2026 la festividad de San Blas, patr\u00f3n de la localidad, con una jornada de actos tradicionales organizados por el Ayuntamiento de Millares.<\/p>\n\n\n\n<p>La programaci\u00f3n dar\u00e1 comienzo a las 12,30 horas con el disparo de las tradicionales salvas en honor a San Blas. A continuaci\u00f3n, tendr\u00e1 lugar una degustaci\u00f3n de productos t\u00edpicos en el CIM, ofreciendo a vecinos y visitantes la oportunidad de disfrutar de la gastronom\u00eda local.<\/p>\n\n\n\n<p>Por la tarde, a las 19,00 horas, se celebrar\u00e1 la procesi\u00f3n en honor a San Blas, que contar\u00e1 con el acompa\u00f1amiento musical de la Uni\u00f3n Musical Millarense. Al finalizar la procesi\u00f3n, se proceder\u00e1 al reparto de los tradicionales rollos, uno de los actos m\u00e1s esperados de la festividad.<\/p>\n\n\n\n<p>En la organizaci\u00f3n de los actos participa el Ayuntamiento de Millares, con la colaboraci\u00f3n de Carnicer\u00eda Mari, Casa Angelita y Horno Filiberto, contribuyendo as\u00ed al mantenimiento y promoci\u00f3n de las tradiciones locales vinculadas a esta celebraci\u00f3n.<\/p>\n","protected":false},"excerpt":{"rendered":"<div class=\"mh-excerpt\">El municipio de Millares celebra este s\u00e1bado 7 de febrero de 2026 la festividad de San Blas, patr\u00f3n de la localidad, con una jornada de actos tradicionales organizados por el Ayuntamiento de Millares. La programaci\u00f3n <a class=\"mh-excerpt-more\" href=\"https:\/\/www.tucomarca.com\/wordpress\/segunda\/millares-celebra-este-sabado-la-festividad-de-su-patron-san-blas-2\/\" title=\"Millares celebra este s\u00e1bado la festividad de su patr\u00f3n, San Blas\">[+] <\/a><\/div>\n","protected":false},"author":12,"featured_media":292407,"comment_status":"open","ping_status":"open","sticky":false,"template":"","format":"standard","meta":{"footnotes":""},"categories":[4,70,8,71,7,3],"tags":[1452,5952,10403,18749],"class_list":{"0":"post-292405","1":"post","2":"type-post","3":"status-publish","4":"format-standard","5":"has-post-thumbnail","7":"category-agenda","8":"category-la-canal-de-navarres","9":"category-la-comarca","10":"category-millares","11":"category-ocio-y-cultura","12":"category-seccion","13":"tag-la-canal-de-navarres-2","14":"tag-la-hoya-de-bunol-chiva","15":"tag-millares","16":"tag-san-blas"},"_links":{"self":[{"href":"https:\/\/www.tucomarca.com\/wordpress\/segunda\/wp-json\/wp\/v2\/posts\/292405","targetHints":{"allow":["GET"]}}],"collection":[{"href":"https:\/\/www.tucomarca.com\/wordpress\/segunda\/wp-json\/wp\/v2\/posts"}],"about":[{"href":"https:\/\/www.tucomarca.com\/wordpress\/segunda\/wp-json\/wp\/v2\/types\/post"}],"author":[{"embeddable":true,"href":"https:\/\/www.tucomarca.com\/wordpress\/segunda\/wp-json\/wp\/v2\/users\/12"}],"replies":[{"embeddable":true,"href":"https:\/\/www.tucomarca.com\/wordpress\/segunda\/wp-json\/wp\/v2\/comments?post=292405"}],"version-history":[{"count":0,"href":"https:\/\/www.tucomarca.com\/wordpress\/segunda\/wp-json\/wp\/v2\/posts\/292405\/revisions"}],"wp:featuredmedia":[{"embeddable":true,"href":"https:\/\/www.tucomarca.com\/wordpress\/segunda\/wp-json\/wp\/v2\/media\/292407"}],"wp:attachment":[{"href":"https:\/\/www.tucomarca.com\/wordpress\/segunda\/wp-json\/wp\/v2\/media?parent=292405"}],"wp:term":[{"taxonomy":"category","embeddable":true,"href":"https:\/\/www.tucomarca.com\/wordpress\/segunda\/wp-json\/wp\/v2\/categories?post=292405"},{"taxonomy":"post_tag","embeddable":true,"href":"https:\/\/www.tucomarca.com\/wordpress\/segunda\/wp-json\/wp\/v2\/tags?post=292405"}],"curies":[{"name":"wp","href":"https:\/\/api.w.org\/{rel}","templated":true}]}}