{"id":292722,"date":"2026-02-10T11:58:00","date_gmt":"2026-02-10T10:58:00","guid":{"rendered":"https:\/\/www.tucomarca.com\/wordpress\/segunda\/?p=292722"},"modified":"2026-02-10T19:57:15","modified_gmt":"2026-02-10T18:57:15","slug":"marian-cano-destaca-que-el-grupo-ferrero-invertira-140-millones-de-euros-en-la-linea-de-produccion-de-helados-para-convertir-su-fabrica-de-alzira-en-un-centro-europeo-de-innovacion-industrial","status":"publish","type":"post","link":"https:\/\/www.tucomarca.com\/wordpress\/segunda\/marian-cano-destaca-que-el-grupo-ferrero-invertira-140-millones-de-euros-en-la-linea-de-produccion-de-helados-para-convertir-su-fabrica-de-alzira-en-un-centro-europeo-de-innovacion-industrial\/","title":{"rendered":"Mari\u00e1n Cano destaca que el Grupo Ferrero invertir\u00e1 140 millones de euros en la l\u00ednea de producci\u00f3n de helados para convertir su f\u00e1brica de Alzira en un centro europeo de innovaci\u00f3n industrial"},"content":{"rendered":"\n<h3 class=\"wp-block-heading\">La consellera de Industria ha insistido en que con estas iniciativas industriales se posiciona a la Comunitat Valenciana como territorio estrat\u00e9gico<\/h3>\n\n\n\n<p>La consellera de Industria, Turismo, Innovaci\u00f3n y Comercio, Mari\u00e1n Cano, ha realizado hoy una visita institucional a las instalaciones del &#8216;Ice Cream Factory Comaker&#8217; (ICFC) del Grupo Ferrero en Alzira.&nbsp;<\/p>\n\n\n\n<p>Durante la visita, el equipo directivo de la compa\u00f1\u00eda le ha mostrado a la representante del Gobierno valenciano el plan estrat\u00e9gico de la compa\u00f1\u00eda. En el citado plan destaca una inversi\u00f3n de 140 millones de euros en los pr\u00f3ximos tres a\u00f1os en la l\u00ednea de producci\u00f3n de helados para convertir esa f\u00e1brica en un centro europeo de innovaci\u00f3n industrial.&nbsp;<\/p>\n\n\n\n<p>La consellera de Industria ha destacado que \u201cla apuesta del Grupo Ferrero por la &#8216;Ice Cream Factory Comaker&#8217; (ICFC) de Alzira es evidente y capital para convertir la Comunitat Valenciana en un referente internacional de la innovaci\u00f3n industrial\u201d.&nbsp;<\/p>\n\n\n\n<p>Mari\u00e1n Cano ha resaltado \u201cel esfuerzo constante de la empresa por la excelencia y la calidad\u201d y ha definido las instalaciones del Grupo Ferrero en Alzira como \u201cejemplo de liderazgo\u201d, destacando \u201cla inversi\u00f3n de 140 millones de euros en los pr\u00f3ximos tres a\u00f1os\u201d.<\/p>\n\n\n\n<p>Durante el encuentro, la consellera ha agradecido adem\u00e1s la apuesta de esta compa\u00f1\u00eda para llevar a cabo un ciclo de modernizaci\u00f3n centrado en realizar mejoras tecnol\u00f3gicas e industriales en la planta, instalar nuevas l\u00edneas de producci\u00f3n antes de 2030 y desarrollar nuevos productos de marca propia.&nbsp;<\/p>\n\n\n\n<p>Finalmente, Mari\u00e1n Cano ha afirmado que \u201ccon iniciativas como la presente, \u201cla Comunitat Valenciana se posiciona como un territorio estrat\u00e9gico para el desarrollo de las empresas que tienen la finalidad de alcanzar con \u00e9xito todo el mercado europeo\u201d.<\/p>\n\n\n\n<p>El Grupo Ferrero es l\u00edder mundial en alimentos envasados dulces, reconocido por marcas ic\u00f3nicas como Nutella, Kinder, Ferrero Rocher y Tic Tac. Fundado en 1946 en Alba, Italia, Ferrero celebra 80 a\u00f1os como grupo familiar, con 50.000 empleados y operaciones en m\u00e1s de 170 pa\u00edses.&nbsp;<\/p>\n\n\n\n<p>La &#8216;Ice Cream Factory Comaker&#8217; (ICFC) es la planta de producci\u00f3n de helados de Grupo Ferrero ubicada en Alzira. Grupo Ferrero la adquiri\u00f3 totalmente en 2021 para convertirse en un punto clave en el desarrollo de la Divisi\u00f3n de Helados de la compa\u00f1\u00eda.<\/p>\n","protected":false},"excerpt":{"rendered":"<div class=\"mh-excerpt\">La consellera de Industria ha insistido en que con estas iniciativas industriales se posiciona a la Comunitat Valenciana como territorio estrat\u00e9gico La consellera de Industria, Turismo, Innovaci\u00f3n y Comercio, Mari\u00e1n Cano, ha realizado hoy una <a class=\"mh-excerpt-more\" href=\"https:\/\/www.tucomarca.com\/wordpress\/segunda\/marian-cano-destaca-que-el-grupo-ferrero-invertira-140-millones-de-euros-en-la-linea-de-produccion-de-helados-para-convertir-su-fabrica-de-alzira-en-un-centro-europeo-de-innovacion-industrial\/\" title=\"Mari\u00e1n Cano destaca que el Grupo Ferrero invertir\u00e1 140 millones de euros en la l\u00ednea de producci\u00f3n de helados para convertir su f\u00e1brica de Alzira en un centro europeo de innovaci\u00f3n industrial\">[+] <\/a><\/div>\n","protected":false},"author":12,"featured_media":292724,"comment_status":"open","ping_status":"open","sticky":false,"template":"","format":"standard","meta":{"footnotes":""},"categories":[69,128,8,72,42,142,3,45],"tags":[10402,23891,1407],"class_list":{"0":"post-292722","1":"post","2":"type-post","3":"status-publish","4":"format-standard","5":"has-post-thumbnail","7":"category-alzira","8":"category-infraestructuras","9":"category-la-comarca","10":"category-sin-categorizar","11":"category-la-ribera","12":"category-politica-la-comarca","13":"category-seccion","14":"category-ventana","15":"tag-alzira","16":"tag-grupo-ferrero","17":"tag-ribera-alta"},"_links":{"self":[{"href":"https:\/\/www.tucomarca.com\/wordpress\/segunda\/wp-json\/wp\/v2\/posts\/292722","targetHints":{"allow":["GET"]}}],"collection":[{"href":"https:\/\/www.tucomarca.com\/wordpress\/segunda\/wp-json\/wp\/v2\/posts"}],"about":[{"href":"https:\/\/www.tucomarca.com\/wordpress\/segunda\/wp-json\/wp\/v2\/types\/post"}],"author":[{"embeddable":true,"href":"https:\/\/www.tucomarca.com\/wordpress\/segunda\/wp-json\/wp\/v2\/users\/12"}],"replies":[{"embeddable":true,"href":"https:\/\/www.tucomarca.com\/wordpress\/segunda\/wp-json\/wp\/v2\/comments?post=292722"}],"version-history":[{"count":0,"href":"https:\/\/www.tucomarca.com\/wordpress\/segunda\/wp-json\/wp\/v2\/posts\/292722\/revisions"}],"wp:featuredmedia":[{"embeddable":true,"href":"https:\/\/www.tucomarca.com\/wordpress\/segunda\/wp-json\/wp\/v2\/media\/292724"}],"wp:attachment":[{"href":"https:\/\/www.tucomarca.com\/wordpress\/segunda\/wp-json\/wp\/v2\/media?parent=292722"}],"wp:term":[{"taxonomy":"category","embeddable":true,"href":"https:\/\/www.tucomarca.com\/wordpress\/segunda\/wp-json\/wp\/v2\/categories?post=292722"},{"taxonomy":"post_tag","embeddable":true,"href":"https:\/\/www.tucomarca.com\/wordpress\/segunda\/wp-json\/wp\/v2\/tags?post=292722"}],"curies":[{"name":"wp","href":"https:\/\/api.w.org\/{rel}","templated":true}]}}