{"id":292728,"date":"2026-02-10T11:50:00","date_gmt":"2026-02-10T10:50:00","guid":{"rendered":"https:\/\/www.tucomarca.com\/wordpress\/segunda\/?p=292728"},"modified":"2026-02-10T20:33:43","modified_gmt":"2026-02-10T19:33:43","slug":"los-bomberos-sofocan-un-incendio-en-una-industria-de-resinas-en-vilamarxant","status":"publish","type":"post","link":"https:\/\/www.tucomarca.com\/wordpress\/segunda\/los-bomberos-sofocan-un-incendio-en-una-industria-de-resinas-en-vilamarxant\/","title":{"rendered":"Los bomberos sofocan un incendio en una industria de resinas en Vilamarxant"},"content":{"rendered":"\n<p>Efectivos del Consorcio Provincial de Bomberos de Val\u00e8ncia han intervenido este martes en un incendio declarado en una industria de resinas ubicada en el pol\u00edgono industrial Enxilagar del Rullo, en el t\u00e9rmino municipal de Vilamarxant.<\/p>\n\n\n\n<p>El aviso se recibi\u00f3 a las 13:23 horas, alertando de un incendio en una nave industrial que afectaba a un silo que almacenaba p\u00e9lets de polipropileno. Hasta el lugar se desplazaron dos dotaciones de bomberos y dos unidades de mando del Consorcio.<\/p>\n\n\n\n<p>Gracias a la r\u00e1pida actuaci\u00f3n de los efectivos, el incendio fue sofocado en poco tiempo, evitando su propagaci\u00f3n a otras zonas de la instalaci\u00f3n y a naves colindantes. No se han registrado da\u00f1os personales.<\/p>\n","protected":false},"excerpt":{"rendered":"<div class=\"mh-excerpt\">Efectivos del Consorcio Provincial de Bomberos de Val\u00e8ncia han intervenido este martes en un incendio declarado en una industria de resinas ubicada en el pol\u00edgono industrial Enxilagar del Rullo, en el t\u00e9rmino municipal de Vilamarxant. <a class=\"mh-excerpt-more\" href=\"https:\/\/www.tucomarca.com\/wordpress\/segunda\/los-bomberos-sofocan-un-incendio-en-una-industria-de-resinas-en-vilamarxant\/\" title=\"Los bomberos sofocan un incendio en una industria de resinas en Vilamarxant\">[+] <\/a><\/div>\n","protected":false},"author":12,"featured_media":292730,"comment_status":"open","ping_status":"open","sticky":false,"template":"","format":"standard","meta":{"footnotes":""},"categories":[46,8,72,3,116,45,184],"tags":[10395,20508,10439],"class_list":{"0":"post-292728","1":"post","2":"type-post","3":"status-publish","4":"format-standard","5":"has-post-thumbnail","7":"category-camp-de-turia","8":"category-la-comarca","9":"category-sin-categorizar","10":"category-seccion","11":"category-sucesos-la-comarca","12":"category-ventana","13":"category-vilamarxant","14":"tag-camp-de-turia","15":"tag-consorcio-de-bomberos-de-valencia","16":"tag-vilamarxant"},"_links":{"self":[{"href":"https:\/\/www.tucomarca.com\/wordpress\/segunda\/wp-json\/wp\/v2\/posts\/292728","targetHints":{"allow":["GET"]}}],"collection":[{"href":"https:\/\/www.tucomarca.com\/wordpress\/segunda\/wp-json\/wp\/v2\/posts"}],"about":[{"href":"https:\/\/www.tucomarca.com\/wordpress\/segunda\/wp-json\/wp\/v2\/types\/post"}],"author":[{"embeddable":true,"href":"https:\/\/www.tucomarca.com\/wordpress\/segunda\/wp-json\/wp\/v2\/users\/12"}],"replies":[{"embeddable":true,"href":"https:\/\/www.tucomarca.com\/wordpress\/segunda\/wp-json\/wp\/v2\/comments?post=292728"}],"version-history":[{"count":0,"href":"https:\/\/www.tucomarca.com\/wordpress\/segunda\/wp-json\/wp\/v2\/posts\/292728\/revisions"}],"wp:featuredmedia":[{"embeddable":true,"href":"https:\/\/www.tucomarca.com\/wordpress\/segunda\/wp-json\/wp\/v2\/media\/292730"}],"wp:attachment":[{"href":"https:\/\/www.tucomarca.com\/wordpress\/segunda\/wp-json\/wp\/v2\/media?parent=292728"}],"wp:term":[{"taxonomy":"category","embeddable":true,"href":"https:\/\/www.tucomarca.com\/wordpress\/segunda\/wp-json\/wp\/v2\/categories?post=292728"},{"taxonomy":"post_tag","embeddable":true,"href":"https:\/\/www.tucomarca.com\/wordpress\/segunda\/wp-json\/wp\/v2\/tags?post=292728"}],"curies":[{"name":"wp","href":"https:\/\/api.w.org\/{rel}","templated":true}]}}