{"id":292823,"date":"2026-02-11T11:30:00","date_gmt":"2026-02-11T10:30:00","guid":{"rendered":"https:\/\/www.tucomarca.com\/wordpress\/segunda\/?p=292823"},"modified":"2026-02-11T18:45:43","modified_gmt":"2026-02-11T17:45:43","slug":"margarita-arenas-presenta-su-libro-la-casa-azul-en-el-oro-con-una-gran-acogida","status":"publish","type":"post","link":"https:\/\/www.tucomarca.com\/wordpress\/segunda\/margarita-arenas-presenta-su-libro-la-casa-azul-en-el-oro-con-una-gran-acogida\/","title":{"rendered":"Margarita Arenas presenta su libro \u00abLa casa azul\u00bb en El Oro con una gran acogida"},"content":{"rendered":"\n<p>La escritora Margarita Arenas present\u00f3 su novela <em>La casa azul<\/em> en la pedan\u00eda de El Oro en un acto literario que reuni\u00f3 a un numeroso p\u00fablico formado por vecinos y amigos tanto de la localidad como de aldeas cercanas.<\/p>\n\n\n\n<p>La velada destac\u00f3 por su car\u00e1cter cercano y participativo. Familiares y amigos de la autora intervinieron en el acto leyendo distintos fragmentos de la obra, aportando una dimensi\u00f3n especial al evento y creando un ambiente \u00edntimo y emotivo en torno a la novela.<\/p>\n\n\n\n<p><em>La casa azul<\/em> ya se encuentra disponible para su adquisici\u00f3n online a trav\u00e9s de plataformas como Vuelo de Palabras, Fnac, La Casa del Libro, El Corte Ingl\u00e9s y otras librer\u00edas, facilitando as\u00ed su acceso a lectores de distintos puntos.<\/p>\n\n\n\n<figure class=\"wp-block-image size-large\"><img loading=\"lazy\" decoding=\"async\" width=\"1024\" height=\"819\" src=\"https:\/\/www.tucomarca.com\/wordpress\/segunda\/wp-content\/uploads\/2026\/02\/Lacasaazul1-1024x819.jpg\" alt=\"\" class=\"wp-image-292825\" srcset=\"https:\/\/www.tucomarca.com\/wordpress\/segunda\/wp-content\/uploads\/2026\/02\/Lacasaazul1-1024x819.jpg 1024w, https:\/\/www.tucomarca.com\/wordpress\/segunda\/wp-content\/uploads\/2026\/02\/Lacasaazul1-300x240.jpg 300w, https:\/\/www.tucomarca.com\/wordpress\/segunda\/wp-content\/uploads\/2026\/02\/Lacasaazul1-768x614.jpg 768w, https:\/\/www.tucomarca.com\/wordpress\/segunda\/wp-content\/uploads\/2026\/02\/Lacasaazul1-1536x1229.jpg 1536w, https:\/\/www.tucomarca.com\/wordpress\/segunda\/wp-content\/uploads\/2026\/02\/Lacasaazul1.jpg 2048w\" sizes=\"auto, (max-width: 1024px) 100vw, 1024px\" \/><\/figure>\n","protected":false},"excerpt":{"rendered":"<div class=\"mh-excerpt\">La escritora Margarita Arenas present\u00f3 su novela La casa azul en la pedan\u00eda de El Oro en un acto literario que reuni\u00f3 a un numeroso p\u00fablico formado por vecinos y amigos tanto de la localidad <a class=\"mh-excerpt-more\" href=\"https:\/\/www.tucomarca.com\/wordpress\/segunda\/margarita-arenas-presenta-su-libro-la-casa-azul-en-el-oro-con-una-gran-acogida\/\" title=\"Margarita Arenas presenta su libro \u00abLa casa azul\u00bb en El Oro con una gran acogida\">[+] <\/a><\/div>\n","protected":false},"author":12,"featured_media":292827,"comment_status":"open","ping_status":"open","sticky":false,"template":"","format":"standard","meta":{"footnotes":""},"categories":[38,40,8,72,7,3],"tags":[10392,3105,10651],"class_list":{"0":"post-292823","1":"post","2":"type-post","3":"status-publish","4":"format-standard","5":"has-post-thumbnail","7":"category-ayora-cofrentes","8":"category-cortes-de-pallas","9":"category-la-comarca","10":"category-sin-categorizar","11":"category-ocio-y-cultura","12":"category-seccion","13":"tag-cortes-de-pallas","14":"tag-el-oro","15":"tag-el-valle-de-ayora-cofrentes"},"_links":{"self":[{"href":"https:\/\/www.tucomarca.com\/wordpress\/segunda\/wp-json\/wp\/v2\/posts\/292823","targetHints":{"allow":["GET"]}}],"collection":[{"href":"https:\/\/www.tucomarca.com\/wordpress\/segunda\/wp-json\/wp\/v2\/posts"}],"about":[{"href":"https:\/\/www.tucomarca.com\/wordpress\/segunda\/wp-json\/wp\/v2\/types\/post"}],"author":[{"embeddable":true,"href":"https:\/\/www.tucomarca.com\/wordpress\/segunda\/wp-json\/wp\/v2\/users\/12"}],"replies":[{"embeddable":true,"href":"https:\/\/www.tucomarca.com\/wordpress\/segunda\/wp-json\/wp\/v2\/comments?post=292823"}],"version-history":[{"count":0,"href":"https:\/\/www.tucomarca.com\/wordpress\/segunda\/wp-json\/wp\/v2\/posts\/292823\/revisions"}],"wp:featuredmedia":[{"embeddable":true,"href":"https:\/\/www.tucomarca.com\/wordpress\/segunda\/wp-json\/wp\/v2\/media\/292827"}],"wp:attachment":[{"href":"https:\/\/www.tucomarca.com\/wordpress\/segunda\/wp-json\/wp\/v2\/media?parent=292823"}],"wp:term":[{"taxonomy":"category","embeddable":true,"href":"https:\/\/www.tucomarca.com\/wordpress\/segunda\/wp-json\/wp\/v2\/categories?post=292823"},{"taxonomy":"post_tag","embeddable":true,"href":"https:\/\/www.tucomarca.com\/wordpress\/segunda\/wp-json\/wp\/v2\/tags?post=292823"}],"curies":[{"name":"wp","href":"https:\/\/api.w.org\/{rel}","templated":true}]}}