{"id":292853,"date":"2026-02-11T12:00:00","date_gmt":"2026-02-11T11:00:00","guid":{"rendered":"https:\/\/www.tucomarca.com\/wordpress\/segunda\/?p=292853"},"modified":"2026-02-11T18:19:42","modified_gmt":"2026-02-11T17:19:42","slug":"la-generalitat-tiene-previsto-iniciar-las-obras-de-las-primeras-mejoras-de-la-cv-35-y-estudia-nuevas-intervenciones-en-otros-accesos-a-la-via","status":"publish","type":"post","link":"https:\/\/www.tucomarca.com\/wordpress\/segunda\/la-generalitat-tiene-previsto-iniciar-las-obras-de-las-primeras-mejoras-de-la-cv-35-y-estudia-nuevas-intervenciones-en-otros-accesos-a-la-via\/","title":{"rendered":"La Generalitat tiene previsto iniciar las obras de las primeras mejoras de la CV-35 y estudia nuevas intervenciones en otros accesos a la v\u00eda"},"content":{"rendered":"\n<h3 class=\"wp-block-heading\">El proyecto, con una inversi\u00f3n de 7,7 millones de euros, prioriza los puntos de la v\u00eda con mayor congesti\u00f3n y riesgo para la seguridad vial.<\/h3>\n\n\n\n<h3 class=\"wp-block-heading\">En el plazo de alegaciones, se han presentado propuestas de nuevas mejoras, sin que se haya registrado ninguna en contra del proyecto inicial.<\/h3>\n\n\n\n<p>La Vicepresidencia Tercera y Conselleria de Medio Ambiente, Infraestructuras, Territorio y de la Recuperaci\u00f3n iniciar\u00e1 este a\u00f1o las obras de mejora de la CV-35 en los puntos de mayor congesti\u00f3n y riesgo para la seguridad vial con una inversi\u00f3n de m\u00e1s de 7,7 millones de euros. Asimismo, se est\u00e1 realizando un an\u00e1lisis t\u00e9cnico con el objetivo de estudiar nuevas intervenciones en otros accesos a la v\u00eda.<\/p>\n\n\n\n<p>El proyecto de la Direcci\u00f3n General de Infraestructuras Terrestres, que se present\u00f3 el pasado mes de diciembre, contempla intervenciones en las salidas 4, 10, 11 y 16 de la CV-35, ubicadas en los t\u00e9rminos municipales de Burjassot, Paterna, San Antonio de Benag\u00e9ber y L\u2019Eliana.<\/p>\n\n\n\n<p>Una vez finalizado el plazo de informaci\u00f3n p\u00fablica, se han presentado diversas aportaciones con propuestas para estudiar nuevas mejoras en otros puntos de la CV-35, sin que se haya registrado alegaciones en contra del proyecto de actuaciones previsto.<\/p>\n\n\n\n<p>Cabe se\u00f1alar que los trabajos previstos en estos cuatro municipios responden a criterios t\u00e9cnicos basados en estudios de tr\u00e1fico y accidentalidad y permitir\u00e1n actuar de forma inmediata en aquellos accesos donde las soluciones son m\u00e1s directas y efectivas para mejorar la circulaci\u00f3n y reducir situaciones de peligro.<\/p>\n\n\n\n<p>Estas actuaciones, adem\u00e1s de mejorar la seguridad y la fluidez en los tramos seleccionados, tambi\u00e9n beneficiar\u00e1n a los desplazamientos habituales de conductores de municipios pr\u00f3ximos, ya que la mejora del tr\u00e1fico en estos puntos repercute en el conjunto del corredor viario.<\/p>\n\n\n\n<p>Paralelamente, la Conselleria est\u00e1 analizando otras posibles intervenciones en distintos accesos de la CV-35 situados en municipios colindantes con la v\u00eda. En algunos de estos puntos, las soluciones presentan una mayor complejidad t\u00e9cnica, pueden implicar afecciones a viviendas o requieren estudios m\u00e1s detallados, por lo que est\u00e1n siendo objeto de evaluaci\u00f3n espec\u00edfica.<\/p>\n\n\n\n<p><strong>Movilidad sostenible y segura<\/strong><\/p>\n\n\n\n<p>La CV-35 soporta cada d\u00eda 115.000 veh\u00edculos. Se trata de una de las principales arterias de entrada a Val\u00e8ncia. El proyecto, con un plazo estimado de ejecuci\u00f3n de 10 meses, permitir\u00e1 ampliar carriles de incorporaci\u00f3n y deceleraci\u00f3n, mejorar las v\u00edas colectoras, crear nuevos carriles de trenzado y reorganizar accesos que actualmente generan retenciones que llegan a afectar al tronco principal de la autov\u00eda, con el consiguiente riesgo de accidentes por alcance y maniobras forzadas.<\/p>\n\n\n\n<p>En algunos puntos tambi\u00e9n se actuar\u00e1 sobre drenaje, se\u00f1alizaci\u00f3n, iluminaci\u00f3n, barreras de seguridad y acondicionamiento del entorno, con el objetivo de reforzar la seguridad vial y optimizar la capacidad de la infraestructura.<\/p>\n\n\n\n<p>Concretamente, se intervendr\u00e1 en la salida 4 (Burjassot-Campus Universitario), donde actualmente los autobuses que dan servicio al campus se incorporan a la CV-35 mediante un STOP y sin carril de aceleraci\u00f3n, lo que genera una situaci\u00f3n de riesgo.<\/p>\n\n\n\n<p>Asimismo, la salida 10 (Parque Tecnol\u00f3gico-Pol\u00edgonos y urbanizaciones) tambi\u00e9n ser\u00e1 objeto de mejoras para evitar los embotellamientos que presenta debido a que el carril derecho desaparece al llegar a la salida.<\/p>\n\n\n\n<p>Tambi\u00e9n se actuar\u00e1 en la salida 11 (acceso a la v\u00eda colectora), que en sentido Val\u00e8ncia resulta insuficiente para absorber la demanda actual y provoca retenciones que ralentizan los carriles lento y central de la autov\u00eda.<\/p>\n\n\n\n<p>Por \u00faltimo, la salida 16 (acceso a l\u2019Eliana y zona comercial) afrontar\u00e1 una intervenci\u00f3n de especial impacto debido a su elevado nivel de saturaci\u00f3n, ya que sirve como acceso principal al municipio y a varias urbanizaciones y \u00e1reas comerciales.<\/p>\n","protected":false},"excerpt":{"rendered":"<div class=\"mh-excerpt\">El proyecto, con una inversi\u00f3n de 7,7 millones de euros, prioriza los puntos de la v\u00eda con mayor congesti\u00f3n y riesgo para la seguridad vial. En el plazo de alegaciones, se han presentado propuestas de <a class=\"mh-excerpt-more\" href=\"https:\/\/www.tucomarca.com\/wordpress\/segunda\/la-generalitat-tiene-previsto-iniciar-las-obras-de-las-primeras-mejoras-de-la-cv-35-y-estudia-nuevas-intervenciones-en-otros-accesos-a-la-via\/\" title=\"La Generalitat tiene previsto iniciar las obras de las primeras mejoras de la CV-35 y estudia nuevas intervenciones en otros accesos a la v\u00eda\">[+] <\/a><\/div>\n","protected":false},"author":12,"featured_media":292855,"comment_status":"open","ping_status":"open","sticky":false,"template":"","format":"standard","meta":{"footnotes":""},"categories":[46,128,177,8,72,117,142,183,3,45],"tags":[9168,10716,765],"class_list":{"0":"post-292853","1":"post","2":"type-post","3":"status-publish","4":"format-standard","5":"has-post-thumbnail","7":"category-camp-de-turia","8":"category-infraestructuras","9":"category-leliana","10":"category-la-comarca","11":"category-sin-categorizar","12":"category-medio-ambiente-la-comarca","13":"category-politica-la-comarca","14":"category-san-antonio-de-benageber","15":"category-seccion","16":"category-ventana","17":"tag-cv-35","18":"tag-generalitat-valenciana","19":"tag-obras"},"_links":{"self":[{"href":"https:\/\/www.tucomarca.com\/wordpress\/segunda\/wp-json\/wp\/v2\/posts\/292853","targetHints":{"allow":["GET"]}}],"collection":[{"href":"https:\/\/www.tucomarca.com\/wordpress\/segunda\/wp-json\/wp\/v2\/posts"}],"about":[{"href":"https:\/\/www.tucomarca.com\/wordpress\/segunda\/wp-json\/wp\/v2\/types\/post"}],"author":[{"embeddable":true,"href":"https:\/\/www.tucomarca.com\/wordpress\/segunda\/wp-json\/wp\/v2\/users\/12"}],"replies":[{"embeddable":true,"href":"https:\/\/www.tucomarca.com\/wordpress\/segunda\/wp-json\/wp\/v2\/comments?post=292853"}],"version-history":[{"count":0,"href":"https:\/\/www.tucomarca.com\/wordpress\/segunda\/wp-json\/wp\/v2\/posts\/292853\/revisions"}],"wp:featuredmedia":[{"embeddable":true,"href":"https:\/\/www.tucomarca.com\/wordpress\/segunda\/wp-json\/wp\/v2\/media\/292855"}],"wp:attachment":[{"href":"https:\/\/www.tucomarca.com\/wordpress\/segunda\/wp-json\/wp\/v2\/media?parent=292853"}],"wp:term":[{"taxonomy":"category","embeddable":true,"href":"https:\/\/www.tucomarca.com\/wordpress\/segunda\/wp-json\/wp\/v2\/categories?post=292853"},{"taxonomy":"post_tag","embeddable":true,"href":"https:\/\/www.tucomarca.com\/wordpress\/segunda\/wp-json\/wp\/v2\/tags?post=292853"}],"curies":[{"name":"wp","href":"https:\/\/api.w.org\/{rel}","templated":true}]}}