{"id":292861,"date":"2026-02-11T12:45:00","date_gmt":"2026-02-11T11:45:00","guid":{"rendered":"https:\/\/www.tucomarca.com\/wordpress\/segunda\/?p=292861"},"modified":"2026-02-11T21:02:13","modified_gmt":"2026-02-11T20:02:13","slug":"ava-asaja-exige-a-la-comision-y-el-gobierno-espanol-que-rectifiquen-el-error-de-mercosur","status":"publish","type":"post","link":"https:\/\/www.tucomarca.com\/wordpress\/segunda\/ava-asaja-exige-a-la-comision-y-el-gobierno-espanol-que-rectifiquen-el-error-de-mercosur\/","title":{"rendered":"AVA-Asaja exige a la Comisi\u00f3n y el Gobierno espa\u00f1ol que rectifiquen el \u201cerror\u201d de Mercosur"},"content":{"rendered":"\n<h3 class=\"wp-block-heading\">La asociaci\u00f3n reprocha al PP y PSOE del PE su voto en contra del campo y pide a los ayuntamientos que aprueben una moci\u00f3n para proteger a los productores<\/h3>\n\n\n\n<p>En plena oleada de movilizaciones del sector agrario contra la actual propuesta del tratado comercial UE-Mercosur, con protestas esta semana en Sevilla, Logro\u00f1o, C\u00e1ceres y Madrid, tanto en el centro de la capital como a las puertas de La Moncloa, la Asociaci\u00f3n Valenciana de Agricultores (AVA-Asaja) exige a la Comisi\u00f3n Europea y al Gobierno de Espa\u00f1a que rectifiquen \u201cel error de este acuerdo sin acuerdo con los grandes perjudicados que son los agricultores y ganaderos europeos\u201d.<\/p>\n\n\n\n<p>El presidente de AVA-Asaja, Crist\u00f3bal Aguado, afirma que \u201cen 28 a\u00f1os de negociaciones nuestros pol\u00edticos no han sabido o querido saber lo que quiere el sector agrario, lo que demuestra una incompetencia flagrante o una mala fe propia no de pol\u00edticos sino de oportunistas de conveniencia. El primero que tendr\u00eda que rectificar es el presidente del gobierno espa\u00f1ol, que debe escuchar m\u00e1s a Macron y menos a Von der Leyen. Tambi\u00e9n ser\u00eda mejor que el Gobierno alem\u00e1n bajara del burro, que se cree que es el \u00fanico que preserva la unidad europea y, en lugar de imponer, buscara un acuerdo con los agricultores y ganaderos. Los pol\u00edticos de Bruselas deben pisar tierra, hace falta m\u00e1s Europa, pero desde la solidaridad y no desde la discriminaci\u00f3n y el desprecio como est\u00e1n haciendo\u201d.<\/p>\n\n\n\n<p>AVA-Asaja ha enviado una carta a los europarlamentarios del Partido Popular y del Partido Socialista -concretamente a Esteban Gonz\u00e1lez Pons y a Iratxe Garc\u00eda respectivamente- en la que reprocha el sentido del voto de sus grupos, el 21 de enero en Estrasburgo, en contra de solicitar al Tribunal de Justicia de la Uni\u00f3n Europea (TJUE) que examine si el acuerdo UE-Mercosur cumple con el Tratado de Roma, tal como hab\u00eda manifestado el conjunto del sector agrario mediante protestas convocadas por el Copa-Cogeca en Bruselas y Estrasburgo, con participaci\u00f3n de AVA-Asaja, as\u00ed como en la mayor\u00eda de los pa\u00edses europeos.<\/p>\n\n\n\n<p>A trav\u00e9s de dichas misivas, la asociaci\u00f3n reclama al PP y PSOE del PE que, a la espera de que el TJUE comunique su decisi\u00f3n, ambos grupos apoyen la introducci\u00f3n de las medidas que el actual tratado UE-Mercosur no contiene y que el sector agrario demanda: medidas de reciprocidad respecto a las importaciones de Mercosur, mecanismos verdaderamente \u00e1giles y eficaces de protecci\u00f3n de la producci\u00f3n europea, estudios previos de impacto objetivos y evaluaciones de seguimiento.<\/p>\n\n\n\n<p><strong>Mociones a los ayuntamientos<\/strong><\/p>\n\n\n\n<p>AVA-Asaja tambi\u00e9n pide a los ayuntamientos de la Comunitat Valenciana, como entidades pol\u00edticas m\u00e1s cercanas a los ciudadanos, que aprueben una moci\u00f3n instando a la Uni\u00f3n Europea a rechazar la ratificaci\u00f3n del actual acuerdo comercial UE\u2013Mercosur, mientras no contemple las demandas de los agricultores y ganaderos. La moci\u00f3n solicita asimismo a la Comisi\u00f3n Europea y al Consejo que respeten la voluntad expresada por el PE, que vot\u00f3 a favor de solicitar un dictamen al TJUE sobre la legalidad del acuerdo, y que no se active de forma provisional la parte comercial del tratado mientras no haya una resoluci\u00f3n del TJUE.<\/p>\n\n\n\n<p>La moci\u00f3n solicita al Gobierno de Espa\u00f1a y a la Generalitat Valenciana que trasladen ante las instituciones europeas su oposici\u00f3n al acuerdo en los t\u00e9rminos actuales, defendiendo los intereses del sector agrario valenciano y espa\u00f1ol. Igualmente pide apoyar expl\u00edcitamente a los agricultores y ganaderos valencianos, en especial a los sectores de la ganader\u00eda, la apicultura, el arroz y los c\u00edtricos, ante los graves perjuicios que este acuerdo supondr\u00eda para su viabilidad econ\u00f3mica y social. Finalmente, la moci\u00f3n incluye dar traslado a la Comisi\u00f3n Europea, al Gobierno de Espa\u00f1a, a la Generalitat Valenciana y a las organizaciones agrarias representativas de la Comunidad Valenciana.<\/p>\n","protected":false},"excerpt":{"rendered":"<div class=\"mh-excerpt\">La asociaci\u00f3n reprocha al PP y PSOE del PE su voto en contra del campo y pide a los ayuntamientos que aprueben una moci\u00f3n para proteger a los productores En plena oleada de movilizaciones del <a class=\"mh-excerpt-more\" href=\"https:\/\/www.tucomarca.com\/wordpress\/segunda\/ava-asaja-exige-a-la-comision-y-el-gobierno-espanol-que-rectifiquen-el-error-de-mercosur\/\" title=\"AVA-Asaja exige a la Comisi\u00f3n y el Gobierno espa\u00f1ol que rectifiquen el \u201cerror\u201d de Mercosur\">[+] <\/a><\/div>\n","protected":false},"author":12,"featured_media":292866,"comment_status":"open","ping_status":"open","sticky":false,"template":"","format":"standard","meta":{"footnotes":""},"categories":[169,128,8,72,42,142,3,45],"tags":[328,716,23736],"class_list":{"0":"post-292861","1":"post","2":"type-post","3":"status-publish","4":"format-standard","5":"has-post-thumbnail","7":"category-agricultura-la-comarca","8":"category-infraestructuras","9":"category-la-comarca","10":"category-sin-categorizar","11":"category-la-ribera","12":"category-politica-la-comarca","13":"category-seccion","14":"category-ventana","15":"tag-ava-asaja","16":"tag-manifestacion","17":"tag-mercosur"},"_links":{"self":[{"href":"https:\/\/www.tucomarca.com\/wordpress\/segunda\/wp-json\/wp\/v2\/posts\/292861","targetHints":{"allow":["GET"]}}],"collection":[{"href":"https:\/\/www.tucomarca.com\/wordpress\/segunda\/wp-json\/wp\/v2\/posts"}],"about":[{"href":"https:\/\/www.tucomarca.com\/wordpress\/segunda\/wp-json\/wp\/v2\/types\/post"}],"author":[{"embeddable":true,"href":"https:\/\/www.tucomarca.com\/wordpress\/segunda\/wp-json\/wp\/v2\/users\/12"}],"replies":[{"embeddable":true,"href":"https:\/\/www.tucomarca.com\/wordpress\/segunda\/wp-json\/wp\/v2\/comments?post=292861"}],"version-history":[{"count":0,"href":"https:\/\/www.tucomarca.com\/wordpress\/segunda\/wp-json\/wp\/v2\/posts\/292861\/revisions"}],"wp:featuredmedia":[{"embeddable":true,"href":"https:\/\/www.tucomarca.com\/wordpress\/segunda\/wp-json\/wp\/v2\/media\/292866"}],"wp:attachment":[{"href":"https:\/\/www.tucomarca.com\/wordpress\/segunda\/wp-json\/wp\/v2\/media?parent=292861"}],"wp:term":[{"taxonomy":"category","embeddable":true,"href":"https:\/\/www.tucomarca.com\/wordpress\/segunda\/wp-json\/wp\/v2\/categories?post=292861"},{"taxonomy":"post_tag","embeddable":true,"href":"https:\/\/www.tucomarca.com\/wordpress\/segunda\/wp-json\/wp\/v2\/tags?post=292861"}],"curies":[{"name":"wp","href":"https:\/\/api.w.org\/{rel}","templated":true}]}}