{"id":292884,"date":"2026-02-11T09:45:00","date_gmt":"2026-02-11T08:45:00","guid":{"rendered":"https:\/\/www.tucomarca.com\/wordpress\/segunda\/?p=292884"},"modified":"2026-02-11T18:59:13","modified_gmt":"2026-02-11T17:59:13","slug":"natalia-enguix-defiende-el-impulso-de-politicas-que-fomenten-el-talento-femenino-en-la-ciencia","status":"publish","type":"post","link":"https:\/\/www.tucomarca.com\/wordpress\/segunda\/natalia-enguix-defiende-el-impulso-de-politicas-que-fomenten-el-talento-femenino-en-la-ciencia\/","title":{"rendered":"Nat\u00e0lia Enguix defiende el impulso de pol\u00edticas que fomenten el talento femenino en la ciencia"},"content":{"rendered":"\n<h3 class=\"wp-block-heading\">La vicepresidenta y diputada de Igualdad, Nat\u00e0lia Enguix, apuesta por \u201celaborar desde las administraciones pol\u00edticas p\u00fablicas que beneficien a toda la poblaci\u00f3n porque estas no son neutras y, si no se aplica la perspectiva de g\u00e9nero, se acaba pensando solo en la realidad de los hombres\u201d.<\/h3>\n\n\n\n<h3 class=\"wp-block-heading\">Expertas y ayuntamientos reivindican el valor de ilusionar a las ni\u00f1as con referentes de proximidad y equipos diversos para eliminar los sesgos de g\u00e9nero en el mercado laboral y el mundo rural.<\/h3>\n\n\n\n<p>\u00bfPor qu\u00e9 una ni\u00f1a que de peque\u00f1a desmontaba relojes o coleccionaba piedras termina dudando de si las matem\u00e1ticas son para ella?&nbsp;Esta ha sido una de las preguntas que ha sobrevolado este mi\u00e9rcoles la mesa de debate celebrada en la Universitat Polit\u00e8cnica de Val\u00e8ncia (UPV) durante la jornada &#8216;Despertando vocaciones&#8217; organizada por el \u00e1rea de Igualdad de la Diputaci\u00f3 de Val\u00e8ncia con la coordinaci\u00f3n de Womanation-Alianzas emprendedoras con motivo de la conmemoraci\u00f3n del D\u00eda Internacional de la Mujer y la Ni\u00f1a en la Ciencia.<\/p>\n\n\n\n<p>El encuentro ha servido para poner de relieve que el talento no tiene g\u00e9nero, pero que el sistema, a menudo, parece \u00abapagar\u00bb esa curiosidad cient\u00edfica innata en las ni\u00f1as a partir de los seis a\u00f1os. En este sentido, la vicepresidenta primera de la Diputaci\u00f3 de Val\u00e8ncia, Nat\u00e0lia Enguix, ha inaugurado la sesi\u00f3n defendiendo que la participaci\u00f3n plena de las mujeres en la ciencia es un requisito indispensable para alcanzar la igualdad real porque \u201clas pol\u00edticas p\u00fablicas no son neutras. Por eso, desde Diputaci\u00f3 de Val\u00e8ncia trabajamos con una perspectiva de g\u00e9nero t\u00e9cnica y transversal que beneficie al 100% de la poblaci\u00f3n\u201d. La vicepresidenta ha recordado que \u201chemos creado una gu\u00eda con un urbanismo con perspectiva de g\u00e9nero desde el \u00e1rea de Cooperaci\u00f3n Municipal, o mostrando referentes y figuras desde el \u00e1mbito cultural y la memoria democr\u00e1tica, o a trav\u00e9s del \u00e1rea de Comarcalizaci\u00f3n, acercando la igualdad a todos los pueblos porque la igualdad es necesaria para que una sociedad sea desarrollada\u201d.<\/p>\n\n\n\n<p>En este sentido, Enguix ha recordado que estas acciones vienen respaldadas por un incremento hist\u00f3rico de recursos en el \u00e1rea de Igualdad que coordina, al triplicar las ayudas destinadas a los ayuntamientos miembros de la Red de Municipios Protegidos contra la Violencia de G\u00e9nero pasando de los 600.000 euros de 2023 a alcanzar los 1,9 millones de euros previstos para 2026.<\/p>\n\n\n\n<figure class=\"wp-block-gallery has-nested-images columns-default is-cropped wp-block-gallery-1 is-layout-flex wp-block-gallery-is-layout-flex\">\n<figure class=\"wp-block-image size-large\"><img loading=\"lazy\" decoding=\"async\" width=\"1024\" height=\"691\" data-id=\"292893\" src=\"https:\/\/www.tucomarca.com\/wordpress\/segunda\/wp-content\/uploads\/2026\/02\/Dipu_DiaMujerCiencia5-1024x691.jpg\" alt=\"\" class=\"wp-image-292893\" srcset=\"https:\/\/www.tucomarca.com\/wordpress\/segunda\/wp-content\/uploads\/2026\/02\/Dipu_DiaMujerCiencia5-1024x691.jpg 1024w, https:\/\/www.tucomarca.com\/wordpress\/segunda\/wp-content\/uploads\/2026\/02\/Dipu_DiaMujerCiencia5-300x202.jpg 300w, https:\/\/www.tucomarca.com\/wordpress\/segunda\/wp-content\/uploads\/2026\/02\/Dipu_DiaMujerCiencia5-768x518.jpg 768w, https:\/\/www.tucomarca.com\/wordpress\/segunda\/wp-content\/uploads\/2026\/02\/Dipu_DiaMujerCiencia5.jpg 1181w\" sizes=\"auto, (max-width: 1024px) 100vw, 1024px\" \/><\/figure>\n\n\n\n<figure class=\"wp-block-image size-large\"><img loading=\"lazy\" decoding=\"async\" width=\"1024\" height=\"691\" data-id=\"292889\" src=\"https:\/\/www.tucomarca.com\/wordpress\/segunda\/wp-content\/uploads\/2026\/02\/Dipu_DiaMujerCiencia6-1024x691.jpg\" alt=\"\" class=\"wp-image-292889\" srcset=\"https:\/\/www.tucomarca.com\/wordpress\/segunda\/wp-content\/uploads\/2026\/02\/Dipu_DiaMujerCiencia6-1024x691.jpg 1024w, https:\/\/www.tucomarca.com\/wordpress\/segunda\/wp-content\/uploads\/2026\/02\/Dipu_DiaMujerCiencia6-300x202.jpg 300w, https:\/\/www.tucomarca.com\/wordpress\/segunda\/wp-content\/uploads\/2026\/02\/Dipu_DiaMujerCiencia6-768x518.jpg 768w, https:\/\/www.tucomarca.com\/wordpress\/segunda\/wp-content\/uploads\/2026\/02\/Dipu_DiaMujerCiencia6.jpg 1181w\" sizes=\"auto, (max-width: 1024px) 100vw, 1024px\" \/><\/figure>\n<\/figure>\n\n\n\n<p>La jornada tambi\u00e9n ha contado con la bienvenida de la vicerrectora de Desarrollo Sostenible de la UPV, D\u00e9bora Domingo, quien ha cualificado este d\u00eda \u201cde important\u00edsimo para todas nosotras\u201d porque \u201cel d\u00eda internacional de la mujer y la ni\u00f1a en la ciencia no es un d\u00eda que celebremos como una efem\u00e9ride aislada, sino que se enmarca muy bien con el programa que desde la UPV desarrollamos a lo largo del a\u00f1o. Por eso, nos hace especial ilusi\u00f3n acoger este acto\u201d. Asimismo, en la misma l\u00ednea se ha pronunciado, Ang\u00e9lica G\u00f3mez, propulsora de Womanation y coordinadora del evento, al calificar de \u201cfabuloso\u201d que las administraciones como la Diputaci\u00f3 de Val\u00e8ncia \u201cse involucren en d\u00edas tan importantes como el de hoy para que sea posible que haya m\u00e1s mujeres y ni\u00f1as en la ciencia\u201d.<\/p>\n\n\n\n<p><strong>Talento femenino en la ciencia<\/strong><\/p>\n\n\n\n<p>El acto ha continuado con una mesa redonda moderada por la periodista Silvia Tom\u00e1s, en la que se han expuesto ejemplos pr\u00e1cticos de municipios que ya est\u00e1n liderando este cambio. Las representantes de los ayuntamientos de Aras de los Olmos y Ayora, Mar\u00eda Jos\u00e9 \u00c1lvaro y M. Carmen Gavidia, han compartido sus proyectos locales junto a dos cient\u00edficas de vanguardia: Llum Pinter, experta en seguridad tecnol\u00f3gica, y Mar\u00eda R. Albiach, CEO de Valgenetics<strong>.&nbsp;<\/strong><\/p>\n\n\n\n<p>La ingeniera inform\u00e1tica&nbsp;Llum Pinter&nbsp;ha recordado que el talento no tiene g\u00e9nero, pero que el sistema a veces lo \u00abapaga\u00bb, y ha defendido que el verdadero obst\u00e1culo no es la dificultad de la carrera, sino sentir que est\u00e1s en un lugar que no te corresponde por el hecho de ser mujer.&nbsp;\u00abEl mundo tiende hacia lo tecnol\u00f3gico y estamos dejando fuera a las ni\u00f1as; ellas tienen que saber que deben ir hacia all\u00ed y las familias deben impulsarlas porque es hacia donde se dirige el mercado laboral\u00bb, ha destacado.&nbsp;Pinter, que trabaja en una multinacional tecnol\u00f3gica americana con sede en Valencia, ha explicado que en su empresa se promociona activamente la diversidad porque los equipos heterog\u00e9neos funcionan mejor y eso repercute directamente en los resultados econ\u00f3micos.&nbsp;\u00abCuando se dise\u00f1an soluciones tecnol\u00f3gicas en equipos donde no participan mujeres, el producto nace con un sesgo\u00bb, ha afirmado, citando como ejemplo los primeros cinturones de seguridad o smartphones dise\u00f1ados sin visi\u00f3n femenina.<\/p>\n\n\n\n<p>Por su parte, la CEO de Valgenetics,&nbsp;Mar\u00eda R. Albiach, ha compartido su propia experiencia de resiliencia al explicar c\u00f3mo, tras ser despedida estando embarazada durante una crisis, utiliz\u00f3 su base cient\u00edfica para crear su propio \u00abplan B\u00bb: una empresa l\u00edder en gen\u00e9tica viral.&nbsp;Albiach ha insistido en que no hay que poner l\u00edmites al conocimiento y que es vital que las familias y educadores amplifiquen el talento de las ni\u00f1as en lugar de verlo como algo \u00abraro\u00bb. Albiach ha insistido en que \u00absi una ni\u00f1a tiene un talento, hay que amplificarlo\u00bb, subrayando que las cosas no hay que \u00abagarrarlas a pu\u00f1ados\u00bb, sino entender que nuestro deber es \u00abilusionar a las ni\u00f1as\u00bb.&nbsp;\u00abNo vas a ser doctora de golpe; vas a ir dando pasitos y eso hace que no sea dif\u00edcil\u00bb, ha explicado, haciendo hincapi\u00e9 en que hay que centrar los esfuerzos en aquellas ni\u00f1as que no saben o no se ilusionan porque alguien les ha apagado esa chispa.<\/p>\n\n\n\n<p>Durante el debate ha surgido la necesidad de que las ni\u00f1as cuenten con referentes cercanos, donde no valen \u201cfiguras del siglo XIX\u201d, un planteamiento que ha sido respaldado por las representantes municipales, quienes han demostrado que el cambio ya est\u00e1 lider\u00e1ndose desde lo local. Carmen Gavidia, desde el ayuntamiento de Ayora, ha explicado c\u00f3mo han rescatado historias de mujeres que ya en los a\u00f1os 70 gestionaban la log\u00edstica de empresas o creaban f\u00e1bricas textiles sin que nadie les reconociera el m\u00e9rito de ser empresarias.&nbsp;En la misma l\u00ednea,&nbsp;Mar\u00eda Jos\u00e9 \u00c1lvaro, de Aras de los Olmos, ha puesto el foco en las dificultades del mundo rural, donde la falta de servicios de conciliaci\u00f3n obliga a las mujeres a ir \u00abdiez mil pasos por detr\u00e1s\u00bb.&nbsp;Sin embargo, ha destacado la aparici\u00f3n de una nueva \u00abrepoblaci\u00f3n\u00bb de licenciadas que vuelven a sus municipios para emprender, creando redes de apoyo para que las ni\u00f1as vean que la tecnolog\u00eda est\u00e1 detr\u00e1s de algo tan cotidiano como la agricultura o la seguridad de sus datos.&nbsp;<\/p>\n\n\n\n<p>Para cerrar el encuentro, la vicepresidenta Nat\u00e0lia Enguix ha reafirmado que la Diputaci\u00f3 no permitir\u00e1 que el talento de las ni\u00f1as se pierda por falta de apoyo. \u00abVamos a seguir volc\u00e1ndonos con los ayuntamientos para que la igualdad llegue a cada rinc\u00f3n, porque una sociedad que no cuenta con sus cient\u00edficas es una sociedad que camina a medias\u00bb, ha concluido, subrayando que la inversi\u00f3n institucional es la herramienta para que el talento femenino valenciano lidere los avances que el mundo ya est\u00e1 demandando. La jornada ha concluido con la participaci\u00f3n de personal t\u00e9cnico de la Oficina de Proyectos Europeos de la Diputaci\u00f3, que ha detallado las l\u00edneas de financiaci\u00f3n que los ayuntamientos tienen a su disposici\u00f3n para proyectos de innovaci\u00f3n y educaci\u00f3n.<\/p>\n","protected":false},"excerpt":{"rendered":"<div class=\"mh-excerpt\">La vicepresidenta y diputada de Igualdad, Nat\u00e0lia Enguix, apuesta por \u201celaborar desde las administraciones pol\u00edticas p\u00fablicas que beneficien a toda la poblaci\u00f3n porque estas no son neutras y, si no se aplica la perspectiva de <a class=\"mh-excerpt-more\" href=\"https:\/\/www.tucomarca.com\/wordpress\/segunda\/natalia-enguix-defiende-el-impulso-de-politicas-que-fomenten-el-talento-femenino-en-la-ciencia\/\" title=\"Nat\u00e0lia Enguix defiende el impulso de pol\u00edticas que fomenten el talento femenino en la ciencia\">[+] <\/a><\/div>\n","protected":false},"author":12,"featured_media":292891,"comment_status":"open","ping_status":"open","sticky":false,"template":"","format":"standard","meta":{"footnotes":""},"categories":[101,39,38,128,8,72,59,142,3,45],"tags":[23896,3677,20401,23895],"class_list":{"0":"post-292884","1":"post","2":"type-post","3":"status-publish","4":"format-standard","5":"has-post-thumbnail","7":"category-aras-de-olmos","8":"category-ayora","9":"category-ayora-cofrentes","10":"category-infraestructuras","11":"category-la-comarca","12":"category-sin-categorizar","13":"category-los-serranos","14":"category-politica-la-comarca","15":"category-seccion","16":"category-ventana","17":"tag-dia-internacional-de-la-mujer-y-la-nina-en-la-ciencia","18":"tag-diputacio-de-valencia","19":"tag-natalia-enguix-2","20":"tag-talento-femenino-en-la-ciencia"},"_links":{"self":[{"href":"https:\/\/www.tucomarca.com\/wordpress\/segunda\/wp-json\/wp\/v2\/posts\/292884","targetHints":{"allow":["GET"]}}],"collection":[{"href":"https:\/\/www.tucomarca.com\/wordpress\/segunda\/wp-json\/wp\/v2\/posts"}],"about":[{"href":"https:\/\/www.tucomarca.com\/wordpress\/segunda\/wp-json\/wp\/v2\/types\/post"}],"author":[{"embeddable":true,"href":"https:\/\/www.tucomarca.com\/wordpress\/segunda\/wp-json\/wp\/v2\/users\/12"}],"replies":[{"embeddable":true,"href":"https:\/\/www.tucomarca.com\/wordpress\/segunda\/wp-json\/wp\/v2\/comments?post=292884"}],"version-history":[{"count":0,"href":"https:\/\/www.tucomarca.com\/wordpress\/segunda\/wp-json\/wp\/v2\/posts\/292884\/revisions"}],"wp:featuredmedia":[{"embeddable":true,"href":"https:\/\/www.tucomarca.com\/wordpress\/segunda\/wp-json\/wp\/v2\/media\/292891"}],"wp:attachment":[{"href":"https:\/\/www.tucomarca.com\/wordpress\/segunda\/wp-json\/wp\/v2\/media?parent=292884"}],"wp:term":[{"taxonomy":"category","embeddable":true,"href":"https:\/\/www.tucomarca.com\/wordpress\/segunda\/wp-json\/wp\/v2\/categories?post=292884"},{"taxonomy":"post_tag","embeddable":true,"href":"https:\/\/www.tucomarca.com\/wordpress\/segunda\/wp-json\/wp\/v2\/tags?post=292884"}],"curies":[{"name":"wp","href":"https:\/\/api.w.org\/{rel}","templated":true}]}}