{"id":292938,"date":"2026-02-11T13:00:00","date_gmt":"2026-02-11T12:00:00","guid":{"rendered":"https:\/\/www.tucomarca.com\/wordpress\/segunda\/?p=292938"},"modified":"2026-02-11T20:34:19","modified_gmt":"2026-02-11T19:34:19","slug":"mas-de-440-agricultores-y-ganaderos-de-la-unio-y-10-tractores-participan-en-la-gran-protesta-que-ha-culminado-ante-el-ministerio-de-agricultura","status":"publish","type":"post","link":"https:\/\/www.tucomarca.com\/wordpress\/segunda\/mas-de-440-agricultores-y-ganaderos-de-la-unio-y-10-tractores-participan-en-la-gran-protesta-que-ha-culminado-ante-el-ministerio-de-agricultura\/","title":{"rendered":"M\u00e1s de 440 agricultores y ganaderos de La Uni\u00f3 y 10 tractores participan en la gran protesta que ha culminado ante el Ministerio de Agricultura"},"content":{"rendered":"\n<h3 class=\"wp-block-heading\">Malestar contra las pol\u00edticas agrarias que recortan la PAC, permiten acuerdos perjudiciales como el de Mercosur o una excesiva burocracia, entre otras cosas.<\/h3>\n\n\n\n<p>M\u00e1s de 440 agricultores y ganaderos de La Uni\u00f3 Llauradora i Ramadera y 10 tractores, procedentes de toda la Comunitat Valenciana, han participado hoy en Madrid, en la gran manifestaci\u00f3n-tractorada del campo convocada por su organizaci\u00f3n estatal Uni\u00f3n de Uniones para reivindicar y poner el acento en las nefastas pol\u00edticas agrarias de todas las Administraciones.<\/p>\n\n\n\n<p>La delegaci\u00f3n de La Uni\u00f3 ha partido esta pasada madrugada en autob\u00fas desde todas las comarcas de la Comunitat Valenciana (220 personas de las comarcas de Valencia, 110 de las de Alicante y otras 110 de las de Castell\u00f3n). Los tractores salieron el martes en g\u00f3ndolas para unirse al resto de los de otras comunidades aut\u00f3nomas que han partido en cinco columnas hasta la entrada a Madrid. La organizaci\u00f3n preve\u00eda 1.500 tractores, pero una resoluci\u00f3n gubernativa los dej\u00f3 en 500.<\/p>\n\n\n\n<p>El malestar en el campo es grande. Las explotaciones agrarias atraviesan una situaci\u00f3n cr\u00edtica marcada por costes de producci\u00f3n crecientes, presiones regulatorias y la competencia derivada de acuerdos comerciales internacionales. La guerra en Ucrania dispar\u00f3 los costes, mientras que acuerdos como los de Mercosur o Marruecos introducen competencia con normas sanitarias, ambientales y laborales menos exigentes, lo que coloca a los productores valencianos en clara desventaja. Todo ello se suma a la incertidumbre sobre la futura Pol\u00edtica Agr\u00edcola Com\u00fan (PAC) y el Marco Financiero Plurianual 2028-2034, que podr\u00edan recortar ayudas hasta un 22%, afectando directamente a la renta de los agricultores y ganaderos.<\/p>\n\n\n\n<p>El sector ganadero enfrenta adem\u00e1s un escenario de emergencia sanitaria, con enfermedades como la Peste Porcina Africana, la influenza aviar, la enfermedad de Newscatle o la Dermatosis Nodular Contagiosa, que golpean la producci\u00f3n y generan restricciones adicionales.<\/p>\n\n\n\n<p>Los acuerdos comerciales impulsados por la Uni\u00f3n Europea, especialmente el UE-MERCOSUR, son percibidos como desventajosos para la agricultura y la ganader\u00eda europea, ya que favorecen a sectores industriales y servicios mientras el primario europeo soporta la competencia sin reciprocidad. La liberalizaci\u00f3n comercial sin cl\u00e1usulas espejo ni controles rigurosos genera competencia desleal y amenaza la soberan\u00eda y la seguridad alimentaria, trasladando el riesgo del productor al consumidor y al conjunto de la econom\u00eda local y rural.<\/p>\n\n\n\n<p>Ante este panorama, el sector reclama pol\u00edticas claras y efectivas: una PAC fuerte y bien financiada, precios justos que cubran los costes de producci\u00f3n, medidas de prevenci\u00f3n y gesti\u00f3n sanitaria m\u00e1s eficaces, apoyos que permitan la incorporaci\u00f3n de j\u00f3venes al campo y reducir la excesiva burocracia. La falta de rentas dignas, estabilidad y perspectivas futuras no solo pone en riesgo explotaciones y familias, sino que amenaza la autonom\u00eda alimentaria, el medio rural y la continuidad de la producci\u00f3n de alimentos.<\/p>\n\n\n\n<p>Es la cuarta protesta que realiza La Uni\u00f3 Llauradora i Ramadera en menos de dos meses para denunciar las malas pol\u00edticas agrarias de todas las Administraciones. La primera fue el pasado 18 de diciembre por las calles de Val\u00e8ncia, la segunda ante la Representaci\u00f3n de la Comisi\u00f3n Europea en Madrid el 19 de diciembre, la tercera nuevamente en Val\u00e8ncia el 29 de enero y la de hoy cierra por el momento el ciclo de manifestaciones de la organizaci\u00f3n, pero todo indica que no ser\u00e1n las \u00faltimas.<\/p>\n\n\n\n<figure class=\"wp-block-gallery has-nested-images columns-2 is-cropped wp-block-gallery-1 is-layout-flex wp-block-gallery-is-layout-flex\">\n<figure class=\"wp-block-image size-large\"><img loading=\"lazy\" decoding=\"async\" width=\"1024\" height=\"691\" data-id=\"292941\" src=\"https:\/\/www.tucomarca.com\/wordpress\/segunda\/wp-content\/uploads\/2026\/02\/LaUnioManiMercosur01-1024x691.jpg\" alt=\"\" class=\"wp-image-292941\" srcset=\"https:\/\/www.tucomarca.com\/wordpress\/segunda\/wp-content\/uploads\/2026\/02\/LaUnioManiMercosur01-1024x691.jpg 1024w, https:\/\/www.tucomarca.com\/wordpress\/segunda\/wp-content\/uploads\/2026\/02\/LaUnioManiMercosur01-300x202.jpg 300w, https:\/\/www.tucomarca.com\/wordpress\/segunda\/wp-content\/uploads\/2026\/02\/LaUnioManiMercosur01-768x518.jpg 768w, https:\/\/www.tucomarca.com\/wordpress\/segunda\/wp-content\/uploads\/2026\/02\/LaUnioManiMercosur01.jpg 1181w\" sizes=\"auto, (max-width: 1024px) 100vw, 1024px\" \/><\/figure>\n\n\n\n<figure class=\"wp-block-image size-large\"><img loading=\"lazy\" decoding=\"async\" width=\"1024\" height=\"691\" data-id=\"292945\" src=\"https:\/\/www.tucomarca.com\/wordpress\/segunda\/wp-content\/uploads\/2026\/02\/LaUnioManiMercosur03-1024x691.jpg\" alt=\"\" class=\"wp-image-292945\" srcset=\"https:\/\/www.tucomarca.com\/wordpress\/segunda\/wp-content\/uploads\/2026\/02\/LaUnioManiMercosur03-1024x691.jpg 1024w, https:\/\/www.tucomarca.com\/wordpress\/segunda\/wp-content\/uploads\/2026\/02\/LaUnioManiMercosur03-300x202.jpg 300w, https:\/\/www.tucomarca.com\/wordpress\/segunda\/wp-content\/uploads\/2026\/02\/LaUnioManiMercosur03-768x518.jpg 768w, https:\/\/www.tucomarca.com\/wordpress\/segunda\/wp-content\/uploads\/2026\/02\/LaUnioManiMercosur03.jpg 1181w\" sizes=\"auto, (max-width: 1024px) 100vw, 1024px\" \/><\/figure>\n\n\n\n<figure class=\"wp-block-image size-large\"><img loading=\"lazy\" decoding=\"async\" width=\"1024\" height=\"691\" data-id=\"292943\" src=\"https:\/\/www.tucomarca.com\/wordpress\/segunda\/wp-content\/uploads\/2026\/02\/LaUnioManiMercosur02-1024x691.jpg\" alt=\"\" class=\"wp-image-292943\" srcset=\"https:\/\/www.tucomarca.com\/wordpress\/segunda\/wp-content\/uploads\/2026\/02\/LaUnioManiMercosur02-1024x691.jpg 1024w, https:\/\/www.tucomarca.com\/wordpress\/segunda\/wp-content\/uploads\/2026\/02\/LaUnioManiMercosur02-300x202.jpg 300w, https:\/\/www.tucomarca.com\/wordpress\/segunda\/wp-content\/uploads\/2026\/02\/LaUnioManiMercosur02-768x518.jpg 768w, https:\/\/www.tucomarca.com\/wordpress\/segunda\/wp-content\/uploads\/2026\/02\/LaUnioManiMercosur02.jpg 1181w\" sizes=\"auto, (max-width: 1024px) 100vw, 1024px\" \/><\/figure>\n\n\n\n<figure class=\"wp-block-image size-large\"><img loading=\"lazy\" decoding=\"async\" width=\"1024\" height=\"691\" data-id=\"292947\" src=\"https:\/\/www.tucomarca.com\/wordpress\/segunda\/wp-content\/uploads\/2026\/02\/LaUnioManiMercosur04-1024x691.jpg\" alt=\"\" class=\"wp-image-292947\" srcset=\"https:\/\/www.tucomarca.com\/wordpress\/segunda\/wp-content\/uploads\/2026\/02\/LaUnioManiMercosur04-1024x691.jpg 1024w, https:\/\/www.tucomarca.com\/wordpress\/segunda\/wp-content\/uploads\/2026\/02\/LaUnioManiMercosur04-300x202.jpg 300w, https:\/\/www.tucomarca.com\/wordpress\/segunda\/wp-content\/uploads\/2026\/02\/LaUnioManiMercosur04-768x518.jpg 768w, https:\/\/www.tucomarca.com\/wordpress\/segunda\/wp-content\/uploads\/2026\/02\/LaUnioManiMercosur04.jpg 1181w\" sizes=\"auto, (max-width: 1024px) 100vw, 1024px\" \/><\/figure>\n\n\n\n<figure class=\"wp-block-image size-large\"><img loading=\"lazy\" decoding=\"async\" width=\"1024\" height=\"691\" data-id=\"292949\" src=\"https:\/\/www.tucomarca.com\/wordpress\/segunda\/wp-content\/uploads\/2026\/02\/LaUnioManiMercosur05-1024x691.jpg\" alt=\"\" class=\"wp-image-292949\" srcset=\"https:\/\/www.tucomarca.com\/wordpress\/segunda\/wp-content\/uploads\/2026\/02\/LaUnioManiMercosur05-1024x691.jpg 1024w, https:\/\/www.tucomarca.com\/wordpress\/segunda\/wp-content\/uploads\/2026\/02\/LaUnioManiMercosur05-300x202.jpg 300w, https:\/\/www.tucomarca.com\/wordpress\/segunda\/wp-content\/uploads\/2026\/02\/LaUnioManiMercosur05-768x518.jpg 768w, https:\/\/www.tucomarca.com\/wordpress\/segunda\/wp-content\/uploads\/2026\/02\/LaUnioManiMercosur05.jpg 1181w\" sizes=\"auto, (max-width: 1024px) 100vw, 1024px\" \/><\/figure>\n<\/figure>\n","protected":false},"excerpt":{"rendered":"<div class=\"mh-excerpt\">Malestar contra las pol\u00edticas agrarias que recortan la PAC, permiten acuerdos perjudiciales como el de Mercosur o una excesiva burocracia, entre otras cosas. M\u00e1s de 440 agricultores y ganaderos de La Uni\u00f3 Llauradora i Ramadera <a class=\"mh-excerpt-more\" href=\"https:\/\/www.tucomarca.com\/wordpress\/segunda\/mas-de-440-agricultores-y-ganaderos-de-la-unio-y-10-tractores-participan-en-la-gran-protesta-que-ha-culminado-ante-el-ministerio-de-agricultura\/\" title=\"M\u00e1s de 440 agricultores y ganaderos de La Uni\u00f3 y 10 tractores participan en la gran protesta que ha culminado ante el Ministerio de Agricultura\">[+] <\/a><\/div>\n","protected":false},"author":12,"featured_media":292951,"comment_status":"open","ping_status":"open","sticky":false,"template":"","format":"gallery","meta":{"footnotes":""},"categories":[169,128,8,72,142,3,45],"tags":[18020,23736,20205],"class_list":{"0":"post-292938","1":"post","2":"type-post","3":"status-publish","4":"format-gallery","5":"has-post-thumbnail","7":"category-agricultura-la-comarca","8":"category-infraestructuras","9":"category-la-comarca","10":"category-sin-categorizar","11":"category-politica-la-comarca","12":"category-seccion","13":"category-ventana","14":"tag-la-unio-llauradora","15":"tag-mercosur","16":"tag-protestas-agricultores","17":"post_format-post-format-gallery"},"_links":{"self":[{"href":"https:\/\/www.tucomarca.com\/wordpress\/segunda\/wp-json\/wp\/v2\/posts\/292938","targetHints":{"allow":["GET"]}}],"collection":[{"href":"https:\/\/www.tucomarca.com\/wordpress\/segunda\/wp-json\/wp\/v2\/posts"}],"about":[{"href":"https:\/\/www.tucomarca.com\/wordpress\/segunda\/wp-json\/wp\/v2\/types\/post"}],"author":[{"embeddable":true,"href":"https:\/\/www.tucomarca.com\/wordpress\/segunda\/wp-json\/wp\/v2\/users\/12"}],"replies":[{"embeddable":true,"href":"https:\/\/www.tucomarca.com\/wordpress\/segunda\/wp-json\/wp\/v2\/comments?post=292938"}],"version-history":[{"count":0,"href":"https:\/\/www.tucomarca.com\/wordpress\/segunda\/wp-json\/wp\/v2\/posts\/292938\/revisions"}],"wp:featuredmedia":[{"embeddable":true,"href":"https:\/\/www.tucomarca.com\/wordpress\/segunda\/wp-json\/wp\/v2\/media\/292951"}],"wp:attachment":[{"href":"https:\/\/www.tucomarca.com\/wordpress\/segunda\/wp-json\/wp\/v2\/media?parent=292938"}],"wp:term":[{"taxonomy":"category","embeddable":true,"href":"https:\/\/www.tucomarca.com\/wordpress\/segunda\/wp-json\/wp\/v2\/categories?post=292938"},{"taxonomy":"post_tag","embeddable":true,"href":"https:\/\/www.tucomarca.com\/wordpress\/segunda\/wp-json\/wp\/v2\/tags?post=292938"}],"curies":[{"name":"wp","href":"https:\/\/api.w.org\/{rel}","templated":true}]}}