{"id":293056,"date":"2026-02-12T12:10:00","date_gmt":"2026-02-12T11:10:00","guid":{"rendered":"https:\/\/www.tucomarca.com\/wordpress\/segunda\/?p=293056"},"modified":"2026-02-25T13:04:12","modified_gmt":"2026-02-25T12:04:12","slug":"el-pp-de-chella-condena-los-actos-contra-la-bandera-espanola-y-las-amenazas-a-la-hija-del-alcalde","status":"publish","type":"post","link":"https:\/\/www.tucomarca.com\/wordpress\/segunda\/el-pp-de-chella-condena-los-actos-contra-la-bandera-espanola-y-las-amenazas-a-la-hija-del-alcalde\/","title":{"rendered":"El PP de Chella condena los actos contra la bandera espa\u00f1ola y las amenazas a la hija del alcalde"},"content":{"rendered":"\n<p><strong>Mart\u00ednez: \u00abLos s\u00edmbolos nacionales deben ser respetados, son la identidad del pueblo y no se debe permitir que sean ultrajados\u00bb<\/strong>.<\/p>\n\n\n<div class=\"wp-block-image\">\n<figure class=\"alignleft size-large is-resized\"><img loading=\"lazy\" decoding=\"async\" width=\"886\" height=\"1024\" src=\"https:\/\/www.tucomarca.com\/wordpress\/segunda\/wp-content\/uploads\/2026\/02\/EstherMartinezPPChella-886x1024.jpg\" alt=\"\" class=\"wp-image-293058\" style=\"width:230px;height:auto\" srcset=\"https:\/\/www.tucomarca.com\/wordpress\/segunda\/wp-content\/uploads\/2026\/02\/EstherMartinezPPChella-886x1024.jpg 886w, https:\/\/www.tucomarca.com\/wordpress\/segunda\/wp-content\/uploads\/2026\/02\/EstherMartinezPPChella-260x300.jpg 260w, https:\/\/www.tucomarca.com\/wordpress\/segunda\/wp-content\/uploads\/2026\/02\/EstherMartinezPPChella-768x887.jpg 768w, https:\/\/www.tucomarca.com\/wordpress\/segunda\/wp-content\/uploads\/2026\/02\/EstherMartinezPPChella.jpg 921w\" sizes=\"auto, (max-width: 886px) 100vw, 886px\" \/><\/figure>\n<\/div>\n\n\n<p>El Partido Popular de Chella ha manifestado su \u00abcondena a los hechos protagonizados por la hija del alcalde y dos j\u00f3venes m\u00e1s durante los carnavales en los que quemaron una bandera espa\u00f1ola mientras cantaban el himno regional\u00bb. El PP condena \u00abcualquier acto que atente contra la bandera nacional y contra Espa\u00f1a, venga de donde venga\u00bb, ha asegurado la portavoz popular, Esther Mart\u00ednez.<\/p>\n\n\n\n<p>Igualmente, ha defendido, \u00ablos s\u00edmbolos nacionales deben ser respetados, son la identidad del pueblo y no se debe permitir que sean ultrajados ni objeto de burla y maltrato\u00bb.<\/p>\n\n\n\n<p>Asimismo, el Partido Popular de Chella condena \u00abfirmemente las amenazas personales que est\u00e1 recibiendo la hija del alcalde: cada acto, con sus consecuencias, debe ser juzgado donde corresponda, no en redes sociales\u00bb, ha esgrimido Mart\u00ednez, al tiempo que ha destacado la actitud de la hija del alcalde tras la pol\u00e9mica: \u00abNos consta el arrepentimiento de la joven por el acto cometido, considerado un error por su parte\u00bb.<\/p>\n","protected":false},"excerpt":{"rendered":"<div class=\"mh-excerpt\">Mart\u00ednez: \u00abLos s\u00edmbolos nacionales deben ser respetados, son la identidad del pueblo y no se debe permitir que sean ultrajados\u00bb. El Partido Popular de Chella ha manifestado su \u00abcondena a los hechos protagonizados por la <a class=\"mh-excerpt-more\" href=\"https:\/\/www.tucomarca.com\/wordpress\/segunda\/el-pp-de-chella-condena-los-actos-contra-la-bandera-espanola-y-las-amenazas-a-la-hija-del-alcalde\/\" title=\"El PP de Chella condena los actos contra la bandera espa\u00f1ola y las amenazas a la hija del alcalde\">[+] <\/a><\/div>\n","protected":false},"author":1,"featured_media":293058,"comment_status":"open","ping_status":"open","sticky":false,"template":"","format":"standard","meta":{"footnotes":""},"categories":[257,70,8,72,142,3],"tags":[10459,1452,63],"class_list":{"0":"post-293056","1":"post","2":"type-post","3":"status-publish","4":"format-standard","5":"has-post-thumbnail","7":"category-chella","8":"category-la-canal-de-navarres","9":"category-la-comarca","10":"category-sin-categorizar","11":"category-politica-la-comarca","12":"category-seccion","13":"tag-chella","14":"tag-la-canal-de-navarres-2","15":"tag-pp"},"_links":{"self":[{"href":"https:\/\/www.tucomarca.com\/wordpress\/segunda\/wp-json\/wp\/v2\/posts\/293056","targetHints":{"allow":["GET"]}}],"collection":[{"href":"https:\/\/www.tucomarca.com\/wordpress\/segunda\/wp-json\/wp\/v2\/posts"}],"about":[{"href":"https:\/\/www.tucomarca.com\/wordpress\/segunda\/wp-json\/wp\/v2\/types\/post"}],"author":[{"embeddable":true,"href":"https:\/\/www.tucomarca.com\/wordpress\/segunda\/wp-json\/wp\/v2\/users\/1"}],"replies":[{"embeddable":true,"href":"https:\/\/www.tucomarca.com\/wordpress\/segunda\/wp-json\/wp\/v2\/comments?post=293056"}],"version-history":[{"count":0,"href":"https:\/\/www.tucomarca.com\/wordpress\/segunda\/wp-json\/wp\/v2\/posts\/293056\/revisions"}],"wp:featuredmedia":[{"embeddable":true,"href":"https:\/\/www.tucomarca.com\/wordpress\/segunda\/wp-json\/wp\/v2\/media\/293058"}],"wp:attachment":[{"href":"https:\/\/www.tucomarca.com\/wordpress\/segunda\/wp-json\/wp\/v2\/media?parent=293056"}],"wp:term":[{"taxonomy":"category","embeddable":true,"href":"https:\/\/www.tucomarca.com\/wordpress\/segunda\/wp-json\/wp\/v2\/categories?post=293056"},{"taxonomy":"post_tag","embeddable":true,"href":"https:\/\/www.tucomarca.com\/wordpress\/segunda\/wp-json\/wp\/v2\/tags?post=293056"}],"curies":[{"name":"wp","href":"https:\/\/api.w.org\/{rel}","templated":true}]}}