{"id":293082,"date":"2026-02-12T13:00:00","date_gmt":"2026-02-12T12:00:00","guid":{"rendered":"https:\/\/www.tucomarca.com\/wordpress\/segunda\/?p=293082"},"modified":"2026-02-12T20:19:47","modified_gmt":"2026-02-12T19:19:47","slug":"la-diputacio-ensaya-en-la-safor-un-sistema-inteligente-que-detecta-jabalies-y-activa-senales-luminosas-para-evitar-accidentes-en-las-carreteras","status":"publish","type":"post","link":"https:\/\/www.tucomarca.com\/wordpress\/segunda\/la-diputacio-ensaya-en-la-safor-un-sistema-inteligente-que-detecta-jabalies-y-activa-senales-luminosas-para-evitar-accidentes-en-las-carreteras\/","title":{"rendered":"La Diputaci\u00f3 ensaya en La Safor un sistema inteligente que detecta jabal\u00edes y activa se\u00f1ales luminosas para evitar accidentes en las carreteras"},"content":{"rendered":"\n<h3 class=\"wp-block-heading\">El presidente Vicent Momp\u00f3 y la diputada de Carreteras, Reme Mazzolari, visitan en la Safor el tramo piloto que incorpora tecnolog\u00eda de detecci\u00f3n autom\u00e1tica para prevenir colisiones con fauna.<\/h3>\n\n\n\n<h3 class=\"wp-block-heading\">Momp\u00f3 avanza que \u00abel objetivo es extender esta tecnolog\u00eda a otros tramos de la red de carreteras que presentan una problem\u00e1tica similar\u00bb.<\/h3>\n\n\n\n<p>La Diputaci\u00f3 de Val\u00e8ncia ha iniciado en la carretera CV-600 las pruebas piloto de un sistema de se\u00f1alizaci\u00f3n inteligente dise\u00f1ado para detectar la presencia de jabal\u00edes en las inmediaciones de la calzada y activar de forma autom\u00e1tica se\u00f1ales luminosas de advertencia.&nbsp;<\/p>\n\n\n\n<p>El presidente de la corporaci\u00f3n provincial, Vicent Momp\u00f3, y la diputada de Carreteras, Reme Mazzolari, han visitado este jueves el tramo en el que se ha instalado la tecnolog\u00eda, ubicado en el entorno de Simat de la Valldigna y Benifair\u00f3 de la Valldigna. En la jornada ha estado presente tambi\u00e9n Jos\u00e9 Carlos Cucarella, director general de Metalesa, compa\u00f1\u00eda valenciana l\u00edder en seguridad vial que est\u00e1 llevando a cabo el proyecto; Ricardo Bono, director general de Obra Civil de Grupo Bertol\u00edn, que ha ejecutado las obras; el alcalde de Simat de la Valldigna, Sebasti\u00e1n Mahiques; y la presidenta de la Federaci\u00f3n de Caza de la Comunidad Valenciana, Lorena Mart\u00ednez.<\/p>\n\n\n\n<p>El sistema, que se instalar\u00e1 de manera estrat\u00e9gica en puntos clave de las v\u00edas de la red provincial de carreteras, combina c\u00e1maras con visi\u00f3n artificial y algoritmos de detecci\u00f3n autom\u00e1tica que identifican el paso de animales y activan se\u00f1ales luminosas din\u00e1micas \u00fanicamente cuando existe riesgo real. Adem\u00e1s, la infraestructura incorpora un sistema de registro de eventos que permite recopilar datos sobre patrones de paso, franjas horarias y frecuencia de activaciones.<\/p>\n\n\n\n<p>El presidente Momp\u00f3 ha enmarcado el proyecto dentro de la estrategia de modernizaci\u00f3n de la red provincial: \u201cGestionar la red de carreteras provincial implica m\u00e1s que conservar el asfalto, implica proteger a quienes la recorren cada d\u00eda y es evidente que sufrimos un grave problema con la sobrepoblaci\u00f3n de fauna silvestre, especialmente de jabal\u00eds, que provoca un riesgo importante en la carretera\u201d.&nbsp;<\/p>\n\n\n\n<p>Por eso, ha explicado, \u201ccon Metalesa, empresa valenciana, de Carcaixent, hemos impulsado un sistema pionero que detecta la presencia de fauna mediante inteligencia artificial, activa una se\u00f1alizaci\u00f3n luminosa en tiempo real que avisa a los conductores y genera datos para mejorar la gesti\u00f3n futura\u201d. De este modo, ha a\u00f1adido, \u201ces una infraestructura que alerta y protege. Una soluci\u00f3n que sit\u00faa en nuestra provincia en vanguardia de la seguridad viaria inteligente y que, estoy convencido, ser\u00e1 replicada en otros territorios porque adem\u00e1s las propias caracter\u00edsticas t\u00e9cnicas del sistema, que se alimenta mediante energ\u00eda fotovoltaica, permite su implantaci\u00f3n sin grandes obras ni afecciones al entorno\u201d.<\/p>\n\n\n\n<p>En este sentido, ha detallado Momp\u00f3, \u201cesta instalaci\u00f3n en la CV-600 a la altura de Simat es una prueba piloto. Pasadas unas semanas, evaluaremos los resultados, analizaremos los datos y, si la eficacia es la que esperamos, extenderemos este modelo a los tramos m\u00e1s sensibles de las carreteras provinciales. Para el presidente de la Diputaci\u00f3n, esta instalaci\u00f3n demuestra que \u201cqueremos ser referentes en prevenci\u00f3n, innovaci\u00f3n aplicada y seguridad viaria porque cuando el talento de nuestras empresas se alinea con la determinaci\u00f3n de las instituciones p\u00fablicas, el \u00e9xito est\u00e1 asegurado\u201d.<\/p>\n\n\n\n<figure class=\"wp-block-gallery has-nested-images columns-default is-cropped wp-block-gallery-1 is-layout-flex wp-block-gallery-is-layout-flex\">\n<figure class=\"wp-block-image size-large\"><img loading=\"lazy\" decoding=\"async\" width=\"1024\" height=\"691\" data-id=\"293084\" src=\"https:\/\/www.tucomarca.com\/wordpress\/segunda\/wp-content\/uploads\/2026\/02\/Dipu_SenalizacionJabalies6-1024x691.jpg\" alt=\"\" class=\"wp-image-293084\" srcset=\"https:\/\/www.tucomarca.com\/wordpress\/segunda\/wp-content\/uploads\/2026\/02\/Dipu_SenalizacionJabalies6-1024x691.jpg 1024w, https:\/\/www.tucomarca.com\/wordpress\/segunda\/wp-content\/uploads\/2026\/02\/Dipu_SenalizacionJabalies6-300x202.jpg 300w, https:\/\/www.tucomarca.com\/wordpress\/segunda\/wp-content\/uploads\/2026\/02\/Dipu_SenalizacionJabalies6-768x518.jpg 768w, https:\/\/www.tucomarca.com\/wordpress\/segunda\/wp-content\/uploads\/2026\/02\/Dipu_SenalizacionJabalies6.jpg 1181w\" sizes=\"auto, (max-width: 1024px) 100vw, 1024px\" \/><\/figure>\n\n\n\n<figure class=\"wp-block-image size-large\"><img loading=\"lazy\" decoding=\"async\" width=\"1024\" height=\"691\" data-id=\"293088\" src=\"https:\/\/www.tucomarca.com\/wordpress\/segunda\/wp-content\/uploads\/2026\/02\/Dipu_SenalizacionJabalies2-1024x691.jpg\" alt=\"\" class=\"wp-image-293088\" srcset=\"https:\/\/www.tucomarca.com\/wordpress\/segunda\/wp-content\/uploads\/2026\/02\/Dipu_SenalizacionJabalies2-1024x691.jpg 1024w, https:\/\/www.tucomarca.com\/wordpress\/segunda\/wp-content\/uploads\/2026\/02\/Dipu_SenalizacionJabalies2-300x202.jpg 300w, https:\/\/www.tucomarca.com\/wordpress\/segunda\/wp-content\/uploads\/2026\/02\/Dipu_SenalizacionJabalies2-768x518.jpg 768w, https:\/\/www.tucomarca.com\/wordpress\/segunda\/wp-content\/uploads\/2026\/02\/Dipu_SenalizacionJabalies2.jpg 1181w\" sizes=\"auto, (max-width: 1024px) 100vw, 1024px\" \/><\/figure>\n<\/figure>\n\n\n\n<p>Por su parte, Reme Mazzolari ha subrayado que la presencia de jabal\u00edes se ha convertido en un problema creciente en determinadas v\u00edas interurbanas, por lo que \u00abdesde el \u00e1rea de Carreteras estamos trabajando ya de manera activa en diferentes medidas para reducir el riesgo que supone para los conductores\u00bb. As\u00ed, la diputada ha destacado \u00abun sistema de reflectores que se ha instalado en la carretera CV-510, de Alzira a Favara, mediante el cual, cuando incide sobre ellos la luz de los focos de los veh\u00edculos, reflejan hacia fuera de la carretera un destello rojo que ahuyenta a los animales y que es invisible para el conductor\u00bb.<\/p>\n\n\n\n<p>En esta l\u00ednea, Mazzolari ha recordado tambi\u00e9n que desde junio de 2025 el Reglamento General de Circulaci\u00f3n incorpora una se\u00f1al espec\u00edfica de advertencia por presencia de jabal\u00edes, \u00abun cambio normativo que se aprob\u00f3 por el Consejo de Ministros pero que empez\u00f3 a gestarse en 2022 y que refuerza una decisi\u00f3n que la Diputaci\u00f3 de Val\u00e8ncia ya hab\u00eda adoptado con anterioridad, incorporando desde 2023 este tipo de se\u00f1alizaci\u00f3n en su red viaria ante la magnitud del problema\u00bb.<\/p>\n\n\n\n<p>Por \u00faltimo, Lorena Mart\u00ednez, ha recalcado que \u201cel 80% de los accidentes que tienen que ver con la fauna son con los jabal\u00edes\u201d. Adem\u00e1s, ha detallado, \u201clas estimaciones de la conselleria de Medio Ambiente hablan de que hay entre 100.000 y 200.000 jabal\u00edes en la Comunitat Valenciana, y los cazadores han abatido 50.000 al a\u00f1o, un 16% m\u00e1s que en la temporada anterior, una cifra&nbsp; importante porque esto se traslada a la reducci\u00f3n de accidentes\u201d.<\/p>\n\n\n\n<p>Adem\u00e1s de las acciones en materia de seguridad vial, el impacto del problema que supone para la sobrepoblaci\u00f3n de jabal\u00edes ha llevado a la Diputaci\u00f3 de Val\u00e8ncia a abordar este hecho de manera transversal a sus pol\u00edticas de gesti\u00f3n. Desde el \u00e1rea de Desarrollo Territorial Sostenible y en coordinaci\u00f3n con la Generalitat Valenciana, se trabaja en otras iniciativas como la valorizaci\u00f3n de la carne de caza y la mejora de la log\u00edstica y sanidad asociadas a la gesti\u00f3n de la fauna.&nbsp;<\/p>\n","protected":false},"excerpt":{"rendered":"<div class=\"mh-excerpt\">El presidente Vicent Momp\u00f3 y la diputada de Carreteras, Reme Mazzolari, visitan en la Safor el tramo piloto que incorpora tecnolog\u00eda de detecci\u00f3n autom\u00e1tica para prevenir colisiones con fauna. Momp\u00f3 avanza que \u00abel objetivo es <a class=\"mh-excerpt-more\" href=\"https:\/\/www.tucomarca.com\/wordpress\/segunda\/la-diputacio-ensaya-en-la-safor-un-sistema-inteligente-que-detecta-jabalies-y-activa-senales-luminosas-para-evitar-accidentes-en-las-carreteras\/\" title=\"La Diputaci\u00f3 ensaya en La Safor un sistema inteligente que detecta jabal\u00edes y activa se\u00f1ales luminosas para evitar accidentes en las carreteras\">[+] <\/a><\/div>\n","protected":false},"author":12,"featured_media":293086,"comment_status":"open","ping_status":"open","sticky":false,"template":"","format":"gallery","meta":{"footnotes":""},"categories":[128,8,72,117,142,3,116,45],"tags":[445,23911,3677],"class_list":{"0":"post-293082","1":"post","2":"type-post","3":"status-publish","4":"format-gallery","5":"has-post-thumbnail","7":"category-infraestructuras","8":"category-la-comarca","9":"category-sin-categorizar","10":"category-medio-ambiente-la-comarca","11":"category-politica-la-comarca","12":"category-seccion","13":"category-sucesos-la-comarca","14":"category-ventana","15":"tag-carreteras","16":"tag-deteccion-de-jabalies","17":"tag-diputacio-de-valencia","18":"post_format-post-format-gallery"},"_links":{"self":[{"href":"https:\/\/www.tucomarca.com\/wordpress\/segunda\/wp-json\/wp\/v2\/posts\/293082","targetHints":{"allow":["GET"]}}],"collection":[{"href":"https:\/\/www.tucomarca.com\/wordpress\/segunda\/wp-json\/wp\/v2\/posts"}],"about":[{"href":"https:\/\/www.tucomarca.com\/wordpress\/segunda\/wp-json\/wp\/v2\/types\/post"}],"author":[{"embeddable":true,"href":"https:\/\/www.tucomarca.com\/wordpress\/segunda\/wp-json\/wp\/v2\/users\/12"}],"replies":[{"embeddable":true,"href":"https:\/\/www.tucomarca.com\/wordpress\/segunda\/wp-json\/wp\/v2\/comments?post=293082"}],"version-history":[{"count":0,"href":"https:\/\/www.tucomarca.com\/wordpress\/segunda\/wp-json\/wp\/v2\/posts\/293082\/revisions"}],"wp:featuredmedia":[{"embeddable":true,"href":"https:\/\/www.tucomarca.com\/wordpress\/segunda\/wp-json\/wp\/v2\/media\/293086"}],"wp:attachment":[{"href":"https:\/\/www.tucomarca.com\/wordpress\/segunda\/wp-json\/wp\/v2\/media?parent=293082"}],"wp:term":[{"taxonomy":"category","embeddable":true,"href":"https:\/\/www.tucomarca.com\/wordpress\/segunda\/wp-json\/wp\/v2\/categories?post=293082"},{"taxonomy":"post_tag","embeddable":true,"href":"https:\/\/www.tucomarca.com\/wordpress\/segunda\/wp-json\/wp\/v2\/tags?post=293082"}],"curies":[{"name":"wp","href":"https:\/\/api.w.org\/{rel}","templated":true}]}}