{"id":293126,"date":"2026-02-13T10:15:00","date_gmt":"2026-02-13T09:15:00","guid":{"rendered":"https:\/\/www.tucomarca.com\/wordpress\/segunda\/?p=293126"},"modified":"2026-02-13T19:19:27","modified_gmt":"2026-02-13T18:19:27","slug":"lalcudia-impulsa-la-reparacion-integral-de-su-alumbrado-publico-tras-la-dana","status":"publish","type":"post","link":"https:\/\/www.tucomarca.com\/wordpress\/segunda\/lalcudia-impulsa-la-reparacion-integral-de-su-alumbrado-publico-tras-la-dana\/","title":{"rendered":"L\u2019Alc\u00fadia impulsa la reparaci\u00f3n integral de su alumbrado p\u00fablico tras la DANA"},"content":{"rendered":"\n<h3 class=\"wp-block-heading\">El proyecto cuenta con un presupuesto estimado de 2,51 millones de euros y un plazo de ejecuci\u00f3n aproximado de doce meses.<\/h3>\n\n\n\n<p>L\u2019Alc\u00fadia ha puesto en marcha un proyecto de reparaci\u00f3n integral de la red de alumbrado p\u00fablico con el objetivo de restituir un servicio esencial tras los da\u00f1os provocados por la DANA que afect\u00f3 a la provincia de Valencia. La actuaci\u00f3n se desarrolla mediante un encargo de emergencia gestionado por TragsaTec orientado a \u201crecuperar la funcionalidad y seguridad de la infraestructura el\u00e9ctrica municipal\u201d.<\/p>\n\n\n\n<p>El proyecto contempla una auditor\u00eda t\u00e9cnica previa para determinar el alcance real de los da\u00f1os, la redacci\u00f3n de la memoria valorada, el proyecto de ejecuci\u00f3n y la direcci\u00f3n facultativa de las obras, que incluye la direcci\u00f3n de ejecuci\u00f3n y la coordinaci\u00f3n de seguridad y salud. Este planteamiento permitir\u00e1 definir con precisi\u00f3n las actuaciones necesarias y garantizar su correcta ejecuci\u00f3n conforme a la normativa vigente.<\/p>\n\n\n\n<p>Las obras cuentan con un presupuesto estimado de 2,51 millones de euros y un plazo de ejecuci\u00f3n aproximado de doce meses, dada la extensi\u00f3n de la red y la dispersi\u00f3n de las afecciones detectadas en distintos puntos del t\u00e9rmino municipal. El objetivo es recuperar los niveles de iluminaci\u00f3n previos, mejorar la fiabilidad del sistema y reforzar la resiliencia de la instalaci\u00f3n frente a futuros episodios meteorol\u00f3gicos adversos.<\/p>\n\n\n\n<p>Para el desarrollo de la asistencia t\u00e9cnica integral, la intervenci\u00f3n cuenta con la participaci\u00f3n de MasQueIngenieros (MQI). Seg\u00fan explica Vincens Pastor, director del proyecto, \u201cla actuaci\u00f3n permitir\u00e1 reparar los da\u00f1os causados por la DANA y, al mismo tiempo, ordenar y actualizar la red de alumbrado, mejorando las condiciones de seguridad, eficiencia y mantenimiento del sistema\u201d.<\/p>\n\n\n\n<p>Pastor subraya que la auditor\u00eda inicial \u201ces fundamental para priorizar las intervenciones m\u00e1s urgentes, ajustar las soluciones t\u00e9cnicas a la realidad de la red y garantizar una adecuada justificaci\u00f3n t\u00e9cnica y econ\u00f3mica de las actuaciones\u201d.<\/p>\n\n\n\n<p>Con este proyecto, l\u2019Alc\u00fadia avanza en la recuperaci\u00f3n de una infraestructura clave para la seguridad vial y urbana, dando un paso m\u00e1s en la normalizaci\u00f3n de los servicios municipales tras la DANA.<\/p>\n","protected":false},"excerpt":{"rendered":"<div class=\"mh-excerpt\">El proyecto cuenta con un presupuesto estimado de 2,51 millones de euros y un plazo de ejecuci\u00f3n aproximado de doce meses. L\u2019Alc\u00fadia ha puesto en marcha un proyecto de reparaci\u00f3n integral de la red de <a class=\"mh-excerpt-more\" href=\"https:\/\/www.tucomarca.com\/wordpress\/segunda\/lalcudia-impulsa-la-reparacion-integral-de-su-alumbrado-publico-tras-la-dana\/\" title=\"L\u2019Alc\u00fadia impulsa la reparaci\u00f3n integral de su alumbrado p\u00fablico tras la DANA\">[+] <\/a><\/div>\n","protected":false},"author":12,"featured_media":293128,"comment_status":"open","ping_status":"open","sticky":false,"template":"","format":"standard","meta":{"footnotes":""},"categories":[21465,128,292,8,72,42,117,142,3,116,45],"tags":[3925,8360,10463,1407],"class_list":{"0":"post-293126","1":"post","2":"type-post","3":"status-publish","4":"format-standard","5":"has-post-thumbnail","7":"category-dana","8":"category-infraestructuras","9":"category-lalcudia","10":"category-la-comarca","11":"category-sin-categorizar","12":"category-la-ribera","13":"category-medio-ambiente-la-comarca","14":"category-politica-la-comarca","15":"category-seccion","16":"category-sucesos-la-comarca","17":"category-ventana","18":"tag-alumbrado-publico","19":"tag-dana","20":"tag-lalcudia","21":"tag-ribera-alta"},"_links":{"self":[{"href":"https:\/\/www.tucomarca.com\/wordpress\/segunda\/wp-json\/wp\/v2\/posts\/293126","targetHints":{"allow":["GET"]}}],"collection":[{"href":"https:\/\/www.tucomarca.com\/wordpress\/segunda\/wp-json\/wp\/v2\/posts"}],"about":[{"href":"https:\/\/www.tucomarca.com\/wordpress\/segunda\/wp-json\/wp\/v2\/types\/post"}],"author":[{"embeddable":true,"href":"https:\/\/www.tucomarca.com\/wordpress\/segunda\/wp-json\/wp\/v2\/users\/12"}],"replies":[{"embeddable":true,"href":"https:\/\/www.tucomarca.com\/wordpress\/segunda\/wp-json\/wp\/v2\/comments?post=293126"}],"version-history":[{"count":0,"href":"https:\/\/www.tucomarca.com\/wordpress\/segunda\/wp-json\/wp\/v2\/posts\/293126\/revisions"}],"wp:featuredmedia":[{"embeddable":true,"href":"https:\/\/www.tucomarca.com\/wordpress\/segunda\/wp-json\/wp\/v2\/media\/293128"}],"wp:attachment":[{"href":"https:\/\/www.tucomarca.com\/wordpress\/segunda\/wp-json\/wp\/v2\/media?parent=293126"}],"wp:term":[{"taxonomy":"category","embeddable":true,"href":"https:\/\/www.tucomarca.com\/wordpress\/segunda\/wp-json\/wp\/v2\/categories?post=293126"},{"taxonomy":"post_tag","embeddable":true,"href":"https:\/\/www.tucomarca.com\/wordpress\/segunda\/wp-json\/wp\/v2\/tags?post=293126"}],"curies":[{"name":"wp","href":"https:\/\/api.w.org\/{rel}","templated":true}]}}