{"id":293273,"date":"2026-02-16T11:30:00","date_gmt":"2026-02-16T10:30:00","guid":{"rendered":"https:\/\/www.tucomarca.com\/wordpress\/segunda\/?p=293273"},"modified":"2026-02-16T18:52:02","modified_gmt":"2026-02-16T17:52:02","slug":"la-guardia-civil-desmantela-una-plantacion-de-marihuana-en-betera","status":"publish","type":"post","link":"https:\/\/www.tucomarca.com\/wordpress\/segunda\/la-guardia-civil-desmantela-una-plantacion-de-marihuana-en-betera\/","title":{"rendered":"La Guardia Civil desmantela una plantaci\u00f3n de marihuana en B\u00e9tera"},"content":{"rendered":"\n<h3 class=\"wp-block-heading\">El fuerte olor a marihuana que se percib\u00eda desde el exterior de la vivienda hizo que los agentes comenzaran una investigaci\u00f3n.<\/h3>\n\n\n\n<h3 class=\"wp-block-heading\">El autor ten\u00eda antecedentes por hechos similares y ha entrado en prisi\u00f3n.<\/h3>\n\n\n\n<p>La Guardia Civil ha detenido a un hombre por cultivo y elaboraci\u00f3n de cannabis en B\u00e9tera. Pose\u00eda una plantaci\u00f3n de 997 plantas en el interior de su vivienda.<\/p>\n\n\n\n<p>El pasado 23 de diciembre, los agentes detectaron un fuerte olor a cannabis en los alrededores de una casa de la localidad de B\u00e9tera. Por este motivo, la Guardia Civil inici\u00f3 una investigaci\u00f3n, intensificaron la vigilancia en la zona y realizaron seguimientos a los moradores de la vivienda.<\/p>\n\n\n\n<p>Observaron que ten\u00edan diferentes medidas de seguridad que usaban para que la actividad il\u00edcita no fuera detectada ni por los agentes ni por terceras personas. Adem\u00e1s, desde el exterior se escuchaba un ruido que coincid\u00eda con el sonido que emiten los compresores y sistemas de climatizaci\u00f3n caracter\u00edsticos de los cultivos <em>indoor.<\/em>&nbsp;<\/p>\n\n\n\n<p>Tambi\u00e9n observaron varios veh\u00edculos que acced\u00edan a la vivienda. Identificados los propietarios, que eran los residentes, constataron que algos ten\u00edan antecedentes por hechos similares.<\/p>\n\n\n\n<p>Por otra parte, se solicit\u00f3 a la empresa el\u00e9ctrica responsable del suministro en el domicilio, una inspecci\u00f3n. El informe confirm\u00f3 las sospechas de los investigadores: la existencia de un enganche a la red que no registraba toda la energ\u00eda consumida.&nbsp;<\/p>\n\n\n\n<p>Finalmente, el 28 de enero se procedi\u00f3 a la entrada y registro de la vivienda. En el interior se hall\u00f3 un cultivo <em>indoor<\/em> de marihuana que ocupaba casi toda la superficie de la misma. Estaba integrada por 997 plantas y tambi\u00e9n se encontraron los productos necesarios para el cultivo, tales como fertilizantes, sistemas de riego y climatizaci\u00f3n.&nbsp;<\/p>\n\n\n\n<p>Adem\u00e1s, comprobaron que el morador hab\u00eda falsificado un pasaporte de nacionalidad eslovena para alquilar la casa sin levantar sospechas.<\/p>\n\n\n\n<p>Por estos hechos ha sido detenido un hombre de 41 a\u00f1os y nacionalidad serbia por los delitos de cultivo y elaboraci\u00f3n de drogas, falsedad documental y defraudaci\u00f3n del fluido el\u00e9ctrico. Ha ingresado en prisi\u00f3n<\/p>\n\n\n\n<p>La investigaci\u00f3n ha sido llevada a cabo por agentes del Puesto Principal de B\u00e9tera.\u00a0Las diligencias fueron entregadas en el Juzgado de Primera Instancia e Instrucci\u00f3n n\u00famero 1 de Ll\u00edria.\u00a0<\/p>\n","protected":false},"excerpt":{"rendered":"<div class=\"mh-excerpt\">El fuerte olor a marihuana que se percib\u00eda desde el exterior de la vivienda hizo que los agentes comenzaran una investigaci\u00f3n. El autor ten\u00eda antecedentes por hechos similares y ha entrado en prisi\u00f3n. La Guardia <a class=\"mh-excerpt-more\" href=\"https:\/\/www.tucomarca.com\/wordpress\/segunda\/la-guardia-civil-desmantela-una-plantacion-de-marihuana-en-betera\/\" title=\"La Guardia Civil desmantela una plantaci\u00f3n de marihuana en B\u00e9tera\">[+] <\/a><\/div>\n","protected":false},"author":12,"featured_media":293276,"comment_status":"open","ping_status":"open","sticky":false,"template":"","format":"standard","meta":{"footnotes":""},"categories":[51,46,128,8,3,116,45],"tags":[10398,10395,1098,23926],"class_list":{"0":"post-293273","1":"post","2":"type-post","3":"status-publish","4":"format-standard","5":"has-post-thumbnail","7":"category-betera","8":"category-camp-de-turia","9":"category-infraestructuras","10":"category-la-comarca","11":"category-seccion","12":"category-sucesos-la-comarca","13":"category-ventana","14":"tag-betera","15":"tag-camp-de-turia","16":"tag-guardia-civil","17":"tag-guardia-civil-de-betera"},"_links":{"self":[{"href":"https:\/\/www.tucomarca.com\/wordpress\/segunda\/wp-json\/wp\/v2\/posts\/293273","targetHints":{"allow":["GET"]}}],"collection":[{"href":"https:\/\/www.tucomarca.com\/wordpress\/segunda\/wp-json\/wp\/v2\/posts"}],"about":[{"href":"https:\/\/www.tucomarca.com\/wordpress\/segunda\/wp-json\/wp\/v2\/types\/post"}],"author":[{"embeddable":true,"href":"https:\/\/www.tucomarca.com\/wordpress\/segunda\/wp-json\/wp\/v2\/users\/12"}],"replies":[{"embeddable":true,"href":"https:\/\/www.tucomarca.com\/wordpress\/segunda\/wp-json\/wp\/v2\/comments?post=293273"}],"version-history":[{"count":0,"href":"https:\/\/www.tucomarca.com\/wordpress\/segunda\/wp-json\/wp\/v2\/posts\/293273\/revisions"}],"wp:featuredmedia":[{"embeddable":true,"href":"https:\/\/www.tucomarca.com\/wordpress\/segunda\/wp-json\/wp\/v2\/media\/293276"}],"wp:attachment":[{"href":"https:\/\/www.tucomarca.com\/wordpress\/segunda\/wp-json\/wp\/v2\/media?parent=293273"}],"wp:term":[{"taxonomy":"category","embeddable":true,"href":"https:\/\/www.tucomarca.com\/wordpress\/segunda\/wp-json\/wp\/v2\/categories?post=293273"},{"taxonomy":"post_tag","embeddable":true,"href":"https:\/\/www.tucomarca.com\/wordpress\/segunda\/wp-json\/wp\/v2\/tags?post=293273"}],"curies":[{"name":"wp","href":"https:\/\/api.w.org\/{rel}","templated":true}]}}