{"id":293379,"date":"2026-02-16T11:46:00","date_gmt":"2026-02-16T10:46:00","guid":{"rendered":"https:\/\/www.tucomarca.com\/wordpress\/segunda\/?p=293379"},"modified":"2026-02-16T21:16:47","modified_gmt":"2026-02-16T20:16:47","slug":"el-temporal-de-viento-provoca-en-utiel-la-caida-de-arboles-ramas-senales-y-farolas","status":"publish","type":"post","link":"https:\/\/www.tucomarca.com\/wordpress\/segunda\/el-temporal-de-viento-provoca-en-utiel-la-caida-de-arboles-ramas-senales-y-farolas\/","title":{"rendered":"El temporal de viento provoca en Utiel la ca\u00edda de \u00e1rboles, ramas, se\u00f1ales y farolas"},"content":{"rendered":"\n<p>Las fuertes rachas de viento del pasado s\u00e1bado, han provocado en el municipio de Utiel numerosas incidencias que afortunadamente no han derivado en da\u00f1os de car\u00e1cter personal.<\/p>\n\n\n\n<p>La alerta naranja por viento con rachas de hasta 100 km\/h se saldaba con la ca\u00edda de \u00e1rboles en el Polideportivo y en el Barrio de la Constituci\u00f3n donde se necesit\u00f3 de la intervenci\u00f3n de efectivos de bomberos. Adem\u00e1s, numerosas ramas de \u00e1rboles se part\u00edan por la fuerza del viento en diferentes puntos del municipio.<\/p>\n\n\n\n<p>El temporal tambi\u00e9n ha provocado que se\u00f1ales de tr\u00e1fico y farolas se hayan doblado y mobiliario urbano se haya desplazado por la intensidad de las rachas de viento.<\/p>\n\n\n\n<p>El alcalde de Utiel, Ricardo Gabald\u00f3n, ha agradecido la r\u00e1pida intervenci\u00f3n del personal laboral, bomberos, polic\u00eda local y concejal\u00edas implicadas.<\/p>\n\n\n\n<p>El Ayuntamiento de Utiel recuerda a la ciudadan\u00eda la importancia de seguir las recomendaciones y extremar las precauciones en situaciones de alerta.<\/p>\n\n\n\n<figure class=\"wp-block-gallery has-nested-images columns-1 is-cropped wp-block-gallery-1 is-layout-flex wp-block-gallery-is-layout-flex\">\n<figure class=\"wp-block-image size-large\"><img loading=\"lazy\" decoding=\"async\" width=\"1024\" height=\"768\" data-id=\"293385\" src=\"https:\/\/www.tucomarca.com\/wordpress\/segunda\/wp-content\/uploads\/2026\/02\/UtielTemporalViento3-1024x768.jpeg\" alt=\"\" class=\"wp-image-293385\" srcset=\"https:\/\/www.tucomarca.com\/wordpress\/segunda\/wp-content\/uploads\/2026\/02\/UtielTemporalViento3-1024x768.jpeg 1024w, https:\/\/www.tucomarca.com\/wordpress\/segunda\/wp-content\/uploads\/2026\/02\/UtielTemporalViento3-300x225.jpeg 300w, https:\/\/www.tucomarca.com\/wordpress\/segunda\/wp-content\/uploads\/2026\/02\/UtielTemporalViento3-768x576.jpeg 768w, https:\/\/www.tucomarca.com\/wordpress\/segunda\/wp-content\/uploads\/2026\/02\/UtielTemporalViento3-1536x1152.jpeg 1536w, https:\/\/www.tucomarca.com\/wordpress\/segunda\/wp-content\/uploads\/2026\/02\/UtielTemporalViento3-678x509.jpeg 678w, https:\/\/www.tucomarca.com\/wordpress\/segunda\/wp-content\/uploads\/2026\/02\/UtielTemporalViento3-326x245.jpeg 326w, https:\/\/www.tucomarca.com\/wordpress\/segunda\/wp-content\/uploads\/2026\/02\/UtielTemporalViento3-80x60.jpeg 80w, https:\/\/www.tucomarca.com\/wordpress\/segunda\/wp-content\/uploads\/2026\/02\/UtielTemporalViento3.jpeg 2048w\" sizes=\"auto, (max-width: 1024px) 100vw, 1024px\" \/><\/figure>\n\n\n\n<figure class=\"wp-block-image size-large\"><img loading=\"lazy\" decoding=\"async\" width=\"768\" height=\"1024\" data-id=\"293381\" src=\"https:\/\/www.tucomarca.com\/wordpress\/segunda\/wp-content\/uploads\/2026\/02\/UtielTemporalViento-768x1024.jpeg\" alt=\"\" class=\"wp-image-293381\" srcset=\"https:\/\/www.tucomarca.com\/wordpress\/segunda\/wp-content\/uploads\/2026\/02\/UtielTemporalViento-768x1024.jpeg 768w, https:\/\/www.tucomarca.com\/wordpress\/segunda\/wp-content\/uploads\/2026\/02\/UtielTemporalViento-225x300.jpeg 225w, https:\/\/www.tucomarca.com\/wordpress\/segunda\/wp-content\/uploads\/2026\/02\/UtielTemporalViento-1152x1536.jpeg 1152w, https:\/\/www.tucomarca.com\/wordpress\/segunda\/wp-content\/uploads\/2026\/02\/UtielTemporalViento-1536x2048.jpeg 1536w, https:\/\/www.tucomarca.com\/wordpress\/segunda\/wp-content\/uploads\/2026\/02\/UtielTemporalViento-scaled.jpeg 1920w\" sizes=\"auto, (max-width: 768px) 100vw, 768px\" \/><\/figure>\n<\/figure>\n","protected":false},"excerpt":{"rendered":"<div class=\"mh-excerpt\">Las fuertes rachas de viento del pasado s\u00e1bado, han provocado en el municipio de Utiel numerosas incidencias que afortunadamente no han derivado en da\u00f1os de car\u00e1cter personal. La alerta naranja por viento con rachas de <a class=\"mh-excerpt-more\" href=\"https:\/\/www.tucomarca.com\/wordpress\/segunda\/el-temporal-de-viento-provoca-en-utiel-la-caida-de-arboles-ramas-senales-y-farolas\/\" title=\"El temporal de viento provoca en Utiel la ca\u00edda de \u00e1rboles, ramas, se\u00f1ales y farolas\">[+] <\/a><\/div>\n","protected":false},"author":1,"featured_media":293383,"comment_status":"open","ping_status":"open","sticky":false,"template":"","format":"gallery","meta":{"footnotes":""},"categories":[128,8,72,117,27,3,116,29,45],"tags":[3250,10387,9229,10389],"class_list":{"0":"post-293379","1":"post","2":"type-post","3":"status-publish","4":"format-gallery","5":"has-post-thumbnail","7":"category-infraestructuras","8":"category-la-comarca","9":"category-sin-categorizar","10":"category-medio-ambiente-la-comarca","11":"category-requena-utiel","12":"category-seccion","13":"category-sucesos-la-comarca","14":"category-utiel","15":"category-ventana","16":"tag-fuertes-vientos","17":"tag-requena-utiel","18":"tag-temporal","19":"tag-utiel","20":"post_format-post-format-gallery"},"_links":{"self":[{"href":"https:\/\/www.tucomarca.com\/wordpress\/segunda\/wp-json\/wp\/v2\/posts\/293379","targetHints":{"allow":["GET"]}}],"collection":[{"href":"https:\/\/www.tucomarca.com\/wordpress\/segunda\/wp-json\/wp\/v2\/posts"}],"about":[{"href":"https:\/\/www.tucomarca.com\/wordpress\/segunda\/wp-json\/wp\/v2\/types\/post"}],"author":[{"embeddable":true,"href":"https:\/\/www.tucomarca.com\/wordpress\/segunda\/wp-json\/wp\/v2\/users\/1"}],"replies":[{"embeddable":true,"href":"https:\/\/www.tucomarca.com\/wordpress\/segunda\/wp-json\/wp\/v2\/comments?post=293379"}],"version-history":[{"count":0,"href":"https:\/\/www.tucomarca.com\/wordpress\/segunda\/wp-json\/wp\/v2\/posts\/293379\/revisions"}],"wp:featuredmedia":[{"embeddable":true,"href":"https:\/\/www.tucomarca.com\/wordpress\/segunda\/wp-json\/wp\/v2\/media\/293383"}],"wp:attachment":[{"href":"https:\/\/www.tucomarca.com\/wordpress\/segunda\/wp-json\/wp\/v2\/media?parent=293379"}],"wp:term":[{"taxonomy":"category","embeddable":true,"href":"https:\/\/www.tucomarca.com\/wordpress\/segunda\/wp-json\/wp\/v2\/categories?post=293379"},{"taxonomy":"post_tag","embeddable":true,"href":"https:\/\/www.tucomarca.com\/wordpress\/segunda\/wp-json\/wp\/v2\/tags?post=293379"}],"curies":[{"name":"wp","href":"https:\/\/api.w.org\/{rel}","templated":true}]}}