{"id":293681,"date":"2026-02-20T11:45:00","date_gmt":"2026-02-20T10:45:00","guid":{"rendered":"https:\/\/www.tucomarca.com\/wordpress\/segunda\/?p=293681"},"modified":"2026-02-20T19:04:58","modified_gmt":"2026-02-20T18:04:58","slug":"mompo-y-funez-critican-el-abandono-de-sanchez-en-las-politicas-sociales-de-los-municipios-afectados-por-la-dana","status":"publish","type":"post","link":"https:\/\/www.tucomarca.com\/wordpress\/segunda\/mompo-y-funez-critican-el-abandono-de-sanchez-en-las-politicas-sociales-de-los-municipios-afectados-por-la-dana\/","title":{"rendered":"Momp\u00f3 y F\u00fanez critican \u00abel abandono\u00bb de S\u00e1nchez en las pol\u00edticas sociales de los municipios afectados por la DANA"},"content":{"rendered":"\n<h3 class=\"wp-block-heading\">El PP de la provincia de Val\u00e8ncia celebra unas jornadas de Pol\u00edtica Social: \u201cLa salud mental es fundamental en la reconstrucci\u00f3n, pero el Gobierno ha tardado 477 en convocar la Comisi\u00f3n Mixta\u201d.<\/h3>\n\n\n\n<h3 class=\"wp-block-heading\">F\u00fanez: \u201cEl a\u00f1o pasado se recaudaron 300.000 millones de euros en impuestos; sin embargo, vivimos una crisis de servicios p\u00fablicos\u201d.<\/h3>\n\n\n\n<p>El PP de la provincia de Val\u00e8ncia ha celebrado este jueves y viernes unas jornadas de Pol\u00edtica Social, a las que ha asistido la vicesecretaria de Sanidad y Pol\u00edtica Social de la Ejecutiva Nacional del PP, Carmen F\u00fanez. Estas jornadas est\u00e1n dirigidas a los responsables de acciones sociales de los ayuntamientos para fortalecer las l\u00edneas de trabajo ante \u201cel abandono que estos servicios p\u00fablicos sufren a manos de S\u00e1nchez\u201d.<\/p>\n\n\n\n<p>En la primera sesi\u00f3n, este jueves, F\u00fanez, el presidente provincial Vicent Momp\u00f3, y la secretaria general Reme Mazzolari, se han reunido con los responsables municipales afectados por la DANA. \u201cLa reconstrucci\u00f3n no es \u00fanicamente cemento. Hablamos tambi\u00e9n de salud mental\u201d, ha defendido Momp\u00f3, al tiempo que ha afeado que el Gobierno de Espa\u00f1a haya tardado 477 d\u00edas al convocar la Comisi\u00f3n Mixta de la Dana: \u201cen La Palma, despu\u00e9s de la erupci\u00f3n volc\u00e1nica, solo nueve d\u00edas despu\u00e9s ya exist\u00eda un \u00f3rgano de reconstrucci\u00f3n\u201d.<\/p>\n\n\n\n<p>Por eso, ha advertido Momp\u00f3, \u201cnuestra provincia ni fue urgente ni prioritaria para el gobierno de Pedro S\u00e1nchez\u201d. Adem\u00e1s, ha defendido, si se hicieran las obras antirriadas de una vez, las personas afectadas no tendr\u00edan miedo cada vez que llueve, eso tambi\u00e9n es pol\u00edtica social\u201d.<\/p>\n\n\n\n<p>En este sentido, en la visita a la Asociaci\u00f3n de Familiares de Enfermos de Alzheimer de Val\u00e8ncia (AFAV) este viernes, Momp\u00f3 ha esgrimido que \u201ces un ejemplo de c\u00f3mo tendr\u00eda que responder una sociedad cuando alguien sufre. Espa\u00f1a necesita m\u00e1s administraciones que trabajan en esa misma l\u00f3gica: eficacia, proximidad y humanidad. Son una demostraci\u00f3n de c\u00f3mo se trabaja despu\u00e9s de una tragedia como la que sufrimos las valencianas y los valencianos\u201d.<\/p>\n\n\n\n<p>Sin embargo, ha lamentado Carmen F\u00fanez, \u201cel Gobierno no tiene en su agenda el Alzheimer; la estrategia de enfermedades neurodegenerativas lleva sin revisarse 15 a\u00f1os y el Plan Integral de Alzheimer est\u00e1 caducado desde 2023\u201d. \u201cEsto refleja que vivimos una crisis en los servicios p\u00fablicos\u201d, ha advertido F\u00fanez que se ha preguntado \u201cen manos de qui\u00e9n estamos y que est\u00e1n haciendo con el dinero de los espa\u00f1oles cuando el a\u00f1o pasado se recaudaron 300.000 millones de euros porque se pagan m\u00e1s que nunca y no se revierte en mejores servicios p\u00fablicos\u201d.<\/p>\n\n\n\n<p>Sobre la huelga de m\u00e9dicos, F\u00fanez ha argumentado que \u201csi la salud es lo primero para cualquier persona, la sanidad debe ser lo primero para cualquier Gobierno, pero para el Gobierno de Pedro S\u00e1nchez no lo es\u201d. Para F\u00fanez, \u201cel Gobierno est\u00e1 en crisis pol\u00edtica, nos lleva a una crisis de servicios p\u00fablicos, y es hip\u00f3crita e incoherente en igualdad, inmigraci\u00f3n y vivienda\u201d, entre otros.<\/p>\n\n\n\n<p>Aparte de visitar AFAV, tambi\u00e9n han ido a Mam\u00e1s en Acci\u00f3n y la asociaci\u00f3n ESPURNA en Torrent para conocer sus reivindicaciones y poder darles respuesta desde las distintas instituciones. Las jornadas concluir\u00e1n con una reuni\u00f3n de los representantes del partido con los responsables de acciones sociales en los ayuntamientos de la provincia.<\/p>\n\n\n\n<p><\/p>\n","protected":false},"excerpt":{"rendered":"<div class=\"mh-excerpt\">El PP de la provincia de Val\u00e8ncia celebra unas jornadas de Pol\u00edtica Social: \u201cLa salud mental es fundamental en la reconstrucci\u00f3n, pero el Gobierno ha tardado 477 en convocar la Comisi\u00f3n Mixta\u201d. F\u00fanez: \u201cEl a\u00f1o <a class=\"mh-excerpt-more\" href=\"https:\/\/www.tucomarca.com\/wordpress\/segunda\/mompo-y-funez-critican-el-abandono-de-sanchez-en-las-politicas-sociales-de-los-municipios-afectados-por-la-dana\/\" title=\"Momp\u00f3 y F\u00fanez critican \u00abel abandono\u00bb de S\u00e1nchez en las pol\u00edticas sociales de los municipios afectados por la DANA\">[+] <\/a><\/div>\n","protected":false},"author":12,"featured_media":293683,"comment_status":"open","ping_status":"open","sticky":false,"template":"","format":"standard","meta":{"footnotes":""},"categories":[21465,128,8,72,117,142,3,116,45],"tags":[10395,5952,63,10387],"class_list":{"0":"post-293681","1":"post","2":"type-post","3":"status-publish","4":"format-standard","5":"has-post-thumbnail","7":"category-dana","8":"category-infraestructuras","9":"category-la-comarca","10":"category-sin-categorizar","11":"category-medio-ambiente-la-comarca","12":"category-politica-la-comarca","13":"category-seccion","14":"category-sucesos-la-comarca","15":"category-ventana","16":"tag-camp-de-turia","17":"tag-la-hoya-de-bunol-chiva","18":"tag-pp","19":"tag-requena-utiel"},"_links":{"self":[{"href":"https:\/\/www.tucomarca.com\/wordpress\/segunda\/wp-json\/wp\/v2\/posts\/293681","targetHints":{"allow":["GET"]}}],"collection":[{"href":"https:\/\/www.tucomarca.com\/wordpress\/segunda\/wp-json\/wp\/v2\/posts"}],"about":[{"href":"https:\/\/www.tucomarca.com\/wordpress\/segunda\/wp-json\/wp\/v2\/types\/post"}],"author":[{"embeddable":true,"href":"https:\/\/www.tucomarca.com\/wordpress\/segunda\/wp-json\/wp\/v2\/users\/12"}],"replies":[{"embeddable":true,"href":"https:\/\/www.tucomarca.com\/wordpress\/segunda\/wp-json\/wp\/v2\/comments?post=293681"}],"version-history":[{"count":0,"href":"https:\/\/www.tucomarca.com\/wordpress\/segunda\/wp-json\/wp\/v2\/posts\/293681\/revisions"}],"wp:featuredmedia":[{"embeddable":true,"href":"https:\/\/www.tucomarca.com\/wordpress\/segunda\/wp-json\/wp\/v2\/media\/293683"}],"wp:attachment":[{"href":"https:\/\/www.tucomarca.com\/wordpress\/segunda\/wp-json\/wp\/v2\/media?parent=293681"}],"wp:term":[{"taxonomy":"category","embeddable":true,"href":"https:\/\/www.tucomarca.com\/wordpress\/segunda\/wp-json\/wp\/v2\/categories?post=293681"},{"taxonomy":"post_tag","embeddable":true,"href":"https:\/\/www.tucomarca.com\/wordpress\/segunda\/wp-json\/wp\/v2\/tags?post=293681"}],"curies":[{"name":"wp","href":"https:\/\/api.w.org\/{rel}","templated":true}]}}