{"id":293799,"date":"2026-02-23T14:00:00","date_gmt":"2026-02-23T13:00:00","guid":{"rendered":"https:\/\/www.tucomarca.com\/wordpress\/segunda\/?p=293799"},"modified":"2026-02-23T22:42:48","modified_gmt":"2026-02-23T21:42:48","slug":"alborache-vive-ya-el-inicio-de-la-semana-de-fallas","status":"publish","type":"post","link":"https:\/\/www.tucomarca.com\/wordpress\/segunda\/alborache-vive-ya-el-inicio-de-la-semana-de-fallas\/","title":{"rendered":"Alborache vive ya el inicio de la semana de Fallas"},"content":{"rendered":"\n<p>El pasado fin de semana arrancaron en Alborache los d\u00edas m\u00e1s esperados del a\u00f1o con la celebraci\u00f3n de la tradicional Crida, acto que marca el inicio oficial de la semana fallera en la localidad.<\/p>\n\n\n\n<p>El viernes 20, desde el balc\u00f3n del Ayuntamiento, se dio la bienvenida a las fiestas con la presencia de las m\u00e1ximas representantes de la comisi\u00f3n: <strong>Sara Bru<\/strong>, Fallera Mayor, y <strong>Mar\u00eda Victoria Roser<\/strong>, Fallera Mayor Infantil, acompa\u00f1adas por el presidente <strong>Juan Jos\u00e9 Soriano<\/strong>. El acto fue iniciado por el alcalde de la localidad, <strong>Jes\u00fas Hig\u00f3n<\/strong>, quien anim\u00f3 a vecinos y visitantes a sumarse a la celebraci\u00f3n.<\/p>\n\n\n\n<p>La Crida estuvo cargada de emoci\u00f3n. Mar\u00eda Victoria se dirigi\u00f3 especialmente a la comisi\u00f3n infantil, invitando a los m\u00e1s peque\u00f1os a participar y disfrutar intensamente de las fiestas. Por su parte, una emocionada Sara Bru dedic\u00f3 unas palabras a la comisi\u00f3n mayor y a todo el vecindario, anim\u00e1ndoles a vestir los trajes regionales, salir a la calle y llenar Alborache de m\u00fasica, color y tradici\u00f3n, adem\u00e1s de compartir actos tan significativos como la ofrenda a la Virgen de los Desamparados y la celebraci\u00f3n religiosa en honor a San Jos\u00e9.<\/p>\n\n\n\n<p>Tras la Crida, el municipio vivi\u00f3 un intenso fin de semana de actividades festivas que incluyeron concursos de tortilla y ajoaceite, concurso de paellas, disco m\u00f3vil, karaoke, playbacks y un animado pasacalle fallero. Adem\u00e1s, se celebr\u00f3 el d\u00eda grande de la Fallera Mayor, quien invit\u00f3 a comer a toda su comisi\u00f3n en un ambiente de convivencia y germanor.<\/p>\n\n\n\n<p>Las celebraciones continuar\u00e1n el pr\u00f3ximo fin de semana con la ofrenda el s\u00e1bado 28, culminando el domingo 1 con la tradicional Crem\u00e0 de la falla, poniendo as\u00ed el broche final a unas jornadas en las que la p\u00f3lvora, la m\u00fasica y la tradici\u00f3n volver\u00e1n a ser protagonistas en las calles de Alborache.<\/p>\n\n\n\n<figure class=\"wp-block-gallery has-nested-images columns-2 is-cropped wp-block-gallery-1 is-layout-flex wp-block-gallery-is-layout-flex\">\n<figure class=\"wp-block-image size-large\"><img loading=\"lazy\" decoding=\"async\" width=\"989\" height=\"989\" data-id=\"293804\" src=\"https:\/\/www.tucomarca.com\/wordpress\/segunda\/wp-content\/uploads\/2026\/02\/AlboracheCrida01.jpg\" alt=\"\" class=\"wp-image-293804\" srcset=\"https:\/\/www.tucomarca.com\/wordpress\/segunda\/wp-content\/uploads\/2026\/02\/AlboracheCrida01.jpg 989w, https:\/\/www.tucomarca.com\/wordpress\/segunda\/wp-content\/uploads\/2026\/02\/AlboracheCrida01-300x300.jpg 300w, https:\/\/www.tucomarca.com\/wordpress\/segunda\/wp-content\/uploads\/2026\/02\/AlboracheCrida01-290x290.jpg 290w, https:\/\/www.tucomarca.com\/wordpress\/segunda\/wp-content\/uploads\/2026\/02\/AlboracheCrida01-768x768.jpg 768w\" sizes=\"auto, (max-width: 989px) 100vw, 989px\" \/><\/figure>\n\n\n\n<figure class=\"wp-block-image size-large\"><img loading=\"lazy\" decoding=\"async\" width=\"854\" height=\"854\" data-id=\"293807\" src=\"https:\/\/www.tucomarca.com\/wordpress\/segunda\/wp-content\/uploads\/2026\/02\/AlboracheCrida02.jpg\" alt=\"\" class=\"wp-image-293807\" srcset=\"https:\/\/www.tucomarca.com\/wordpress\/segunda\/wp-content\/uploads\/2026\/02\/AlboracheCrida02.jpg 854w, https:\/\/www.tucomarca.com\/wordpress\/segunda\/wp-content\/uploads\/2026\/02\/AlboracheCrida02-300x300.jpg 300w, https:\/\/www.tucomarca.com\/wordpress\/segunda\/wp-content\/uploads\/2026\/02\/AlboracheCrida02-290x290.jpg 290w, https:\/\/www.tucomarca.com\/wordpress\/segunda\/wp-content\/uploads\/2026\/02\/AlboracheCrida02-768x768.jpg 768w\" sizes=\"auto, (max-width: 854px) 100vw, 854px\" \/><\/figure>\n\n\n\n<figure class=\"wp-block-image size-large\"><img loading=\"lazy\" decoding=\"async\" width=\"1024\" height=\"1024\" data-id=\"293806\" src=\"https:\/\/www.tucomarca.com\/wordpress\/segunda\/wp-content\/uploads\/2026\/02\/AlboracheCrida03-1024x1024.jpg\" alt=\"\" class=\"wp-image-293806\" srcset=\"https:\/\/www.tucomarca.com\/wordpress\/segunda\/wp-content\/uploads\/2026\/02\/AlboracheCrida03-1024x1024.jpg 1024w, https:\/\/www.tucomarca.com\/wordpress\/segunda\/wp-content\/uploads\/2026\/02\/AlboracheCrida03-300x300.jpg 300w, https:\/\/www.tucomarca.com\/wordpress\/segunda\/wp-content\/uploads\/2026\/02\/AlboracheCrida03-290x290.jpg 290w, https:\/\/www.tucomarca.com\/wordpress\/segunda\/wp-content\/uploads\/2026\/02\/AlboracheCrida03-768x768.jpg 768w, https:\/\/www.tucomarca.com\/wordpress\/segunda\/wp-content\/uploads\/2026\/02\/AlboracheCrida03.jpg 1047w\" sizes=\"auto, (max-width: 1024px) 100vw, 1024px\" \/><\/figure>\n\n\n\n<figure class=\"wp-block-image size-large\"><img loading=\"lazy\" decoding=\"async\" width=\"1024\" height=\"576\" data-id=\"293818\" src=\"https:\/\/www.tucomarca.com\/wordpress\/segunda\/wp-content\/uploads\/2026\/02\/AlboracheCrida05-1024x576.jpeg\" alt=\"\" class=\"wp-image-293818\" srcset=\"https:\/\/www.tucomarca.com\/wordpress\/segunda\/wp-content\/uploads\/2026\/02\/AlboracheCrida05-1024x576.jpeg 1024w, https:\/\/www.tucomarca.com\/wordpress\/segunda\/wp-content\/uploads\/2026\/02\/AlboracheCrida05-300x169.jpeg 300w, https:\/\/www.tucomarca.com\/wordpress\/segunda\/wp-content\/uploads\/2026\/02\/AlboracheCrida05-768x432.jpeg 768w, https:\/\/www.tucomarca.com\/wordpress\/segunda\/wp-content\/uploads\/2026\/02\/AlboracheCrida05-1536x864.jpeg 1536w, https:\/\/www.tucomarca.com\/wordpress\/segunda\/wp-content\/uploads\/2026\/02\/AlboracheCrida05-2048x1152.jpeg 2048w, https:\/\/www.tucomarca.com\/wordpress\/segunda\/wp-content\/uploads\/2026\/02\/AlboracheCrida05-678x381.jpeg 678w\" sizes=\"auto, (max-width: 1024px) 100vw, 1024px\" \/><\/figure>\n\n\n\n<figure class=\"wp-block-image size-large\"><img loading=\"lazy\" decoding=\"async\" width=\"1024\" height=\"768\" data-id=\"293812\" src=\"https:\/\/www.tucomarca.com\/wordpress\/segunda\/wp-content\/uploads\/2026\/02\/AlboracheCrida06-1024x768.jpeg\" alt=\"\" class=\"wp-image-293812\" srcset=\"https:\/\/www.tucomarca.com\/wordpress\/segunda\/wp-content\/uploads\/2026\/02\/AlboracheCrida06-1024x768.jpeg 1024w, https:\/\/www.tucomarca.com\/wordpress\/segunda\/wp-content\/uploads\/2026\/02\/AlboracheCrida06-300x225.jpeg 300w, https:\/\/www.tucomarca.com\/wordpress\/segunda\/wp-content\/uploads\/2026\/02\/AlboracheCrida06-768x576.jpeg 768w, https:\/\/www.tucomarca.com\/wordpress\/segunda\/wp-content\/uploads\/2026\/02\/AlboracheCrida06-678x509.jpeg 678w, https:\/\/www.tucomarca.com\/wordpress\/segunda\/wp-content\/uploads\/2026\/02\/AlboracheCrida06-326x245.jpeg 326w, https:\/\/www.tucomarca.com\/wordpress\/segunda\/wp-content\/uploads\/2026\/02\/AlboracheCrida06-80x60.jpeg 80w, https:\/\/www.tucomarca.com\/wordpress\/segunda\/wp-content\/uploads\/2026\/02\/AlboracheCrida06.jpeg 1280w\" sizes=\"auto, (max-width: 1024px) 100vw, 1024px\" \/><\/figure>\n\n\n\n<figure class=\"wp-block-image size-large\"><img loading=\"lazy\" decoding=\"async\" width=\"1024\" height=\"768\" data-id=\"293816\" src=\"https:\/\/www.tucomarca.com\/wordpress\/segunda\/wp-content\/uploads\/2026\/02\/AlboracheCrida08-1024x768.jpeg\" alt=\"\" class=\"wp-image-293816\" srcset=\"https:\/\/www.tucomarca.com\/wordpress\/segunda\/wp-content\/uploads\/2026\/02\/AlboracheCrida08-1024x768.jpeg 1024w, https:\/\/www.tucomarca.com\/wordpress\/segunda\/wp-content\/uploads\/2026\/02\/AlboracheCrida08-300x225.jpeg 300w, https:\/\/www.tucomarca.com\/wordpress\/segunda\/wp-content\/uploads\/2026\/02\/AlboracheCrida08-768x576.jpeg 768w, https:\/\/www.tucomarca.com\/wordpress\/segunda\/wp-content\/uploads\/2026\/02\/AlboracheCrida08-1536x1152.jpeg 1536w, https:\/\/www.tucomarca.com\/wordpress\/segunda\/wp-content\/uploads\/2026\/02\/AlboracheCrida08-678x509.jpeg 678w, https:\/\/www.tucomarca.com\/wordpress\/segunda\/wp-content\/uploads\/2026\/02\/AlboracheCrida08-326x245.jpeg 326w, https:\/\/www.tucomarca.com\/wordpress\/segunda\/wp-content\/uploads\/2026\/02\/AlboracheCrida08-80x60.jpeg 80w, https:\/\/www.tucomarca.com\/wordpress\/segunda\/wp-content\/uploads\/2026\/02\/AlboracheCrida08.jpeg 2040w\" sizes=\"auto, (max-width: 1024px) 100vw, 1024px\" \/><\/figure>\n<\/figure>\n","protected":false},"excerpt":{"rendered":"<div class=\"mh-excerpt\">El pasado fin de semana arrancaron en Alborache los d\u00edas m\u00e1s esperados del a\u00f1o con la celebraci\u00f3n de la tradicional Crida, acto que marca el inicio oficial de la semana fallera en la localidad. El <a class=\"mh-excerpt-more\" href=\"https:\/\/www.tucomarca.com\/wordpress\/segunda\/alborache-vive-ya-el-inicio-de-la-semana-de-fallas\/\" title=\"Alborache vive ya el inicio de la semana de Fallas\">[+] <\/a><\/div>\n","protected":false},"author":12,"featured_media":293810,"comment_status":"closed","ping_status":"open","sticky":false,"template":"","format":"gallery","meta":{"footnotes":""},"categories":[19,8,10,5,7,383,3],"tags":[10386,23198,5952],"class_list":{"0":"post-293799","1":"post","2":"type-post","3":"status-publish","4":"format-gallery","5":"has-post-thumbnail","7":"category-alborache","8":"category-la-comarca","9":"category-la-hoya","10":"category-la-semana-en-imagenes","11":"category-ocio-y-cultura","12":"category-pueblos-en-fiestas","13":"category-seccion","14":"tag-alborache","15":"tag-fallas-2026","16":"tag-la-hoya-de-bunol-chiva","17":"post_format-post-format-gallery"},"_links":{"self":[{"href":"https:\/\/www.tucomarca.com\/wordpress\/segunda\/wp-json\/wp\/v2\/posts\/293799","targetHints":{"allow":["GET"]}}],"collection":[{"href":"https:\/\/www.tucomarca.com\/wordpress\/segunda\/wp-json\/wp\/v2\/posts"}],"about":[{"href":"https:\/\/www.tucomarca.com\/wordpress\/segunda\/wp-json\/wp\/v2\/types\/post"}],"author":[{"embeddable":true,"href":"https:\/\/www.tucomarca.com\/wordpress\/segunda\/wp-json\/wp\/v2\/users\/12"}],"replies":[{"embeddable":true,"href":"https:\/\/www.tucomarca.com\/wordpress\/segunda\/wp-json\/wp\/v2\/comments?post=293799"}],"version-history":[{"count":0,"href":"https:\/\/www.tucomarca.com\/wordpress\/segunda\/wp-json\/wp\/v2\/posts\/293799\/revisions"}],"wp:featuredmedia":[{"embeddable":true,"href":"https:\/\/www.tucomarca.com\/wordpress\/segunda\/wp-json\/wp\/v2\/media\/293810"}],"wp:attachment":[{"href":"https:\/\/www.tucomarca.com\/wordpress\/segunda\/wp-json\/wp\/v2\/media?parent=293799"}],"wp:term":[{"taxonomy":"category","embeddable":true,"href":"https:\/\/www.tucomarca.com\/wordpress\/segunda\/wp-json\/wp\/v2\/categories?post=293799"},{"taxonomy":"post_tag","embeddable":true,"href":"https:\/\/www.tucomarca.com\/wordpress\/segunda\/wp-json\/wp\/v2\/tags?post=293799"}],"curies":[{"name":"wp","href":"https:\/\/api.w.org\/{rel}","templated":true}]}}