{"id":2938,"date":"2012-06-04T19:06:04","date_gmt":"2012-06-04T17:06:04","guid":{"rendered":"http:\/\/www.tucomarca.com\/wordpress\/segunda\/?p=2938"},"modified":"2012-06-04T19:06:56","modified_gmt":"2012-06-04T17:06:56","slug":"la-policia-halla-el-cuerpo-del-menor-en-el-vertedero-de-dos-aguas","status":"publish","type":"post","link":"https:\/\/www.tucomarca.com\/wordpress\/segunda\/la-policia-halla-el-cuerpo-del-menor-en-el-vertedero-de-dos-aguas\/","title":{"rendered":"La Polic\u00eda halla el cuerpo del ni\u00f1o de tres a\u00f1os en el vertedero de Dos Aguas"},"content":{"rendered":"<p>La Polic\u00eda Judicial, ayudada por perros especializados, ha hallado esta tarde en el vertedero de Dos Aguas el cuerpo del ni\u00f1o de tres a\u00f1os que fue arrojado en un contenedor de basura en Valencia d\u00edas atr\u00e1s. Los trabajos de b\u00fasqueda han durado cuatro d\u00edas y se han dado por finalizados tras localizar el cad\u00e1ver, seg\u00fan han informado fuentes de la investigaci\u00f3n.<\/p>\n<p>Como se recordar\u00e1, la desaparici\u00f3n del menor fue denunciada el pasado mi\u00e9rcoles, cuando estaba al cuidado de dos mujeres, amigas de su madre, que han ingresado en prisi\u00f3n despu\u00e9s de que una de ellas reconociera que el ni\u00f1o hab\u00eda fallecido y  que hab\u00edan dejado el cuerpo en un contenedor de basura de Valencia.<\/p>\n<p>Hasta la ma\u00f1ana de este lunes, los agentes hab\u00edan revisado un total de 300 packs de basura sin  localizar ning\u00fan resto del menor en el vertedero. Cada uno de estos  paquetes tiene entre una tonelada y una tonelada y media de basura. A\u00fan  les quedaba pendiente la revisi\u00f3n de otros 300 packs.<\/p>\n","protected":false},"excerpt":{"rendered":"<div class=\"mh-excerpt\">La Polic\u00eda Judicial, ayudada por perros especializados, ha hallado esta tarde en el vertedero de Dos Aguas el cuerpo del ni\u00f1o de tres a\u00f1os que fue arrojado en un contenedor de basura en Valencia d\u00edas <a class=\"mh-excerpt-more\" href=\"https:\/\/www.tucomarca.com\/wordpress\/segunda\/la-policia-halla-el-cuerpo-del-menor-en-el-vertedero-de-dos-aguas\/\" title=\"La Polic\u00eda halla el cuerpo del ni\u00f1o de tres a\u00f1os en el vertedero de Dos Aguas\">[+] <\/a><\/div>\n","protected":false},"author":1,"featured_media":0,"comment_status":"open","ping_status":"open","sticky":false,"template":"","format":"standard","meta":{"footnotes":""},"categories":[15,8,10,3,116],"tags":[],"class_list":{"0":"post-2938","1":"post","2":"type-post","3":"status-publish","4":"format-standard","6":"category-dos-aguas","7":"category-la-comarca","8":"category-la-hoya","9":"category-seccion","10":"category-sucesos-la-comarca"},"_links":{"self":[{"href":"https:\/\/www.tucomarca.com\/wordpress\/segunda\/wp-json\/wp\/v2\/posts\/2938","targetHints":{"allow":["GET"]}}],"collection":[{"href":"https:\/\/www.tucomarca.com\/wordpress\/segunda\/wp-json\/wp\/v2\/posts"}],"about":[{"href":"https:\/\/www.tucomarca.com\/wordpress\/segunda\/wp-json\/wp\/v2\/types\/post"}],"author":[{"embeddable":true,"href":"https:\/\/www.tucomarca.com\/wordpress\/segunda\/wp-json\/wp\/v2\/users\/1"}],"replies":[{"embeddable":true,"href":"https:\/\/www.tucomarca.com\/wordpress\/segunda\/wp-json\/wp\/v2\/comments?post=2938"}],"version-history":[{"count":0,"href":"https:\/\/www.tucomarca.com\/wordpress\/segunda\/wp-json\/wp\/v2\/posts\/2938\/revisions"}],"wp:attachment":[{"href":"https:\/\/www.tucomarca.com\/wordpress\/segunda\/wp-json\/wp\/v2\/media?parent=2938"}],"wp:term":[{"taxonomy":"category","embeddable":true,"href":"https:\/\/www.tucomarca.com\/wordpress\/segunda\/wp-json\/wp\/v2\/categories?post=2938"},{"taxonomy":"post_tag","embeddable":true,"href":"https:\/\/www.tucomarca.com\/wordpress\/segunda\/wp-json\/wp\/v2\/tags?post=2938"}],"curies":[{"name":"wp","href":"https:\/\/api.w.org\/{rel}","templated":true}]}}