{"id":293894,"date":"2026-02-23T20:00:00","date_gmt":"2026-02-23T19:00:00","guid":{"rendered":"https:\/\/www.tucomarca.com\/wordpress\/segunda\/?p=293894"},"modified":"2026-02-24T09:08:28","modified_gmt":"2026-02-24T08:08:28","slug":"fotogaleria-benaguasil-da-la-bienvenida-a-sus-fiestas-grandes-las-fallas","status":"publish","type":"post","link":"https:\/\/www.tucomarca.com\/wordpress\/segunda\/fotogaleria-benaguasil-da-la-bienvenida-a-sus-fiestas-grandes-las-fallas\/","title":{"rendered":"Fotogaler\u00eda: Benaguasil da la bienvenida a sus fiestas grandes, las Fallas"},"content":{"rendered":"\n<h3 class=\"wp-block-heading\">La Crida volvi\u00f3 a convertirse en un acto cargado de emoci\u00f3n que simboliza la llegada de las esperadas fiestas josefinas<\/h3>\n\n\n\n<p>Benaguasil ha dado comienzo oficial a sus Fallas con la tradicional \u2018Crida\u2019, el acto que simboliza el inicio de semanas intensas, donde la p\u00f3lvora, la m\u00fasica y los monumentos falleros ser\u00e1n los grandes protagonistas. Como cada a\u00f1o, la Plaza se convirti\u00f3 en el punto de encuentro del colectivo fallero, que se reuni\u00f3 para celebrar uno de los momentos m\u00e1s significativos del calendario festivo.<\/p>\n\n\n\n<p>La jornada arranc\u00f3 con la llegada de los m\u00e1ximos representantes de las diez comisiones falleras del municipio, quienes desfilaron hasta el Ayuntamiento. All\u00ed fueron recibidos por el alcalde, Ximo Segarra, y la concejala de Fallas, Ana Aleixandre. A continuaci\u00f3n, tuvo lugar el desfile de la corte de honor de la fallera mayor infantil, seguido por las falleras mayores de Benaguasil, Ana Puchau y Paula Ricart, junto al presidente infantil Manuel Cabrerizo y la presidenta de la Junta Local Fallera, M\u00aa Jos\u00e9 Guillem.<\/p>\n\n\n\n<p>Tras los saludos protocolarios, todos los representantes accedieron al balc\u00f3n del Ayuntamiento. Desde all\u00ed, el alcalde se dirigi\u00f3 al p\u00fablico para anunciar que Benaguasil ya est\u00e1 lista para vivir intensamente las Fallas e invit\u00f3 vecinos y visitantes a participar en el d\u00eda del bunyol, una de las novedades de este a\u00f1o.&nbsp;<\/p>\n\n\n\n<p>Seguidamente, en una Crida conjunta, Ana, Paula y Manuel pronunciaron el esperado \u201cJa estem en Falles\u201d, desatando la emoci\u00f3n entre los asistentes. En sus intervenciones, invitaron a la ciudadan\u00eda a participar activamente en las fiestas y a disfrutar de unos d\u00edas marcados por la tradici\u00f3n, la convivencia y el esp\u00edritu fallero.y agradecieron el esfuerzo de las comisiones. El acto concluy\u00f3 con el tradicional \u201c\u00a1Visca Benaguasil y visquen les Falles!\u201d.<\/p>\n\n\n\n<p>La celebraci\u00f3n finaliz\u00f3 con la interpretaci\u00f3n de los himnos, la foto de familia de todas las comisiones y un espect\u00e1culo de fuegos artificiales que puso el broche de oro a la jornada.<\/p>\n\n\n\n<figure class=\"wp-block-gallery has-nested-images columns-2 is-cropped wp-block-gallery-1 is-layout-flex wp-block-gallery-is-layout-flex\">\n<figure class=\"wp-block-image size-large\"><img loading=\"lazy\" decoding=\"async\" width=\"1024\" height=\"691\" data-id=\"293902\" src=\"https:\/\/www.tucomarca.com\/wordpress\/segunda\/wp-content\/uploads\/2026\/02\/BenaguasilCrida01-1024x691.jpg\" alt=\"\" class=\"wp-image-293902\" srcset=\"https:\/\/www.tucomarca.com\/wordpress\/segunda\/wp-content\/uploads\/2026\/02\/BenaguasilCrida01-1024x691.jpg 1024w, https:\/\/www.tucomarca.com\/wordpress\/segunda\/wp-content\/uploads\/2026\/02\/BenaguasilCrida01-300x202.jpg 300w, https:\/\/www.tucomarca.com\/wordpress\/segunda\/wp-content\/uploads\/2026\/02\/BenaguasilCrida01-768x518.jpg 768w, https:\/\/www.tucomarca.com\/wordpress\/segunda\/wp-content\/uploads\/2026\/02\/BenaguasilCrida01.jpg 1181w\" sizes=\"auto, (max-width: 1024px) 100vw, 1024px\" \/><\/figure>\n\n\n\n<figure class=\"wp-block-image size-large\"><img loading=\"lazy\" decoding=\"async\" width=\"1024\" height=\"691\" data-id=\"293900\" src=\"https:\/\/www.tucomarca.com\/wordpress\/segunda\/wp-content\/uploads\/2026\/02\/BenaguasilCrida04-1024x691.jpg\" alt=\"\" class=\"wp-image-293900\" srcset=\"https:\/\/www.tucomarca.com\/wordpress\/segunda\/wp-content\/uploads\/2026\/02\/BenaguasilCrida04-1024x691.jpg 1024w, https:\/\/www.tucomarca.com\/wordpress\/segunda\/wp-content\/uploads\/2026\/02\/BenaguasilCrida04-300x202.jpg 300w, https:\/\/www.tucomarca.com\/wordpress\/segunda\/wp-content\/uploads\/2026\/02\/BenaguasilCrida04-768x518.jpg 768w, https:\/\/www.tucomarca.com\/wordpress\/segunda\/wp-content\/uploads\/2026\/02\/BenaguasilCrida04.jpg 1181w\" sizes=\"auto, (max-width: 1024px) 100vw, 1024px\" \/><\/figure>\n\n\n\n<figure class=\"wp-block-image size-large\"><img loading=\"lazy\" decoding=\"async\" width=\"1024\" height=\"691\" data-id=\"293898\" src=\"https:\/\/www.tucomarca.com\/wordpress\/segunda\/wp-content\/uploads\/2026\/02\/BenaguasilCrida05-1024x691.jpg\" alt=\"\" class=\"wp-image-293898\" srcset=\"https:\/\/www.tucomarca.com\/wordpress\/segunda\/wp-content\/uploads\/2026\/02\/BenaguasilCrida05-1024x691.jpg 1024w, https:\/\/www.tucomarca.com\/wordpress\/segunda\/wp-content\/uploads\/2026\/02\/BenaguasilCrida05-300x202.jpg 300w, https:\/\/www.tucomarca.com\/wordpress\/segunda\/wp-content\/uploads\/2026\/02\/BenaguasilCrida05-768x518.jpg 768w, https:\/\/www.tucomarca.com\/wordpress\/segunda\/wp-content\/uploads\/2026\/02\/BenaguasilCrida05.jpg 1181w\" sizes=\"auto, (max-width: 1024px) 100vw, 1024px\" \/><\/figure>\n\n\n\n<figure class=\"wp-block-image size-large\"><img loading=\"lazy\" decoding=\"async\" width=\"1024\" height=\"691\" data-id=\"293904\" src=\"https:\/\/www.tucomarca.com\/wordpress\/segunda\/wp-content\/uploads\/2026\/02\/BenaguasilCrida06-1024x691.jpg\" alt=\"\" class=\"wp-image-293904\" srcset=\"https:\/\/www.tucomarca.com\/wordpress\/segunda\/wp-content\/uploads\/2026\/02\/BenaguasilCrida06-1024x691.jpg 1024w, https:\/\/www.tucomarca.com\/wordpress\/segunda\/wp-content\/uploads\/2026\/02\/BenaguasilCrida06-300x202.jpg 300w, https:\/\/www.tucomarca.com\/wordpress\/segunda\/wp-content\/uploads\/2026\/02\/BenaguasilCrida06-768x518.jpg 768w, https:\/\/www.tucomarca.com\/wordpress\/segunda\/wp-content\/uploads\/2026\/02\/BenaguasilCrida06.jpg 1181w\" sizes=\"auto, (max-width: 1024px) 100vw, 1024px\" \/><\/figure>\n\n\n\n<figure class=\"wp-block-image size-large\"><img loading=\"lazy\" decoding=\"async\" width=\"1024\" height=\"691\" data-id=\"293906\" src=\"https:\/\/www.tucomarca.com\/wordpress\/segunda\/wp-content\/uploads\/2026\/02\/BenaguasilCrida03-1024x691.jpg\" alt=\"\" class=\"wp-image-293906\" srcset=\"https:\/\/www.tucomarca.com\/wordpress\/segunda\/wp-content\/uploads\/2026\/02\/BenaguasilCrida03-1024x691.jpg 1024w, https:\/\/www.tucomarca.com\/wordpress\/segunda\/wp-content\/uploads\/2026\/02\/BenaguasilCrida03-300x202.jpg 300w, https:\/\/www.tucomarca.com\/wordpress\/segunda\/wp-content\/uploads\/2026\/02\/BenaguasilCrida03-768x518.jpg 768w, https:\/\/www.tucomarca.com\/wordpress\/segunda\/wp-content\/uploads\/2026\/02\/BenaguasilCrida03.jpg 1181w\" sizes=\"auto, (max-width: 1024px) 100vw, 1024px\" \/><\/figure>\n<\/figure>\n","protected":false},"excerpt":{"rendered":"<div class=\"mh-excerpt\">La Crida volvi\u00f3 a convertirse en un acto cargado de emoci\u00f3n que simboliza la llegada de las esperadas fiestas josefinas Benaguasil ha dado comienzo oficial a sus Fallas con la tradicional \u2018Crida\u2019, el acto que <a class=\"mh-excerpt-more\" href=\"https:\/\/www.tucomarca.com\/wordpress\/segunda\/fotogaleria-benaguasil-da-la-bienvenida-a-sus-fiestas-grandes-las-fallas\/\" title=\"Fotogaler\u00eda: Benaguasil da la bienvenida a sus fiestas grandes, las Fallas\">[+] <\/a><\/div>\n","protected":false},"author":12,"featured_media":293896,"comment_status":"closed","ping_status":"open","sticky":false,"template":"","format":"gallery","meta":{"footnotes":""},"categories":[172,46,8,5,7,383,3],"tags":[10429,10395,23198],"class_list":{"0":"post-293894","1":"post","2":"type-post","3":"status-publish","4":"format-gallery","5":"has-post-thumbnail","7":"category-benaguasil","8":"category-camp-de-turia","9":"category-la-comarca","10":"category-la-semana-en-imagenes","11":"category-ocio-y-cultura","12":"category-pueblos-en-fiestas","13":"category-seccion","14":"tag-benaguasil","15":"tag-camp-de-turia","16":"tag-fallas-2026","17":"post_format-post-format-gallery"},"_links":{"self":[{"href":"https:\/\/www.tucomarca.com\/wordpress\/segunda\/wp-json\/wp\/v2\/posts\/293894","targetHints":{"allow":["GET"]}}],"collection":[{"href":"https:\/\/www.tucomarca.com\/wordpress\/segunda\/wp-json\/wp\/v2\/posts"}],"about":[{"href":"https:\/\/www.tucomarca.com\/wordpress\/segunda\/wp-json\/wp\/v2\/types\/post"}],"author":[{"embeddable":true,"href":"https:\/\/www.tucomarca.com\/wordpress\/segunda\/wp-json\/wp\/v2\/users\/12"}],"replies":[{"embeddable":true,"href":"https:\/\/www.tucomarca.com\/wordpress\/segunda\/wp-json\/wp\/v2\/comments?post=293894"}],"version-history":[{"count":0,"href":"https:\/\/www.tucomarca.com\/wordpress\/segunda\/wp-json\/wp\/v2\/posts\/293894\/revisions"}],"wp:featuredmedia":[{"embeddable":true,"href":"https:\/\/www.tucomarca.com\/wordpress\/segunda\/wp-json\/wp\/v2\/media\/293896"}],"wp:attachment":[{"href":"https:\/\/www.tucomarca.com\/wordpress\/segunda\/wp-json\/wp\/v2\/media?parent=293894"}],"wp:term":[{"taxonomy":"category","embeddable":true,"href":"https:\/\/www.tucomarca.com\/wordpress\/segunda\/wp-json\/wp\/v2\/categories?post=293894"},{"taxonomy":"post_tag","embeddable":true,"href":"https:\/\/www.tucomarca.com\/wordpress\/segunda\/wp-json\/wp\/v2\/tags?post=293894"}],"curies":[{"name":"wp","href":"https:\/\/api.w.org\/{rel}","templated":true}]}}