{"id":293943,"date":"2026-02-24T10:15:00","date_gmt":"2026-02-24T09:15:00","guid":{"rendered":"https:\/\/www.tucomarca.com\/wordpress\/segunda\/?p=293943"},"modified":"2026-02-24T21:38:05","modified_gmt":"2026-02-24T20:38:05","slug":"la-diputacio-de-valencia-se-coordina-con-la-generalitat-para-planificar-la-movilidad-y-la-seguridad-de-cara-al-eclipse-solar-del-12-de-agosto","status":"publish","type":"post","link":"https:\/\/www.tucomarca.com\/wordpress\/segunda\/la-diputacio-de-valencia-se-coordina-con-la-generalitat-para-planificar-la-movilidad-y-la-seguridad-de-cara-al-eclipse-solar-del-12-de-agosto\/","title":{"rendered":"La Diputaci\u00f3 de Val\u00e8ncia se coordina con la Generalitat para planificar la movilidad y la seguridad de cara al eclipse solar del 12 de agosto"},"content":{"rendered":"\n<h3 class=\"wp-block-heading\">Vicent Momp\u00f3: \u201cSe trata de concretar y acondicionar diferentes puntos de observaci\u00f3n, planificando accesos y reforzando los dispositivos necesarios\u201d.<\/h3>\n\n\n\n<p>El presidente de la Diputaci\u00f3 de Val\u00e8ncia, Vicent Momp\u00f3, se ha reunido este martes con la consellera de Educaci\u00f3n, Cultura y Universidades, Carmen Ort\u00ed, para avanzar en la planificaci\u00f3n del eclipse solar total del 12 de agosto y establecer los protocolos de comunicaci\u00f3n con los municipios de cara a determinar los puntos oficiales de observaci\u00f3n del fen\u00f3meno para el que se prev\u00e9 una afluencia masiva.<\/p>\n\n\n\n<p>\u201cEl interior de la provincia de Val\u00e8ncia, especialmente nuestras comarcas del norte, se convertir\u00e1 en un escenario privilegiado para vivir un acontecimiento extraordinario, que hace m\u00e1s de un siglo que no se produce en la pen\u00ednsula y que trasciende lo cient\u00edfico\u201d, ha explicado Momp\u00f3, al tiempo que ha se\u00f1alado como objetivo \u201cque este acontecimiento \u00fanico sea tambi\u00e9n un ejemplo de organizaci\u00f3n y seguridad. Queremos que quienes nos visitan y quienes lo vivan desde nuestros pueblos lo hagan con tranquilidad y con todas las garant\u00edas\u201d.<\/p>\n\n\n\n<p>Por eso, ha esgrimido Momp\u00f3, \u201cun acontecimiento de estas caracter\u00edsticas implica una planificaci\u00f3n rigurosa y una coordinaci\u00f3n eficaz entre administraciones y servicios p\u00fablicos. Hablamos de riesgos evidentes que tenemos que anticipar y gestionar en responsabilidad: la prevenci\u00f3n de incendios en pleno mes de agosto, la posible saturaci\u00f3n de las telecomunicaciones, el incremento de desplazamientos por carretera o la necesaria previsi\u00f3n de recursos sanitarios\u201d.<\/p>\n\n\n\n<p>En este sentido, ha detallado el presidente, \u201ctrabajaremos de manera conjunta, validando y condicionando diferentes puntos de observaci\u00f3n, planificando accesos y reforzando los dispositivos necesarios\u201d. Igualmente, ha a\u00f1adido, \u201cse trata de convertir una oportunidad hist\u00f3rica en una experiencia impecable, demostrando que cuando las instituciones colaboran y se anticipan, nuestra tierra est\u00e1 preparada para estar a la altura de los grandes acontecimientos\u201d.<\/p>\n\n\n\n<p>En la misma l\u00ednea, la consellera de Educaci\u00f3n ha apelado a \u201cla colaboraci\u00f3n institucional\u201d y ha dicho que \u201ces clave trabajar codo con codo con las entidades locales para validar sobre el terreno cada punto de observaci\u00f3n y prever con tiempo las necesidades de movilidad, emergencias y servicios p\u00fablicos\u201d.<\/p>\n\n\n\n<p>Entre las necesidades actuales abordadas en la reuni\u00f3n destacan el establecimiento de un canal operativo \u00e1gil con los ayuntamientos para validar sobre el terreno los puntos de observaci\u00f3n \u2014incluyendo accesos, aforos, aparcamientos, se\u00f1alizaci\u00f3n, servicios b\u00e1sicos y conectividad\u2014; el dise\u00f1o de un esquema de movilidad, seguridad y emergencias que evite concentraciones descontroladas y garantice una observaci\u00f3n segura; la alineaci\u00f3n de la comunicaci\u00f3n p\u00fablica, con especial atenci\u00f3n a las recomendaciones de seguridad y al uso de material homologado; y la anticipaci\u00f3n del impacto tur\u00edstico y de la gesti\u00f3n de los servicios locales.<\/p>\n\n\n\n<p>Asimismo, se ha solicitado a las diputaciones la designaci\u00f3n de un punto de contacto t\u00e9cnico \u00fanico por instituci\u00f3n y la configuraci\u00f3n de un equipo de trabajo espec\u00edfico en \u00e1reas como movilidad, protecci\u00f3n civil y seguridad, turismo y comunicaci\u00f3n. Adem\u00e1s, se ha planteado su apoyo en la coordinaci\u00f3n y recopilaci\u00f3n de informaci\u00f3n de los municipios seleccionados como puntos recomendados de observaci\u00f3n, la organizaci\u00f3n de reuniones comarcales con alcald\u00edas y personal t\u00e9cnico municipal, y la identificaci\u00f3n de posibles necesidades de refuerzo log\u00edstico y operativo en colaboraci\u00f3n con las entidades locales.<\/p>\n\n\n\n<p>La reuni\u00f3n ha contado tambi\u00e9n con la participaci\u00f3n de la presidenta de la Diputaci\u00f3n de Castell\u00f3n, Marta Barrachina; la secretaria auton\u00f3mica de Universidades, Esther G\u00f3mez; y el director general de Ciencia e Investigaci\u00f3n, Rafael Sebasti\u00e1n.<\/p>\n","protected":false},"excerpt":{"rendered":"<div class=\"mh-excerpt\">Vicent Momp\u00f3: \u201cSe trata de concretar y acondicionar diferentes puntos de observaci\u00f3n, planificando accesos y reforzando los dispositivos necesarios\u201d. El presidente de la Diputaci\u00f3 de Val\u00e8ncia, Vicent Momp\u00f3, se ha reunido este martes con la <a class=\"mh-excerpt-more\" href=\"https:\/\/www.tucomarca.com\/wordpress\/segunda\/la-diputacio-de-valencia-se-coordina-con-la-generalitat-para-planificar-la-movilidad-y-la-seguridad-de-cara-al-eclipse-solar-del-12-de-agosto\/\" title=\"La Diputaci\u00f3 de Val\u00e8ncia se coordina con la Generalitat para planificar la movilidad y la seguridad de cara al eclipse solar del 12 de agosto\">[+] <\/a><\/div>\n","protected":false},"author":1,"featured_media":293944,"comment_status":"closed","ping_status":"open","sticky":false,"template":"","format":"standard","meta":{"footnotes":""},"categories":[128,8,72,7,142,3,45],"tags":[13940,2142],"class_list":{"0":"post-293943","1":"post","2":"type-post","3":"status-publish","4":"format-standard","5":"has-post-thumbnail","7":"category-infraestructuras","8":"category-la-comarca","9":"category-sin-categorizar","10":"category-ocio-y-cultura","11":"category-politica-la-comarca","12":"category-seccion","13":"category-ventana","14":"tag-diputacio-de-valencia-2","15":"tag-la-comunitat"},"_links":{"self":[{"href":"https:\/\/www.tucomarca.com\/wordpress\/segunda\/wp-json\/wp\/v2\/posts\/293943","targetHints":{"allow":["GET"]}}],"collection":[{"href":"https:\/\/www.tucomarca.com\/wordpress\/segunda\/wp-json\/wp\/v2\/posts"}],"about":[{"href":"https:\/\/www.tucomarca.com\/wordpress\/segunda\/wp-json\/wp\/v2\/types\/post"}],"author":[{"embeddable":true,"href":"https:\/\/www.tucomarca.com\/wordpress\/segunda\/wp-json\/wp\/v2\/users\/1"}],"replies":[{"embeddable":true,"href":"https:\/\/www.tucomarca.com\/wordpress\/segunda\/wp-json\/wp\/v2\/comments?post=293943"}],"version-history":[{"count":0,"href":"https:\/\/www.tucomarca.com\/wordpress\/segunda\/wp-json\/wp\/v2\/posts\/293943\/revisions"}],"wp:featuredmedia":[{"embeddable":true,"href":"https:\/\/www.tucomarca.com\/wordpress\/segunda\/wp-json\/wp\/v2\/media\/293944"}],"wp:attachment":[{"href":"https:\/\/www.tucomarca.com\/wordpress\/segunda\/wp-json\/wp\/v2\/media?parent=293943"}],"wp:term":[{"taxonomy":"category","embeddable":true,"href":"https:\/\/www.tucomarca.com\/wordpress\/segunda\/wp-json\/wp\/v2\/categories?post=293943"},{"taxonomy":"post_tag","embeddable":true,"href":"https:\/\/www.tucomarca.com\/wordpress\/segunda\/wp-json\/wp\/v2\/tags?post=293943"}],"curies":[{"name":"wp","href":"https:\/\/api.w.org\/{rel}","templated":true}]}}