{"id":293957,"date":"2026-02-24T10:10:00","date_gmt":"2026-02-24T09:10:00","guid":{"rendered":"https:\/\/www.tucomarca.com\/wordpress\/segunda\/?p=293957"},"modified":"2026-02-24T22:00:57","modified_gmt":"2026-02-24T21:00:57","slug":"bunol-invita-a-su-ciudadania-a-redescubrir-el-municipio-con-la-campana-turista-en-tu-pueblo","status":"publish","type":"post","link":"https:\/\/www.tucomarca.com\/wordpress\/segunda\/bunol-invita-a-su-ciudadania-a-redescubrir-el-municipio-con-la-campana-turista-en-tu-pueblo\/","title":{"rendered":"Bu\u00f1ol invita a su ciudadan\u00eda a redescubrir el municipio con la campa\u00f1a \u201cTurista en tu pueblo\u201d"},"content":{"rendered":"\n<h3 class=\"wp-block-heading\">El 22 y 29 de marzo se celebrar\u00e1n dos visitas guiadas gratuitas dirigidas a la poblaci\u00f3n local<\/h3>\n\n\n\n<p>El Ayuntamiento de Bu\u00f1ol ha lanzado la campa\u00f1a \u201cTurista en tu pueblo\u201d, una iniciativa enmarcada en el Plan de Sostenibilidad Tur\u00edstica en Destino (PSTD) \u201cSenda Verde\u201d y financiada por la Uni\u00f3n Europea a trav\u00e9s de los fondos Next Generation EU. La propuesta invita a la poblaci\u00f3n empadronada a redescubrir su propio patrimonio tur\u00edstico desde una mirada consciente y participativa.<\/p>\n\n\n\n<p>La campa\u00f1a parte de la idea de que hacer turismo no siempre implica desplazarse lejos, sino aprender a mirar de nuevo aquello que forma parte de nuestra vida cotidiana. El objetivo es reforzar el v\u00ednculo emocional con el municipio, fomentar el orgullo de pertenencia y convertir a la ciudadan\u00eda en protagonista y prescriptora del destino.<\/p>\n\n\n\n<p>En palabras de la concejala de Turismo, Luc\u00eda Villar, \u201cel futuro del destino se construye con la implicaci\u00f3n activa de su propia gente. No podemos hablar de sostenibilidad tur\u00edstica sin contar con quienes viven Bu\u00f1ol cada d\u00eda. Con \u2018Turista en tu pueblo\u2019 queremos que nuestra ciudadan\u00eda redescubra su patrimonio, lo valore y se convierta en la mejor embajadora del municipio\u201d.<\/p>\n\n\n\n<p><strong>Dos visitas guiadas exclusivas para poblaci\u00f3n local<\/strong><\/p>\n\n\n\n<p>La programaci\u00f3n incluye dos visitas guiadas gratuitas, dirigidas exclusivamente a personas empadronadas en Bu\u00f1ol, que permitir\u00e1n profundizar en espacios emblem\u00e1ticos del municipio.<\/p>\n\n\n\n<p><strong>22 de marzo: Castillo y Cementerio Civil<\/strong><\/p>\n\n\n\n<p>La visita comenzar\u00e1 en el Castillo de Bu\u00f1ol, fortaleza con siglos de historia que domina el paisaje urbano. Acompa\u00f1ados por gu\u00eda especializado, los participantes recorrer\u00e1n el recinto amurallado, sus espacios muse\u00edsticos y ascender\u00e1n a sus torres para contemplar vistas privilegiadas del municipio y su entorno natural.<\/p>\n\n\n\n<p>El itinerario continuar\u00e1 en el Cementerio Civil, en este recinto se conservan notables testimonios de la presencia de la masoner\u00eda en Bu\u00f1ol y la comarca, incluyendo grabados realizados incluso durante el franquismo.<\/p>\n\n\n\n<p><strong>29 de marzo: Parque de San Luis y Museo de la Tomatina<\/strong><\/p>\n\n\n\n<p>La segunda visita comenzar\u00e1 en el Parque de San Luis, junto al auditorio, y nos llevar\u00e1 a recorrer el coraz\u00f3n de Bu\u00f1ol a trav\u00e9s de algunos de sus espacios m\u00e1s representativos. El itinerario permitir\u00e1 descubrir la huella de los antiguos molinos papeleros del siglo XVIII.<\/p>\n\n\n\n<p>La experiencia incluir\u00e1 la visita al Museo de la Tomatina, un espacio expositivo clave para comprender el origen, la evoluci\u00f3n y las singularidades de esta celebraci\u00f3n \u00fanica en el mundo. A trav\u00e9s de recursos audiovisuales, im\u00e1genes y testimonios, se analizar\u00e1 c\u00f3mo una tradici\u00f3n local surgida de manera espont\u00e1nea logr\u00f3 consolidarse como un fen\u00f3meno internacional sin perder su arraigo popular. El recorrido finalizar\u00e1 ascendiendo por las estrechas y pintorescas calles del barrio hist\u00f3rico hasta alcanzar el Castillo de Bu\u00f1ol.<\/p>\n\n\n\n<p>Las visitas ser\u00e1n gratuitas hasta completar aforo. Las inscripciones se deben realizar completando el <a href=\"https:\/\/forms.gle\/3gbiWkES1UfpQgEV6\">formulario<\/a> habilitado por la Oficina de Turismo de Bu\u00f1ol.&nbsp;<\/p>\n","protected":false},"excerpt":{"rendered":"<div class=\"mh-excerpt\">El 22 y 29 de marzo se celebrar\u00e1n dos visitas guiadas gratuitas dirigidas a la poblaci\u00f3n local El Ayuntamiento de Bu\u00f1ol ha lanzado la campa\u00f1a \u201cTurista en tu pueblo\u201d, una iniciativa enmarcada en el Plan <a class=\"mh-excerpt-more\" href=\"https:\/\/www.tucomarca.com\/wordpress\/segunda\/bunol-invita-a-su-ciudadania-a-redescubrir-el-municipio-con-la-campana-turista-en-tu-pueblo\/\" title=\"Bu\u00f1ol invita a su ciudadan\u00eda a redescubrir el municipio con la campa\u00f1a \u201cTurista en tu pueblo\u201d\">[+] <\/a><\/div>\n","protected":false},"author":12,"featured_media":293967,"comment_status":"closed","ping_status":"open","sticky":false,"template":"","format":"standard","meta":{"footnotes":""},"categories":[4,18,8,10,7,3],"tags":[10385,5952,23981],"class_list":{"0":"post-293957","1":"post","2":"type-post","3":"status-publish","4":"format-standard","5":"has-post-thumbnail","7":"category-agenda","8":"category-bunol","9":"category-la-comarca","10":"category-la-hoya","11":"category-ocio-y-cultura","12":"category-seccion","13":"tag-bunol","14":"tag-la-hoya-de-bunol-chiva","15":"tag-turista-en-tu-pueblo"},"_links":{"self":[{"href":"https:\/\/www.tucomarca.com\/wordpress\/segunda\/wp-json\/wp\/v2\/posts\/293957","targetHints":{"allow":["GET"]}}],"collection":[{"href":"https:\/\/www.tucomarca.com\/wordpress\/segunda\/wp-json\/wp\/v2\/posts"}],"about":[{"href":"https:\/\/www.tucomarca.com\/wordpress\/segunda\/wp-json\/wp\/v2\/types\/post"}],"author":[{"embeddable":true,"href":"https:\/\/www.tucomarca.com\/wordpress\/segunda\/wp-json\/wp\/v2\/users\/12"}],"replies":[{"embeddable":true,"href":"https:\/\/www.tucomarca.com\/wordpress\/segunda\/wp-json\/wp\/v2\/comments?post=293957"}],"version-history":[{"count":0,"href":"https:\/\/www.tucomarca.com\/wordpress\/segunda\/wp-json\/wp\/v2\/posts\/293957\/revisions"}],"wp:featuredmedia":[{"embeddable":true,"href":"https:\/\/www.tucomarca.com\/wordpress\/segunda\/wp-json\/wp\/v2\/media\/293967"}],"wp:attachment":[{"href":"https:\/\/www.tucomarca.com\/wordpress\/segunda\/wp-json\/wp\/v2\/media?parent=293957"}],"wp:term":[{"taxonomy":"category","embeddable":true,"href":"https:\/\/www.tucomarca.com\/wordpress\/segunda\/wp-json\/wp\/v2\/categories?post=293957"},{"taxonomy":"post_tag","embeddable":true,"href":"https:\/\/www.tucomarca.com\/wordpress\/segunda\/wp-json\/wp\/v2\/tags?post=293957"}],"curies":[{"name":"wp","href":"https:\/\/api.w.org\/{rel}","templated":true}]}}