{"id":294167,"date":"2026-02-25T12:45:00","date_gmt":"2026-02-25T11:45:00","guid":{"rendered":"https:\/\/www.tucomarca.com\/wordpress\/segunda\/?p=294167"},"modified":"2026-02-26T13:02:59","modified_gmt":"2026-02-26T12:02:59","slug":"detenidos-en-san-antonio-de-benageber-los-autores-de-robos-con-violencia-en-tiendas-de-telefonia-de-lliria","status":"publish","type":"post","link":"https:\/\/www.tucomarca.com\/wordpress\/segunda\/detenidos-en-san-antonio-de-benageber-los-autores-de-robos-con-violencia-en-tiendas-de-telefonia-de-lliria\/","title":{"rendered":"Detenidos en San Antonio de Benag\u00e9ber los autores de robos con violencia en tiendas de telefon\u00eda de Ll\u00edria"},"content":{"rendered":"\n<h3 class=\"wp-block-heading\">Tres personas han sido detenidas por la comisi\u00f3n de diversos robos con violencia en tiendas de telefon\u00eda m\u00f3vil en las localidades de Ll\u00edria, Moncada y Val d\u2019Uix\u00f3.<\/h3>\n\n\n\n<h3 class=\"wp-block-heading\">El valor de lo sustra\u00eddo asciende a 24.000 euros.<\/h3>\n\n\n\n<p>La Guardia Civil detiene a los integrantes de una banda por la comisi\u00f3n de robos con violencia e intimidaci\u00f3n en tiendas de telefon\u00eda m\u00f3vil. Los robos consist\u00edan en terminales de alta gama, con una valoraci\u00f3n de aproximadamente 24.000 euros.<\/p>\n\n\n\n<p>Los agentes tuvieron conocimiento de que un turismo estaba implicado en la comisi\u00f3n de diversos robos con violencia e intimidaci\u00f3n en tiendas de telefon\u00eda de las localidades de Ll\u00edria, Moncada y Val d\u2019Uix\u00f3. Esa misma tarde, agentes de Seguridad Ciudadana observaron el veh\u00edculo implicado en los robos circulando en sentido contrario e hicieron un cambio de sentido. Los autores, al percatarse, comenzaron a realizar maniobras que pusieron en riesgo a los usuarios de la v\u00eda.&nbsp;<\/p>\n\n\n\n<p>Poco despu\u00e9s, al ser alcanzados por los agentes, el veh\u00edculo continu\u00f3 sin detenerse hasta que, finalmente, en el arc\u00e9n de un carril de deceleraci\u00f3n, dieron el alto. En el interior hab\u00eda tres hombres que, tras ser identificados y registrados, se observ\u00f3 que portaban dinero en efectivo y dos alarmas antirrobo de tel\u00e9fonos m\u00f3viles.&nbsp;<\/p>\n\n\n\n<p>El modus operandi de los autores consist\u00eda en utilizar la violencia e intimidaci\u00f3n en el interior de establecimientos de telefon\u00eda m\u00f3vil para conseguir dispositivos de alta gama. Acced\u00edan a las tiendas con el rostro cubierto y arrancaban a la fuerza los mecanismos de seguridad de los tel\u00e9fonos, intimidando a los empleados y clientes. El bot\u00edn de sus robos asciende a los 24.000 euros.&nbsp;<\/p>\n\n\n\n<p>La detenci\u00f3n de los 3 hombres de 16, 22 y 24 a\u00f1os y de nacionalidad rumana se produjo en la localidad de San Antonio de Benag\u00e9ber. Se les atribuyen los siguientes delitos: 4 robos con violencia e intimidaci\u00f3n y uno de resistencia a agente de la autoridad.&nbsp;<\/p>\n\n\n\n<p>La investigaci\u00f3n ha sido llevada a cabo por agentes del Puesto Principal de La Pobla de Vallbona.\u00a0Las diligencias fueron entregadas en el Juzgado de Primera Instancia e Instrucci\u00f3n n\u00famero 7 de Paterna.\u00a0<\/p>\n\n\n\n<p><\/p>\n","protected":false},"excerpt":{"rendered":"<div class=\"mh-excerpt\">Tres personas han sido detenidas por la comisi\u00f3n de diversos robos con violencia en tiendas de telefon\u00eda m\u00f3vil en las localidades de Ll\u00edria, Moncada y Val d\u2019Uix\u00f3. El valor de lo sustra\u00eddo asciende a 24.000 <a class=\"mh-excerpt-more\" href=\"https:\/\/www.tucomarca.com\/wordpress\/segunda\/detenidos-en-san-antonio-de-benageber-los-autores-de-robos-con-violencia-en-tiendas-de-telefonia-de-lliria\/\" title=\"Detenidos en San Antonio de Benag\u00e9ber los autores de robos con violencia en tiendas de telefon\u00eda de Ll\u00edria\">[+] <\/a><\/div>\n","protected":false},"author":12,"featured_media":213590,"comment_status":"closed","ping_status":"open","sticky":false,"template":"","format":"standard","meta":{"footnotes":""},"categories":[46,8,47,183,3,116,45],"tags":[10395,1098,10396,15085],"class_list":{"0":"post-294167","1":"post","2":"type-post","3":"status-publish","4":"format-standard","5":"has-post-thumbnail","7":"category-camp-de-turia","8":"category-la-comarca","9":"category-lliria","10":"category-san-antonio-de-benageber","11":"category-seccion","12":"category-sucesos-la-comarca","13":"category-ventana","14":"tag-camp-de-turia","15":"tag-guardia-civil","16":"tag-lliria","17":"tag-robos-con-violencia"},"_links":{"self":[{"href":"https:\/\/www.tucomarca.com\/wordpress\/segunda\/wp-json\/wp\/v2\/posts\/294167","targetHints":{"allow":["GET"]}}],"collection":[{"href":"https:\/\/www.tucomarca.com\/wordpress\/segunda\/wp-json\/wp\/v2\/posts"}],"about":[{"href":"https:\/\/www.tucomarca.com\/wordpress\/segunda\/wp-json\/wp\/v2\/types\/post"}],"author":[{"embeddable":true,"href":"https:\/\/www.tucomarca.com\/wordpress\/segunda\/wp-json\/wp\/v2\/users\/12"}],"replies":[{"embeddable":true,"href":"https:\/\/www.tucomarca.com\/wordpress\/segunda\/wp-json\/wp\/v2\/comments?post=294167"}],"version-history":[{"count":0,"href":"https:\/\/www.tucomarca.com\/wordpress\/segunda\/wp-json\/wp\/v2\/posts\/294167\/revisions"}],"wp:featuredmedia":[{"embeddable":true,"href":"https:\/\/www.tucomarca.com\/wordpress\/segunda\/wp-json\/wp\/v2\/media\/213590"}],"wp:attachment":[{"href":"https:\/\/www.tucomarca.com\/wordpress\/segunda\/wp-json\/wp\/v2\/media?parent=294167"}],"wp:term":[{"taxonomy":"category","embeddable":true,"href":"https:\/\/www.tucomarca.com\/wordpress\/segunda\/wp-json\/wp\/v2\/categories?post=294167"},{"taxonomy":"post_tag","embeddable":true,"href":"https:\/\/www.tucomarca.com\/wordpress\/segunda\/wp-json\/wp\/v2\/tags?post=294167"}],"curies":[{"name":"wp","href":"https:\/\/api.w.org\/{rel}","templated":true}]}}