{"id":294282,"date":"2026-02-27T10:45:00","date_gmt":"2026-02-27T09:45:00","guid":{"rendered":"https:\/\/www.tucomarca.com\/wordpress\/segunda\/?p=294282"},"modified":"2026-02-27T20:06:33","modified_gmt":"2026-02-27T19:06:33","slug":"alborache-conmemora-la-semana-de-la-mujer-con-una-programacion-especial-del-4-al-8-de-marzo","status":"publish","type":"post","link":"https:\/\/www.tucomarca.com\/wordpress\/segunda\/alborache-conmemora-la-semana-de-la-mujer-con-una-programacion-especial-del-4-al-8-de-marzo\/","title":{"rendered":"Alborache conmemora la Semana de la Mujer con una programaci\u00f3n especial del 4 al 8 de marzo"},"content":{"rendered":"\n<p>El Ayuntamiento de Alborache ha organizado una completa programaci\u00f3n con motivo de la Semana de la Mujer, que se celebrar\u00e1 del 4 al 8 de marzo con diversas actividades culturales, sociales y de bienestar dirigidas a la ciudadan\u00eda. La iniciativa cuenta tambi\u00e9n con la colaboraci\u00f3n de la asociaci\u00f3n Amas de Casa de Alborache.<\/p>\n\n\n\n<p>La programaci\u00f3n arrancar\u00e1 el mi\u00e9rcoles 4 de marzo con un refrigerio y la proyecci\u00f3n de la pel\u00edcula <em>La mitad de Ana<\/em>, que tendr\u00e1 lugar de 17:30 a 19:30 horas en el sal\u00f3n de actos del Ayuntamiento. Tras la proyecci\u00f3n, se celebrar\u00e1 una tertulia para comentar la pel\u00edcula.<\/p>\n\n\n\n<p>El jueves 5 de marzo las actividades continuar\u00e1n en la Casa de la Cultura. A las 17:30 horas se ofrecer\u00e1 una merienda y, de 18:00 a 20:30 horas, se desarrollar\u00e1 un taller de modelado y decoraci\u00f3n.<\/p>\n\n\n\n<p>El viernes 6 de marzo se celebrar\u00e1 en el sal\u00f3n de actos del Ayuntamiento una merienda entre las 17:30 y las 18:00 horas. Posteriormente, de 18:00 a 20:00 horas, tendr\u00e1 lugar un taller de meditaci\u00f3n y bienestar impartido por Ana Yalem.<\/p>\n\n\n\n<p>La programaci\u00f3n seguir\u00e1 el s\u00e1bado 7 de marzo con la tradicional merienda del 8M, organizada por las Amas de Casa de Alborache a las 18:00 horas en el centro social.<\/p>\n\n\n\n<p>Finalmente, el domingo 8 de marzo, coincidiendo con el D\u00eda Internacional de la Mujer, se proyectar\u00e1 el documental <em>Mujeres que hacen pueblo<\/em> de 11:00 a 12:00 horas en el sal\u00f3n de actos del Ayuntamiento.<\/p>\n\n\n\n<p>Con esta programaci\u00f3n, Alborache busca fomentar la participaci\u00f3n vecinal y reflexionar sobre la importancia de avanzar hacia una sociedad m\u00e1s igualitaria, poniendo en valor el papel de las mujeres en la vida social y cultural del municipio.<\/p>\n","protected":false},"excerpt":{"rendered":"<div class=\"mh-excerpt\">El Ayuntamiento de Alborache ha organizado una completa programaci\u00f3n con motivo de la Semana de la Mujer, que se celebrar\u00e1 del 4 al 8 de marzo con diversas actividades culturales, sociales y de bienestar dirigidas <a class=\"mh-excerpt-more\" href=\"https:\/\/www.tucomarca.com\/wordpress\/segunda\/alborache-conmemora-la-semana-de-la-mujer-con-una-programacion-especial-del-4-al-8-de-marzo\/\" title=\"Alborache conmemora la Semana de la Mujer con una programaci\u00f3n especial del 4 al 8 de marzo\">[+] <\/a><\/div>\n","protected":false},"author":12,"featured_media":294287,"comment_status":"closed","ping_status":"open","sticky":false,"template":"","format":"standard","meta":{"footnotes":""},"categories":[4,19,8,10,7,3],"tags":[11507,10386,5952],"class_list":{"0":"post-294282","1":"post","2":"type-post","3":"status-publish","4":"format-standard","5":"has-post-thumbnail","7":"category-agenda","8":"category-alborache","9":"category-la-comarca","10":"category-la-hoya","11":"category-ocio-y-cultura","12":"category-seccion","13":"tag-8m","14":"tag-alborache","15":"tag-la-hoya-de-bunol-chiva"},"_links":{"self":[{"href":"https:\/\/www.tucomarca.com\/wordpress\/segunda\/wp-json\/wp\/v2\/posts\/294282","targetHints":{"allow":["GET"]}}],"collection":[{"href":"https:\/\/www.tucomarca.com\/wordpress\/segunda\/wp-json\/wp\/v2\/posts"}],"about":[{"href":"https:\/\/www.tucomarca.com\/wordpress\/segunda\/wp-json\/wp\/v2\/types\/post"}],"author":[{"embeddable":true,"href":"https:\/\/www.tucomarca.com\/wordpress\/segunda\/wp-json\/wp\/v2\/users\/12"}],"replies":[{"embeddable":true,"href":"https:\/\/www.tucomarca.com\/wordpress\/segunda\/wp-json\/wp\/v2\/comments?post=294282"}],"version-history":[{"count":0,"href":"https:\/\/www.tucomarca.com\/wordpress\/segunda\/wp-json\/wp\/v2\/posts\/294282\/revisions"}],"wp:featuredmedia":[{"embeddable":true,"href":"https:\/\/www.tucomarca.com\/wordpress\/segunda\/wp-json\/wp\/v2\/media\/294287"}],"wp:attachment":[{"href":"https:\/\/www.tucomarca.com\/wordpress\/segunda\/wp-json\/wp\/v2\/media?parent=294282"}],"wp:term":[{"taxonomy":"category","embeddable":true,"href":"https:\/\/www.tucomarca.com\/wordpress\/segunda\/wp-json\/wp\/v2\/categories?post=294282"},{"taxonomy":"post_tag","embeddable":true,"href":"https:\/\/www.tucomarca.com\/wordpress\/segunda\/wp-json\/wp\/v2\/tags?post=294282"}],"curies":[{"name":"wp","href":"https:\/\/api.w.org\/{rel}","templated":true}]}}