{"id":294342,"date":"2026-02-28T11:00:00","date_gmt":"2026-02-28T10:00:00","guid":{"rendered":"https:\/\/www.tucomarca.com\/wordpress\/segunda\/?p=294342"},"modified":"2026-03-02T21:17:07","modified_gmt":"2026-03-02T20:17:07","slug":"vicent-mompo-anuncia-un-plan-para-mejorar-la-seguridad-de-los-ciclistas-deportivos-en-las-carreteras-de-la-diputacio","status":"publish","type":"post","link":"https:\/\/www.tucomarca.com\/wordpress\/segunda\/vicent-mompo-anuncia-un-plan-para-mejorar-la-seguridad-de-los-ciclistas-deportivos-en-las-carreteras-de-la-diputacio\/","title":{"rendered":"Vicent Momp\u00f3 anuncia un plan para mejorar la seguridad de los ciclistas deportivos en las carreteras de la Diputaci\u00f3"},"content":{"rendered":"\n<h3 class=\"wp-block-heading\">El presidente de la instituci\u00f3n provincial y la diputada de Carreteras, Reme Mazzolari, se re\u00fanen con representantes del colectivo ciclista para conocer sus necesidades y seguir desarrollando el Plan de Fomento del Cicloturismo Deportivo Seguro.<\/h3>\n\n\n\n<h3 class=\"wp-block-heading\">Momp\u00f3 y Mazzolari presentan un sistema inteligente instalado en la CV-310 entre B\u00e9tera y N\u00e1quera que detecta la presencia de ciclistas con alerta en tiempo real.<\/h3>\n\n\n\n<p>El presidente de la Diputaci\u00f3 de Val\u00e8ncia, Vicent Momp\u00f3, ha anunciado la puesta en marcha del Plan de Fomento del Cicloturismo Deportivo Seguro, una estrategia impulsada por el \u00e1rea provincial de Carreteras para reforzar la seguridad de los ciclistas en la red provincial y fomentar el uso de la bicicleta como medio de transporte sostenible y saludable; as\u00ed como para la pr\u00e1ctica de ciclismo deportivo.<\/p>\n\n\n\n<p>La presentaci\u00f3n del plan se ha realizado durante una jornada de trabajo organizada por la Diputaci\u00f3 de Val\u00e8ncia para contrastar las l\u00edneas de actuaci\u00f3n con el sector y avanzar en soluciones concretas orientadas a un colectivo especialmente vulnerable en la red viaria provincial.&nbsp;<\/p>\n\n\n\n<p>En este encuentro, encabezado por el presidente Momp\u00f3 y la diputada de Carreteras, Reme Mazzolari, han participado representantes de colectivos ciclistas de la provincia, el presidente de la Federaci\u00f3n Valenciana de Ciclismo y exciclista profesional, Jos\u00e9 Enrique Guti\u00e9rrez; el catedr\u00e1tico del Departamento de Ingenier\u00eda del Transporte de la Universitat Polit\u00e8cnica de Val\u00e8ncia, Alfredo Garc\u00eda; representantes de la empresa ETRA, colaboradora en el desarrollo tecnol\u00f3gico del proyecto; as\u00ed como t\u00e9cnicos del servicio de Conservaci\u00f3n del \u00e1rea de Carreteras de la Diputaci\u00f3.&nbsp;<\/p>\n\n\n\n<p>Como parte del programa, la sesi\u00f3n ha incluido la visita al sistema de se\u00f1alizaci\u00f3n din\u00e1mica inteligente instalado en la CV-310, entre B\u00e9tera y N\u00e1quera, primera actuaci\u00f3n piloto en el marco del plan. Se trata de un proyecto que se encuentra en su fase final de desarrollo y que detecta y contabiliza ciclistas mediante c\u00e1maras inteligentes, alertando en tiempo real a los conductores de su presencia en el tramo y recomendando una velocidad m\u00e1s segura. La informaci\u00f3n se actualiza de forma din\u00e1mica en funci\u00f3n del n\u00famero de usuarios detectados, lo que mejora la anticipaci\u00f3n del conductor y favorece adelantamientos m\u00e1s seguros.<\/p>\n\n\n\n<figure class=\"wp-block-image size-large\"><img loading=\"lazy\" decoding=\"async\" width=\"1024\" height=\"666\" src=\"https:\/\/www.tucomarca.com\/wordpress\/segunda\/wp-content\/uploads\/2026\/03\/DipuPlanCiclismo2-1024x666.jpg\" alt=\"\" class=\"wp-image-294346\" srcset=\"https:\/\/www.tucomarca.com\/wordpress\/segunda\/wp-content\/uploads\/2026\/03\/DipuPlanCiclismo2-1024x666.jpg 1024w, https:\/\/www.tucomarca.com\/wordpress\/segunda\/wp-content\/uploads\/2026\/03\/DipuPlanCiclismo2-300x195.jpg 300w, https:\/\/www.tucomarca.com\/wordpress\/segunda\/wp-content\/uploads\/2026\/03\/DipuPlanCiclismo2-768x499.jpg 768w, https:\/\/www.tucomarca.com\/wordpress\/segunda\/wp-content\/uploads\/2026\/03\/DipuPlanCiclismo2.jpg 1181w\" sizes=\"auto, (max-width: 1024px) 100vw, 1024px\" \/><\/figure>\n\n\n\n<p>Este sistema ha sido desarrollado en colaboraci\u00f3n con la Universitat Polit\u00e8cnica de Val\u00e8ncia, y el plan es poder exportar este modelo a otras carreteras con especial afluencia de ciclistas.&nbsp;<\/p>\n\n\n\n<p>Durante su intervenci\u00f3n, Vicent Momp\u00f3 ha subrayado la ambici\u00f3n del proyecto, asegurando que el objetivo es \u201cposicionar la provincia de Val\u00e8ncia como el gran referente del cicloturismo deportivo en Europa, no como una alternativa o un destino m\u00e1s, sino como el destino\u201d. En este sentido, ha recordado que en las \u00faltimas semanas algunos de los mejores ciclistas del mundo han entrenado en carreteras valencianas, entre Cullera y Val\u00e8ncia o en puertos como el Garb\u00ed, l\u2019Oronet o el Pla de Corrals, lo que, a su juicio, \u201cno es casualidad, sino el resultado de un territorio que ofrece clima, exigencia deportiva y, cada vez m\u00e1s, seguridad e infraestructuras de primer nivel\u201d.<\/p>\n\n\n\n<p>El presidente ha explicado que el modelo que impulsa la Diputaci\u00f3 desde el \u00e1rea de Carreteras combina innovaci\u00f3n aplicada a la seguridad con una mejor ordenaci\u00f3n del espacio viario. \u201cAnticiparse es proteger, y proteger es salvar vidas\u201d, ha afirmado en referencia al sistema pionero de se\u00f1alizaci\u00f3n din\u00e1mica instalado en la CV-310, que detecta y contabiliza ciclistas en un tramo concreto y avisa a los conductores antes de que se los encuentren.<\/p>\n\n\n\n<p>Momp\u00f3 ha a\u00f1adido que esta estrategia se completa con la validaci\u00f3n de balizas inteligentes que activan se\u00f1ales luminosas al detectar ciclistas o peatones, as\u00ed como con proyectos piloto de se\u00f1alizaci\u00f3n horizontal espec\u00edfica de alerta ciclista, desarrollados en colaboraci\u00f3n con la Universitat Polit\u00e8cnica de Val\u00e8ncia y el Ministerio de Transportes. Adem\u00e1s, ha recordado que la Diputaci\u00f3 ya ha se\u00f1alizado 45 puertos de monta\u00f1a con todos sus datos t\u00e9cnicos, \u201cconvirtiendo nuestras carreteras en aut\u00e9nticos escenarios deportivos de referencia internacional\u201d.<\/p>\n\n\n\n<p>El presidente ha incidido en que esta apuesta busca atraer talento deportivo y generar actividad econ\u00f3mica, especialmente en zonas de interior, al tiempo que se incrementa la seguridad de quienes practican ciclismo. Asimismo, ha apelado a la colaboraci\u00f3n de la Federaci\u00f3n Valenciana de Ciclismo, los clubes y los propios ciclistas, destacando que \u201ceste es un proyecto compartido y el liderazgo se construye escuchando\u201d.<\/p>\n\n\n\n<p>\u201cEstamos construyendo m\u00e1s que una red de carreteras; estamos construyendo una identidad: la de una provincia que apuesta por el deporte, por la movilidad sostenible y por la excelencia\u201d, ha concluido.<\/p>\n\n\n\n<p>Por su parte, la diputada Reme Mazzolari explica que \u00aben este caso, al igual que en todas las actuaciones sobre la red de Carreteras, el elemento central es el incremento de la seguridad de todos los usuarios\u00bb e incide en que \u00abhay que tener muy presente que los ciclistas que circulan por carretera tienen que hacerlo sobre la propia plataforma, lo que les convierte en un colectivo vulnerable frente a coches, furgonetas y camiones\u00bb por lo que \u00abes fundamental que podamos escuchar sus demandas para poder ajustar las l\u00edneas de actuaci\u00f3n a desarrollar\u00bb.<\/p>\n","protected":false},"excerpt":{"rendered":"<div class=\"mh-excerpt\">El presidente de la instituci\u00f3n provincial y la diputada de Carreteras, Reme Mazzolari, se re\u00fanen con representantes del colectivo ciclista para conocer sus necesidades y seguir desarrollando el Plan de Fomento del Cicloturismo Deportivo Seguro. <a class=\"mh-excerpt-more\" href=\"https:\/\/www.tucomarca.com\/wordpress\/segunda\/vicent-mompo-anuncia-un-plan-para-mejorar-la-seguridad-de-los-ciclistas-deportivos-en-las-carreteras-de-la-diputacio\/\" title=\"Vicent Momp\u00f3 anuncia un plan para mejorar la seguridad de los ciclistas deportivos en las carreteras de la Diputaci\u00f3\">[+] <\/a><\/div>\n","protected":false},"author":12,"featured_media":294344,"comment_status":"closed","ping_status":"open","sticky":false,"template":"","format":"standard","meta":{"footnotes":""},"categories":[51,46,173,6,128,8,72,180,142,3,45],"tags":[10398,15296,3677,10436,23999],"class_list":{"0":"post-294342","1":"post","2":"type-post","3":"status-publish","4":"format-standard","5":"has-post-thumbnail","7":"category-betera","8":"category-camp-de-turia","9":"category-ciclismo","10":"category-deportes","11":"category-infraestructuras","12":"category-la-comarca","13":"category-sin-categorizar","14":"category-naquera","15":"category-politica-la-comarca","16":"category-seccion","17":"category-ventana","18":"tag-betera","19":"tag-camp-de-turia-2","20":"tag-diputacio-de-valencia","21":"tag-naquera","22":"tag-seguridad-ciclistas-deportivos"},"_links":{"self":[{"href":"https:\/\/www.tucomarca.com\/wordpress\/segunda\/wp-json\/wp\/v2\/posts\/294342","targetHints":{"allow":["GET"]}}],"collection":[{"href":"https:\/\/www.tucomarca.com\/wordpress\/segunda\/wp-json\/wp\/v2\/posts"}],"about":[{"href":"https:\/\/www.tucomarca.com\/wordpress\/segunda\/wp-json\/wp\/v2\/types\/post"}],"author":[{"embeddable":true,"href":"https:\/\/www.tucomarca.com\/wordpress\/segunda\/wp-json\/wp\/v2\/users\/12"}],"replies":[{"embeddable":true,"href":"https:\/\/www.tucomarca.com\/wordpress\/segunda\/wp-json\/wp\/v2\/comments?post=294342"}],"version-history":[{"count":0,"href":"https:\/\/www.tucomarca.com\/wordpress\/segunda\/wp-json\/wp\/v2\/posts\/294342\/revisions"}],"wp:featuredmedia":[{"embeddable":true,"href":"https:\/\/www.tucomarca.com\/wordpress\/segunda\/wp-json\/wp\/v2\/media\/294344"}],"wp:attachment":[{"href":"https:\/\/www.tucomarca.com\/wordpress\/segunda\/wp-json\/wp\/v2\/media?parent=294342"}],"wp:term":[{"taxonomy":"category","embeddable":true,"href":"https:\/\/www.tucomarca.com\/wordpress\/segunda\/wp-json\/wp\/v2\/categories?post=294342"},{"taxonomy":"post_tag","embeddable":true,"href":"https:\/\/www.tucomarca.com\/wordpress\/segunda\/wp-json\/wp\/v2\/tags?post=294342"}],"curies":[{"name":"wp","href":"https:\/\/api.w.org\/{rel}","templated":true}]}}