{"id":294353,"date":"2026-02-28T10:00:00","date_gmt":"2026-02-28T09:00:00","guid":{"rendered":"https:\/\/www.tucomarca.com\/wordpress\/segunda\/?p=294353"},"modified":"2026-03-02T21:12:24","modified_gmt":"2026-03-02T20:12:24","slug":"la-pilota-valenciana-toma-la-plaza-de-la-diputacion-en-el-acto-central-de-la-decima-edicion-de-va-de-dona","status":"publish","type":"post","link":"https:\/\/www.tucomarca.com\/wordpress\/segunda\/la-pilota-valenciana-toma-la-plaza-de-la-diputacion-en-el-acto-central-de-la-decima-edicion-de-va-de-dona\/","title":{"rendered":"La pilota valenciana toma la plaza de la Diputaci\u00f3n en el acto central de la d\u00e9cima edici\u00f3n de \u2018Va de Dona!\u2019"},"content":{"rendered":"\n<h3 class=\"wp-block-heading\">La instituci\u00f3n provincial colabora en esta iniciativa organizada por la Federaci\u00f3 de Pilota Valenciana con el objetivo de visibilizar a las mujeres en este deporte.<\/h3>\n\n\n\n<h3 class=\"wp-block-heading\">El presidente de la Diputaci\u00f3n, Vicent Momp\u00f3, destaca que \u201cpara nosotros es fundamental promover la pr\u00e1ctica de la pilota entre las mujeres, porque estamos hablando del deporte de todos los valencianos\u201d.<\/h3>\n\n\n\n<p>La Plaza Manises, donde se encuentra la sede central de la Diputaci\u00f3 de Val\u00e8ncia, se ha convertido este viernes en el epicentro de la pilota valenciana. La c\u00e9ntrica plaza ha acogido el acto central de la d\u00e9cima edici\u00f3n de \u2018Va de Dona!\u2019, la iniciativa organizada por la Federaci\u00f3 de Pilota Valenciana, en la que colabora la propia Diputaci\u00f3n, con el objetivo de visibilizar a las mujeres en este deporte, as\u00ed como fomentar su pr\u00e1ctica entre el sector femenino. \u2018Va de Dona!\u2019 cuenta tambi\u00e9n con el apoyo de otras instituciones como el Ayuntamiento de Valencia y la Fundaci\u00f3n Deportiva Municipal, adem\u00e1s de la Generalitat Valenciana.<\/p>\n\n\n\n<p>La plaza Manises y las calles cercanas al Palau de la Generalitat, el Palacio de la Alcald\u00eda y la Bas\u00edlica de la Virgen de los Desamparados se han llenado de mujeres y ni\u00f1as de todas las edades y niveles de juego, que han podido pr\u00e1cticar el deporte aut\u00f3ctono. Adem\u00e1s, en el escenario central, pilotaris profesionales han estado firmando aut\u00f3grafos. Como se ha hecho en anteriores ediciones, se han entregado los premios anuales &#8216;Va de Dona&#8217;, los galardones del Trofeo de raspall profesional &#8216;Va de Dona&#8217; y los reconocimientos a los ni\u00f1os y ni\u00f1as ganadores del concurso de dibujo.<\/p>\n\n\n\n<p>La gran fiesta de la pilota valenciana se ha completado con la feria de artesanos, talleres de guantes, partidas entre todas las participantes, incluyendo jugadoras profesionales, del programa de Rendimiento de la FPV y del mundo fallero, juegos populares, &#8216;fotomat\u00f3n&#8217;, y c\u00e1mara de 360 grados.<\/p>\n\n\n\n<p>El presidente de la Diputaci\u00f3n, Vicent Momp\u00f3, ha querido estar presente para mostrar su apoyo a una iniciativa como \u00e9sta porque \u201cgracias a este tipo de acciones se promueve la pr\u00e1ctica de la pilota entre las mujeres, algo que consideramos fundamental porque estamos hablando de nuestro deporte aut\u00f3ctono, del de todos los valencianos y, en definitiva, de nuestras se\u00f1as de identidad. Por todo ello es esencial que las mujeres formen parte de este mundo en plena igualdad con los hombres\u201d.<\/p>\n\n\n\n<p>Momp\u00f3 ha a\u00f1adido que \u201cla pilota es tradici\u00f3n, s\u00ed, pero tambi\u00e9n es futuro. Y ese futuro ser\u00e1 m\u00e1s fuerte, m\u00e1s justo y m\u00e1s nuestro si las mujeres ocupan el lugar que les corresponde en igualdad plena\u201d.<\/p>\n\n\n\n<figure class=\"wp-block-gallery has-nested-images columns-2 is-cropped wp-block-gallery-1 is-layout-flex wp-block-gallery-is-layout-flex\">\n<figure class=\"wp-block-image size-large\"><img loading=\"lazy\" decoding=\"async\" width=\"1024\" height=\"666\" data-id=\"294364\" src=\"https:\/\/www.tucomarca.com\/wordpress\/segunda\/wp-content\/uploads\/2026\/03\/DipuVadeDona4-1024x666.jpg\" alt=\"\" class=\"wp-image-294364\" srcset=\"https:\/\/www.tucomarca.com\/wordpress\/segunda\/wp-content\/uploads\/2026\/03\/DipuVadeDona4-1024x666.jpg 1024w, https:\/\/www.tucomarca.com\/wordpress\/segunda\/wp-content\/uploads\/2026\/03\/DipuVadeDona4-300x195.jpg 300w, https:\/\/www.tucomarca.com\/wordpress\/segunda\/wp-content\/uploads\/2026\/03\/DipuVadeDona4-768x499.jpg 768w, https:\/\/www.tucomarca.com\/wordpress\/segunda\/wp-content\/uploads\/2026\/03\/DipuVadeDona4.jpg 1181w\" sizes=\"auto, (max-width: 1024px) 100vw, 1024px\" \/><\/figure>\n\n\n\n<figure class=\"wp-block-image size-large\"><img loading=\"lazy\" decoding=\"async\" width=\"1024\" height=\"666\" data-id=\"294360\" src=\"https:\/\/www.tucomarca.com\/wordpress\/segunda\/wp-content\/uploads\/2026\/03\/DipuVadeDona2-1024x666.jpg\" alt=\"\" class=\"wp-image-294360\" srcset=\"https:\/\/www.tucomarca.com\/wordpress\/segunda\/wp-content\/uploads\/2026\/03\/DipuVadeDona2-1024x666.jpg 1024w, https:\/\/www.tucomarca.com\/wordpress\/segunda\/wp-content\/uploads\/2026\/03\/DipuVadeDona2-300x195.jpg 300w, https:\/\/www.tucomarca.com\/wordpress\/segunda\/wp-content\/uploads\/2026\/03\/DipuVadeDona2-768x499.jpg 768w, https:\/\/www.tucomarca.com\/wordpress\/segunda\/wp-content\/uploads\/2026\/03\/DipuVadeDona2.jpg 1181w\" sizes=\"auto, (max-width: 1024px) 100vw, 1024px\" \/><\/figure>\n\n\n\n<figure class=\"wp-block-image size-large\"><img loading=\"lazy\" decoding=\"async\" width=\"1024\" height=\"666\" data-id=\"294358\" src=\"https:\/\/www.tucomarca.com\/wordpress\/segunda\/wp-content\/uploads\/2026\/03\/DipuVadeDona1-1024x666.jpg\" alt=\"\" class=\"wp-image-294358\" srcset=\"https:\/\/www.tucomarca.com\/wordpress\/segunda\/wp-content\/uploads\/2026\/03\/DipuVadeDona1-1024x666.jpg 1024w, https:\/\/www.tucomarca.com\/wordpress\/segunda\/wp-content\/uploads\/2026\/03\/DipuVadeDona1-300x195.jpg 300w, https:\/\/www.tucomarca.com\/wordpress\/segunda\/wp-content\/uploads\/2026\/03\/DipuVadeDona1-768x499.jpg 768w, https:\/\/www.tucomarca.com\/wordpress\/segunda\/wp-content\/uploads\/2026\/03\/DipuVadeDona1.jpg 1181w\" sizes=\"auto, (max-width: 1024px) 100vw, 1024px\" \/><\/figure>\n<\/figure>\n\n\n\n<p><strong>Firme apoyo a la pilota<\/strong><\/p>\n\n\n\n<p>La colaboraci\u00f3n de la Diputaci\u00f3n con esta iniciativa se suma a las numerosas acciones que est\u00e1 llevando a cabo en favor de la pilota durante los \u00faltimos a\u00f1os, hasta el punto de convertirse en la instituci\u00f3n que m\u00e1s apuesta por el deporte aut\u00f3ctono. Entre estas iniciativas destaca por encima de todas el Pla de Trinquets que, con un presupuesto de 8 millones de euros, est\u00e1 permitiendo la recuperaci\u00f3n y modernizaci\u00f3n de estos espacios emblem\u00e1ticos para tantos pueblos de la provincia. Al mismo tiempo, la corporaci\u00f3n ha reforzado el apoyo a la Federaci\u00f3 de Pilota Valenciana.<\/p>\n\n\n\n<p>En este sentido, el presidente Vicent Momp\u00f3 ha propuesto adem\u00e1s subvenciones directas para escuelas y clubes, as\u00ed como la creaci\u00f3n del programa \u2018Pilota en el teu poble\u2019 con monitores itinerantes, material deportivo y torneos escolares.<\/p>\n","protected":false},"excerpt":{"rendered":"<div class=\"mh-excerpt\">La instituci\u00f3n provincial colabora en esta iniciativa organizada por la Federaci\u00f3 de Pilota Valenciana con el objetivo de visibilizar a las mujeres en este deporte. El presidente de la Diputaci\u00f3n, Vicent Momp\u00f3, destaca que \u201cpara <a class=\"mh-excerpt-more\" href=\"https:\/\/www.tucomarca.com\/wordpress\/segunda\/la-pilota-valenciana-toma-la-plaza-de-la-diputacion-en-el-acto-central-de-la-decima-edicion-de-va-de-dona\/\" title=\"La pilota valenciana toma la plaza de la Diputaci\u00f3n en el acto central de la d\u00e9cima edici\u00f3n de \u2018Va de Dona!\u2019\">[+] <\/a><\/div>\n","protected":false},"author":12,"featured_media":294362,"comment_status":"closed","ping_status":"open","sticky":false,"template":"","format":"gallery","meta":{"footnotes":""},"categories":[6,8,72,199,3,45],"tags":[3677,1723],"class_list":{"0":"post-294353","1":"post","2":"type-post","3":"status-publish","4":"format-gallery","5":"has-post-thumbnail","7":"category-deportes","8":"category-la-comarca","9":"category-sin-categorizar","10":"category-polideportivo","11":"category-seccion","12":"category-ventana","13":"tag-diputacio-de-valencia","14":"tag-pilota-valenciana","15":"post_format-post-format-gallery"},"_links":{"self":[{"href":"https:\/\/www.tucomarca.com\/wordpress\/segunda\/wp-json\/wp\/v2\/posts\/294353","targetHints":{"allow":["GET"]}}],"collection":[{"href":"https:\/\/www.tucomarca.com\/wordpress\/segunda\/wp-json\/wp\/v2\/posts"}],"about":[{"href":"https:\/\/www.tucomarca.com\/wordpress\/segunda\/wp-json\/wp\/v2\/types\/post"}],"author":[{"embeddable":true,"href":"https:\/\/www.tucomarca.com\/wordpress\/segunda\/wp-json\/wp\/v2\/users\/12"}],"replies":[{"embeddable":true,"href":"https:\/\/www.tucomarca.com\/wordpress\/segunda\/wp-json\/wp\/v2\/comments?post=294353"}],"version-history":[{"count":0,"href":"https:\/\/www.tucomarca.com\/wordpress\/segunda\/wp-json\/wp\/v2\/posts\/294353\/revisions"}],"wp:featuredmedia":[{"embeddable":true,"href":"https:\/\/www.tucomarca.com\/wordpress\/segunda\/wp-json\/wp\/v2\/media\/294362"}],"wp:attachment":[{"href":"https:\/\/www.tucomarca.com\/wordpress\/segunda\/wp-json\/wp\/v2\/media?parent=294353"}],"wp:term":[{"taxonomy":"category","embeddable":true,"href":"https:\/\/www.tucomarca.com\/wordpress\/segunda\/wp-json\/wp\/v2\/categories?post=294353"},{"taxonomy":"post_tag","embeddable":true,"href":"https:\/\/www.tucomarca.com\/wordpress\/segunda\/wp-json\/wp\/v2\/tags?post=294353"}],"curies":[{"name":"wp","href":"https:\/\/api.w.org\/{rel}","templated":true}]}}