{"id":294434,"date":"2026-03-02T12:30:00","date_gmt":"2026-03-02T11:30:00","guid":{"rendered":"https:\/\/www.tucomarca.com\/wordpress\/segunda\/?p=294434"},"modified":"2026-03-02T21:55:01","modified_gmt":"2026-03-02T20:55:01","slug":"benaguasil-inaugura-su-exposicion-del-ninot","status":"publish","type":"post","link":"https:\/\/www.tucomarca.com\/wordpress\/segunda\/benaguasil-inaugura-su-exposicion-del-ninot\/","title":{"rendered":"Benaguasil inaugura su Exposici\u00f3n del Ninot"},"content":{"rendered":"\n<h3 class=\"wp-block-heading\">El d\u00eda 8 se conocer\u00e1n los ninots que se librar\u00e1n de la crem\u00e0.<\/h3>\n\n\n\n<p>Este fin de semana ha abierto sus puertas al p\u00fablico la Exposici\u00f3n del Ninot en el Centro de la Juventud. El acto cont\u00f3 con la participaci\u00f3n de las Falleras Mayores de Benaguasil, Ana Puchau y Paula Ricart y el presidente infantil, Manuel Cabrerizo, quienes realizaron el tradicional corte de cinta junto al alcalde Ximo Segarra, la concejala de Fallas, Ana Aleixandre, y la presidenta de la Junta Local Fallera, M\u00aa Jos\u00e9 Guillem.<\/p>\n\n\n\n<p>En esta edici\u00f3n, las diez fallas del municipio han presentado sus respectivos ninots, que pueden ser contemplados por vecinos y visitantes en una muestra que destaca por la creatividad y el ingenio, elementos caracter\u00edsticos del arte fallero.<\/p>\n\n\n\n<p>Tras la apertura oficial, representantes de todas las comisiones falleras recorrieron la exposici\u00f3n para contemplar los ninots.<\/p>\n\n\n\n<p>La exposici\u00f3n permanecer\u00e1 abierta al p\u00fablico hasta el pr\u00f3ximo viernes 6 de marzo, en horario de 9,00 h a 13,00 y de 17,00 h a 20,00 h. La elecci\u00f3n del Ninot Indultat, tanto en categor\u00eda grande como infantil, se celebrar\u00e1 el d\u00eda 8 a las 13,00 horas en el Centro de la Juventud.<\/p>\n\n\n\n<figure class=\"wp-block-gallery has-nested-images columns-1 is-cropped wp-block-gallery-1 is-layout-flex wp-block-gallery-is-layout-flex\">\n<figure class=\"wp-block-image size-large\"><img loading=\"lazy\" decoding=\"async\" width=\"1024\" height=\"683\" data-id=\"294439\" src=\"https:\/\/www.tucomarca.com\/wordpress\/segunda\/wp-content\/uploads\/2026\/03\/BenaguasilFallas26b-1024x683.jpeg\" alt=\"\" class=\"wp-image-294439\" srcset=\"https:\/\/www.tucomarca.com\/wordpress\/segunda\/wp-content\/uploads\/2026\/03\/BenaguasilFallas26b-1024x683.jpeg 1024w, https:\/\/www.tucomarca.com\/wordpress\/segunda\/wp-content\/uploads\/2026\/03\/BenaguasilFallas26b-300x200.jpeg 300w, https:\/\/www.tucomarca.com\/wordpress\/segunda\/wp-content\/uploads\/2026\/03\/BenaguasilFallas26b-768x512.jpeg 768w, https:\/\/www.tucomarca.com\/wordpress\/segunda\/wp-content\/uploads\/2026\/03\/BenaguasilFallas26b-1536x1024.jpeg 1536w, https:\/\/www.tucomarca.com\/wordpress\/segunda\/wp-content\/uploads\/2026\/03\/BenaguasilFallas26b-2048x1365.jpeg 2048w\" sizes=\"auto, (max-width: 1024px) 100vw, 1024px\" \/><\/figure>\n\n\n\n<figure class=\"wp-block-image size-large\"><img loading=\"lazy\" decoding=\"async\" width=\"1024\" height=\"683\" data-id=\"294435\" src=\"https:\/\/www.tucomarca.com\/wordpress\/segunda\/wp-content\/uploads\/2026\/03\/BenaguasilFallas26-1024x683.jpeg\" alt=\"\" class=\"wp-image-294435\" srcset=\"https:\/\/www.tucomarca.com\/wordpress\/segunda\/wp-content\/uploads\/2026\/03\/BenaguasilFallas26-1024x683.jpeg 1024w, https:\/\/www.tucomarca.com\/wordpress\/segunda\/wp-content\/uploads\/2026\/03\/BenaguasilFallas26-300x200.jpeg 300w, https:\/\/www.tucomarca.com\/wordpress\/segunda\/wp-content\/uploads\/2026\/03\/BenaguasilFallas26-768x512.jpeg 768w, https:\/\/www.tucomarca.com\/wordpress\/segunda\/wp-content\/uploads\/2026\/03\/BenaguasilFallas26-1536x1024.jpeg 1536w, https:\/\/www.tucomarca.com\/wordpress\/segunda\/wp-content\/uploads\/2026\/03\/BenaguasilFallas26-2048x1365.jpeg 2048w\" sizes=\"auto, (max-width: 1024px) 100vw, 1024px\" \/><\/figure>\n<\/figure>\n","protected":false},"excerpt":{"rendered":"<div class=\"mh-excerpt\">El d\u00eda 8 se conocer\u00e1n los ninots que se librar\u00e1n de la crem\u00e0. Este fin de semana ha abierto sus puertas al p\u00fablico la Exposici\u00f3n del Ninot en el Centro de la Juventud. El acto <a class=\"mh-excerpt-more\" href=\"https:\/\/www.tucomarca.com\/wordpress\/segunda\/benaguasil-inaugura-su-exposicion-del-ninot\/\" title=\"Benaguasil inaugura su Exposici\u00f3n del Ninot\">[+] <\/a><\/div>\n","protected":false},"author":1,"featured_media":294437,"comment_status":"closed","ping_status":"open","sticky":false,"template":"","format":"gallery","meta":{"footnotes":""},"categories":[172,46,8,72,5,7,383,3],"tags":[10429,10395,80],"class_list":{"0":"post-294434","1":"post","2":"type-post","3":"status-publish","4":"format-gallery","5":"has-post-thumbnail","7":"category-benaguasil","8":"category-camp-de-turia","9":"category-la-comarca","10":"category-sin-categorizar","11":"category-la-semana-en-imagenes","12":"category-ocio-y-cultura","13":"category-pueblos-en-fiestas","14":"category-seccion","15":"tag-benaguasil","16":"tag-camp-de-turia","17":"tag-fallas","18":"post_format-post-format-gallery"},"_links":{"self":[{"href":"https:\/\/www.tucomarca.com\/wordpress\/segunda\/wp-json\/wp\/v2\/posts\/294434","targetHints":{"allow":["GET"]}}],"collection":[{"href":"https:\/\/www.tucomarca.com\/wordpress\/segunda\/wp-json\/wp\/v2\/posts"}],"about":[{"href":"https:\/\/www.tucomarca.com\/wordpress\/segunda\/wp-json\/wp\/v2\/types\/post"}],"author":[{"embeddable":true,"href":"https:\/\/www.tucomarca.com\/wordpress\/segunda\/wp-json\/wp\/v2\/users\/1"}],"replies":[{"embeddable":true,"href":"https:\/\/www.tucomarca.com\/wordpress\/segunda\/wp-json\/wp\/v2\/comments?post=294434"}],"version-history":[{"count":0,"href":"https:\/\/www.tucomarca.com\/wordpress\/segunda\/wp-json\/wp\/v2\/posts\/294434\/revisions"}],"wp:featuredmedia":[{"embeddable":true,"href":"https:\/\/www.tucomarca.com\/wordpress\/segunda\/wp-json\/wp\/v2\/media\/294437"}],"wp:attachment":[{"href":"https:\/\/www.tucomarca.com\/wordpress\/segunda\/wp-json\/wp\/v2\/media?parent=294434"}],"wp:term":[{"taxonomy":"category","embeddable":true,"href":"https:\/\/www.tucomarca.com\/wordpress\/segunda\/wp-json\/wp\/v2\/categories?post=294434"},{"taxonomy":"post_tag","embeddable":true,"href":"https:\/\/www.tucomarca.com\/wordpress\/segunda\/wp-json\/wp\/v2\/tags?post=294434"}],"curies":[{"name":"wp","href":"https:\/\/api.w.org\/{rel}","templated":true}]}}