{"id":294470,"date":"2026-03-02T12:15:00","date_gmt":"2026-03-02T11:15:00","guid":{"rendered":"https:\/\/www.tucomarca.com\/wordpress\/segunda\/?p=294470"},"modified":"2026-03-02T22:08:02","modified_gmt":"2026-03-02T21:08:02","slug":"utiel-despide-el-mes-de-febrero-y-da-la-bienvenida-a-las-fallas-con-la-crida","status":"publish","type":"post","link":"https:\/\/www.tucomarca.com\/wordpress\/segunda\/utiel-despide-el-mes-de-febrero-y-da-la-bienvenida-a-las-fallas-con-la-crida\/","title":{"rendered":"Utiel despide el mes de febrero y da la bienvenida a las Fallas con \u00a0la crida"},"content":{"rendered":"\n<h3 class=\"wp-block-heading\">El pasado s\u00e1bado, 28 de febrero, se celebr\u00f3 la tradicional Crida y la Gala Fallera con la entrega de recompensas, distinciones e insignias de Junta Local y Junta Central Fallera.<\/h3>\n\n\n\n<h3 class=\"wp-block-heading\">Previamente, se inauguraba la exposici\u00f3n de ninots y carteles presentados a concurso que puede visitarse en la Casa de Cultura de Utiel hasta el pr\u00f3ximo 16 de marzo.<\/h3>\n\n\n\n<p>El pasado s\u00e1bado, Utiel desped\u00eda el mes de febrero dando la bienvenida a las Fallas de 2026 con una jornada especial llena de sentimiento fallero.<\/p>\n\n\n\n<p>&nbsp;La cita fallera arrancaba con el tradicional pasacalle por las plazas de las tres comisiones falleras (Falla Plaza de San Juan, Falla Plaza Puerta de las Eras y Falla Plaza Puerta del Sol) y la inauguraci\u00f3n de la exposici\u00f3n del ninot y de carteles participantes a concursos que puede visitarse en la Casa de Cultura de Utiel hasta el pr\u00f3ximo 16 de marzo.&nbsp;<\/p>\n\n\n\n<p>A continuaci\u00f3n, uno de los momentos m\u00e1s esperados del encuentro fallero: la tradicional Crida desde el balc\u00f3n consistorial a cargo de las Falleras Mayores de Utiel 2026, Celia Moya Latorre y Paula Clemente P\u00e9rez. Un emotivo acto para dar la bienvenida a las fiestas josefinas utielanas en el que estuvieron acompa\u00f1adas del alcalde de Utiel, Ricardo Gabald\u00f3n y del presidente de Junta Local Fallera, Jos\u00e9 Luis Garc\u00eda.<\/p>\n\n\n\n<p>En el sal\u00f3n polivalente, se pon\u00eda el broche de oro a este s\u00e1bado con sabor fallero: Tradicional Gala Fallera con la entrega de insignias y recompensas de la Junta Local Fallera y tras la comida de confraternidad entrega de galardones de la Junta Central Fallera y fin de fiesta con m\u00fasica en directo.<\/p>\n\n\n\n<p>El alcalde de Utiel, Ricardo Gabald\u00f3n y el presidente de Junta Local Fallera, Jos\u00e9 Luis Garc\u00eda, trasladaban su m\u00e1s sincera enhorabuena a todos los falleros y falleras galardonados y deseaban a todos unas fallas extraordinarias, llenas de ilusi\u00f3n y confraternidad.<\/p>\n\n\n\n<figure class=\"wp-block-image size-large\"><img loading=\"lazy\" decoding=\"async\" width=\"1024\" height=\"568\" src=\"https:\/\/www.tucomarca.com\/wordpress\/segunda\/wp-content\/uploads\/2026\/03\/UtielFallasCrida2-1024x568.jpeg\" alt=\"\" class=\"wp-image-294476\" srcset=\"https:\/\/www.tucomarca.com\/wordpress\/segunda\/wp-content\/uploads\/2026\/03\/UtielFallasCrida2-1024x568.jpeg 1024w, https:\/\/www.tucomarca.com\/wordpress\/segunda\/wp-content\/uploads\/2026\/03\/UtielFallasCrida2-300x166.jpeg 300w, https:\/\/www.tucomarca.com\/wordpress\/segunda\/wp-content\/uploads\/2026\/03\/UtielFallasCrida2-768x426.jpeg 768w, https:\/\/www.tucomarca.com\/wordpress\/segunda\/wp-content\/uploads\/2026\/03\/UtielFallasCrida2-1536x852.jpeg 1536w, https:\/\/www.tucomarca.com\/wordpress\/segunda\/wp-content\/uploads\/2026\/03\/UtielFallasCrida2.jpeg 1787w\" sizes=\"auto, (max-width: 1024px) 100vw, 1024px\" \/><\/figure>\n","protected":false},"excerpt":{"rendered":"<div class=\"mh-excerpt\">El pasado s\u00e1bado, 28 de febrero, se celebr\u00f3 la tradicional Crida y la Gala Fallera con la entrega de recompensas, distinciones e insignias de Junta Local y Junta Central Fallera. Previamente, se inauguraba la exposici\u00f3n <a class=\"mh-excerpt-more\" href=\"https:\/\/www.tucomarca.com\/wordpress\/segunda\/utiel-despide-el-mes-de-febrero-y-da-la-bienvenida-a-las-fallas-con-la-crida\/\" title=\"Utiel despide el mes de febrero y da la bienvenida a las Fallas con \u00a0la crida\">[+] <\/a><\/div>\n","protected":false},"author":1,"featured_media":294474,"comment_status":"closed","ping_status":"open","sticky":false,"template":"","format":"image","meta":{"footnotes":""},"categories":[8,72,5,7,383,27,3,29],"tags":[733,80,10387,10389],"class_list":{"0":"post-294470","1":"post","2":"type-post","3":"status-publish","4":"format-image","5":"has-post-thumbnail","7":"category-la-comarca","8":"category-sin-categorizar","9":"category-la-semana-en-imagenes","10":"category-ocio-y-cultura","11":"category-pueblos-en-fiestas","12":"category-requena-utiel","13":"category-seccion","14":"category-utiel","15":"tag-crida","16":"tag-fallas","17":"tag-requena-utiel","18":"tag-utiel","19":"post_format-post-format-image"},"_links":{"self":[{"href":"https:\/\/www.tucomarca.com\/wordpress\/segunda\/wp-json\/wp\/v2\/posts\/294470","targetHints":{"allow":["GET"]}}],"collection":[{"href":"https:\/\/www.tucomarca.com\/wordpress\/segunda\/wp-json\/wp\/v2\/posts"}],"about":[{"href":"https:\/\/www.tucomarca.com\/wordpress\/segunda\/wp-json\/wp\/v2\/types\/post"}],"author":[{"embeddable":true,"href":"https:\/\/www.tucomarca.com\/wordpress\/segunda\/wp-json\/wp\/v2\/users\/1"}],"replies":[{"embeddable":true,"href":"https:\/\/www.tucomarca.com\/wordpress\/segunda\/wp-json\/wp\/v2\/comments?post=294470"}],"version-history":[{"count":0,"href":"https:\/\/www.tucomarca.com\/wordpress\/segunda\/wp-json\/wp\/v2\/posts\/294470\/revisions"}],"wp:featuredmedia":[{"embeddable":true,"href":"https:\/\/www.tucomarca.com\/wordpress\/segunda\/wp-json\/wp\/v2\/media\/294474"}],"wp:attachment":[{"href":"https:\/\/www.tucomarca.com\/wordpress\/segunda\/wp-json\/wp\/v2\/media?parent=294470"}],"wp:term":[{"taxonomy":"category","embeddable":true,"href":"https:\/\/www.tucomarca.com\/wordpress\/segunda\/wp-json\/wp\/v2\/categories?post=294470"},{"taxonomy":"post_tag","embeddable":true,"href":"https:\/\/www.tucomarca.com\/wordpress\/segunda\/wp-json\/wp\/v2\/tags?post=294470"}],"curies":[{"name":"wp","href":"https:\/\/api.w.org\/{rel}","templated":true}]}}