{"id":294544,"date":"2026-03-03T09:15:00","date_gmt":"2026-03-03T08:15:00","guid":{"rendered":"https:\/\/www.tucomarca.com\/wordpress\/segunda\/?p=294544"},"modified":"2026-03-03T22:03:30","modified_gmt":"2026-03-03T21:03:30","slug":"el-hospital-de-manises-amplia-las-prestaciones-asistenciales-de-su-servicio-de-psiquiatria","status":"publish","type":"post","link":"https:\/\/www.tucomarca.com\/wordpress\/segunda\/el-hospital-de-manises-amplia-las-prestaciones-asistenciales-de-su-servicio-de-psiquiatria\/","title":{"rendered":"El Hospital de Manises ampl\u00eda las prestaciones asistenciales de su servicio de Psiquiatr\u00eda"},"content":{"rendered":"\n<h3 class=\"wp-block-heading\">Se enmarca con el Plan Estrat\u00e9gico 2025-2028 del Departamento de Salud de Manises, en l\u00ednea al Plan de Salud Mental y Adicciones de la Conselleria de Sanidad.<\/h3>\n\n\n\n<p>El Departamento de Salud de Manises ha ampliado las prestaciones asistenciales de su servicio de Psiquiatr\u00eda con la puesta en marcha del programa de atenci\u00f3n ambulatoria a los trastornos de conducta alimentaria y de una consulta de Chemsex.<\/p>\n\n\n\n<p>En concreto, el Hospital Universitario de Manises ha puesto en marcha un programa de atenci\u00f3n a los trastornos de conducta alimentaria como anorexia nerviosa, bulimia y otros trastornos de conductas alimentarias no especificados, as\u00ed como la obesidad m\u00f3rbida susceptible de tratamiento quir\u00fargico.<\/p>\n\n\n\n<p>Adem\u00e1s, la nueva consulta de Chemsex atiende de forma especializada la problem\u00e1tica cl\u00ednica asociada a las pr\u00e1cticas sobre el uso intencionado y continuado de sustancias estimulantes en contextos sexuales y promueve la reducci\u00f3n de da\u00f1os. Tambi\u00e9n ofrece a los pacientes atenci\u00f3n psicoterap\u00e9utica breve focalizada, entrevista motivacional y tratamiento psicofarmacol\u00f3gico cuando procede.<\/p>\n\n\n\n<p>Estas pr\u00e1cticas tienen un impacto relevante sobre la salud f\u00edsica y mental, en la esfera sexual y otras \u00e1reas sociales y laborales con un marcado car\u00e1cter adictivo, lo que requiere una atenci\u00f3n y abordaje cl\u00ednico especializado, coordinado y multidisciplinar.<\/p>\n\n\n\n<p>Para ello, el servicio de Psiquiatr\u00eda ha trabajado las se\u00f1ales de alarma y la sistem\u00e1tica de derivaci\u00f3n desde Atenci\u00f3n Primaria al \u00e1mbito hospitalario. As\u00ed, la nueva consulta se coordina con otros profesionales sanitarios como la Unidad de Conductas Adictivas (UCA), el Centro de Informaci\u00f3n y Prevenci\u00f3n del Sida (CIPS), la Unidad de Enfermedades Infecciosas, Atenci\u00f3n Primaria y entidades comunitarias.<\/p>\n\n\n\n<p><strong>Mejora en la continuidad asistencial<\/strong><\/p>\n\n\n\n<p>La jefa de servicio de Psiquiatr\u00eda, la doctora Mar\u00eda L\u00f3pez, afirma que estas consultas \u00abcontribuyen a mejorar la calidad y la continuidad asistencial\u00bb. Por su parte, la gerente del Departamento de Salud de Manises, la doctora Beatriz G\u00f3mez Garc\u00eda, subraya que estas actuaciones avanzan en el prop\u00f3sito del departamento de \u00abconseguir la mejor salud para nuestros pacientes\u00bb.<\/p>\n\n\n\n<p>La puesta en marcha de estas prestaciones se enmarca con el Plan Estrat\u00e9gico 2025-2028 del Departamento de Salud de Manises, dentro de la L\u00ednea Estrat\u00e9gica de Cultura de Salud y Continuidad en la Atenci\u00f3n; adem\u00e1s de ir en l\u00ednea al Plan de Salud Mental y Adicciones 2024-2027 de la Conselleria de Sanidad.<\/p>\n\n\n\n<p>El Hospital de Manises es parte del Departamento de Salud de Manises que da cobertura y asistencia sanitaria, tanto ambulatoria como domiciliaria a m\u00e1s de 216.000 personas de 14 localidades a trav\u00e9s del propio Hospital de Agudos de Manises, 9 centros de salud, 11 consultorios auxiliares, 2 centros de especialidades, 1 centro de salud integrado, el Hospital de Agudos de Manises y el Hospital de Cr\u00f3nicos de Mislata.<\/p>\n\n\n\n<p><\/p>\n","protected":false},"excerpt":{"rendered":"<div class=\"mh-excerpt\">Se enmarca con el Plan Estrat\u00e9gico 2025-2028 del Departamento de Salud de Manises, en l\u00ednea al Plan de Salud Mental y Adicciones de la Conselleria de Sanidad. El Departamento de Salud de Manises ha ampliado <a class=\"mh-excerpt-more\" href=\"https:\/\/www.tucomarca.com\/wordpress\/segunda\/el-hospital-de-manises-amplia-las-prestaciones-asistenciales-de-su-servicio-de-psiquiatria\/\" title=\"El Hospital de Manises ampl\u00eda las prestaciones asistenciales de su servicio de Psiquiatr\u00eda\">[+] <\/a><\/div>\n","protected":false},"author":12,"featured_media":294546,"comment_status":"closed","ping_status":"open","sticky":false,"template":"","format":"standard","meta":{"footnotes":""},"categories":[46,119,128,8,10,3],"tags":[10395,5952],"class_list":{"0":"post-294544","1":"post","2":"type-post","3":"status-publish","4":"format-standard","5":"has-post-thumbnail","7":"category-camp-de-turia","8":"category-sanidad-la-comarca","9":"category-infraestructuras","10":"category-la-comarca","11":"category-la-hoya","12":"category-seccion","13":"tag-camp-de-turia","14":"tag-la-hoya-de-bunol-chiva"},"_links":{"self":[{"href":"https:\/\/www.tucomarca.com\/wordpress\/segunda\/wp-json\/wp\/v2\/posts\/294544","targetHints":{"allow":["GET"]}}],"collection":[{"href":"https:\/\/www.tucomarca.com\/wordpress\/segunda\/wp-json\/wp\/v2\/posts"}],"about":[{"href":"https:\/\/www.tucomarca.com\/wordpress\/segunda\/wp-json\/wp\/v2\/types\/post"}],"author":[{"embeddable":true,"href":"https:\/\/www.tucomarca.com\/wordpress\/segunda\/wp-json\/wp\/v2\/users\/12"}],"replies":[{"embeddable":true,"href":"https:\/\/www.tucomarca.com\/wordpress\/segunda\/wp-json\/wp\/v2\/comments?post=294544"}],"version-history":[{"count":0,"href":"https:\/\/www.tucomarca.com\/wordpress\/segunda\/wp-json\/wp\/v2\/posts\/294544\/revisions"}],"wp:featuredmedia":[{"embeddable":true,"href":"https:\/\/www.tucomarca.com\/wordpress\/segunda\/wp-json\/wp\/v2\/media\/294546"}],"wp:attachment":[{"href":"https:\/\/www.tucomarca.com\/wordpress\/segunda\/wp-json\/wp\/v2\/media?parent=294544"}],"wp:term":[{"taxonomy":"category","embeddable":true,"href":"https:\/\/www.tucomarca.com\/wordpress\/segunda\/wp-json\/wp\/v2\/categories?post=294544"},{"taxonomy":"post_tag","embeddable":true,"href":"https:\/\/www.tucomarca.com\/wordpress\/segunda\/wp-json\/wp\/v2\/tags?post=294544"}],"curies":[{"name":"wp","href":"https:\/\/api.w.org\/{rel}","templated":true}]}}