{"id":294700,"date":"2026-03-04T10:00:00","date_gmt":"2026-03-04T09:00:00","guid":{"rendered":"https:\/\/www.tucomarca.com\/wordpress\/segunda\/?p=294700"},"modified":"2026-03-04T20:43:16","modified_gmt":"2026-03-04T19:43:16","slug":"cheste-presenta-los-recursos-municipales-de-salud-mental","status":"publish","type":"post","link":"https:\/\/www.tucomarca.com\/wordpress\/segunda\/cheste-presenta-los-recursos-municipales-de-salud-mental\/","title":{"rendered":"Cheste presenta los Recursos Municipales de Salud Mental"},"content":{"rendered":"\n<h3 class=\"wp-block-heading\">\u201cSalud mental en Cheste, tejiendo redes de bienestar\u201d.<\/h3>\n\n\n\n<h3 class=\"wp-block-heading\">Un grupo de 7 psic\u00f3logos sanitarios trabajan en diferentes programas de atenci\u00f3n individual, grupal y comunitaria, en estrecha conexi\u00f3n con el Centro de Salud de Cheste.<\/h3>\n\n\n\n<h3 class=\"wp-block-heading\">La exposici\u00f3n de servicios tuvo lugar en el marco de las I Jornadas Municipales de Prevenci\u00f3n y Promoci\u00f3n de la Salud Mental, celebradas el pasado fin de semana.<\/h3>\n\n\n\n<p>El Ayuntamiento de Cheste present\u00f3 el pasado 28 de febrero, en el marco de las I Jornadas Municipales de Prevenci\u00f3n y Promoci\u00f3n de la Salud Mental, los diferentes recursos en materia de salud mental que la ciudadan\u00eda tiene a su disposici\u00f3n.&nbsp;<\/p>\n\n\n\n<p>La concejala de Sanidad y teniente de alcalde, <strong>M\u00aa \u00c1ngeles Llorente<\/strong>, record\u00f3 durante la presentaci\u00f3n que \u201c<em>somos uno de los pocos pueblos que cuenta con atenci\u00f3n psicol\u00f3gica continuada\u201d, y reiter\u00f3 el compromiso municipal de seguir impulsando la promoci\u00f3n de la salud mental y apoyando a los profesionales <\/em>del centro de salud. <em>Hemos pensado en esta mesa de recursos como un espacio especialmente significativo donde visibilizaremos el trabajo que ya se realiza en nuestro municipio y reforzaremos la coordinaci\u00f3n entre profesionales, servicios y ciudadan\u00eda.<\/em><\/p>\n\n\n\n<p>El <strong>coordinador del Centro de Salud, Esteban Rosero<\/strong>, explic\u00f3 los servicios que la sanidad p\u00fablica ofrece en este \u00e1mbito, como la <strong>Unidad de Salud Mental Infantil y de la Adolescencia (USMIA)<\/strong>, con sede en Aldaia; la <strong>Unidad de Salud Mental<\/strong> de Bu\u00f1ol; la <strong>Unidad de Conductas Adictivas<\/strong> y la psic\u00f3loga de la <strong>Unidad de Salud Sexual y Reproductiva<\/strong>, ambas en Manises; as\u00ed como la <strong>Unidad de Trastornos de la Conducta Alimentaria<\/strong>, situada en Mislata. Adem\u00e1s, se\u00f1al\u00f3 que existe un servicio de <strong>urgencias psiqui\u00e1tricas<\/strong> en el Hospital La Fe \u2014y pr\u00f3ximamente en Manises\u2014. Esteban tambi\u00e9n advirti\u00f3 de los retos actuales de la sanidad p\u00fablica, como las listas de espera y la falta de personal especializado en psicolog\u00eda cl\u00ednica.<\/p>\n\n\n\n<p>Por su parte, <strong>Joan de la Cruz<\/strong>, psic\u00f3logo municipal, present\u00f3 el <strong>Servicio de Atenci\u00f3n Psicol\u00f3gica Municipal (SAPM)<\/strong>,. \u201cEl SAPM es una apuesta por el bienestar emocional y la salud mental\u201d, destac\u00f3 Joan, quien explic\u00f3 que la creaci\u00f3n de este servicio responde a la creciente demanda de atenci\u00f3n psicol\u00f3gica que no alcanza a cubrir el Sistema Nacional de Salud y que voluntariamente abordan los Ayuntamientos <em>\u201cEn Cheste estamos demostrando que s\u00ed se pueden desarrollar estos servicios con calidad y eficacia desde instancias municipales, siempre que haya voluntad pol\u00edtica\u201d<\/em><\/p>\n\n\n\n<p>El SAPM, a\u00f1adi\u00f3, <em>ofrece un espacio en el que las personas pueden expresar su malestar, comprender su origen y reforzar sus recursos psicol\u00f3gicos personales, fomentando adem\u00e1s la adquisici\u00f3n de nuevas herramientas para gestionar las emociones<\/em>. Las personas atendidas deben ser derivadas por sus m\u00e9dicos de cabecera.<\/p>\n\n\n\n<p><strong>Patricia<\/strong><strong> del Zotto , psic\u00f3loga municipal &nbsp; <\/strong>atiende a la poblaci\u00f3n adolescentey joven, derivada siempre por las orientadoras del IES Ricardo Mar\u00edn. \u201c<em>Contar con el SAPM dentro del instituto es una gran fortaleza, porque normaliza la atenci\u00f3n psicol\u00f3gica<\/em> y la <em>integra en la vida educativa, implicando a toda la comunidad<\/em>\u201d, afirm\u00f3 Patricia, quien explic\u00f3 los protocolos e instrumentos de trabajo aplicados en el centro.<\/p>\n\n\n\n<p>A continuaci\u00f3n, <strong>Lourdes Capilla <\/strong>present\u00f3 la <strong>Unidad Preventiva Comunitaria de Conductas Adictivas (UPCCA)<\/strong>, destacando que <em>\u201ces un servicio municipal p\u00fablico y gratuito que trabaja estrechamente con todos los centros educativos de la localidad<\/em>\u201d. Su labor se centra en la <strong>prevenci\u00f3n<\/strong>, la <strong>orientaci\u00f3<\/strong>n y la <strong>formaci\u00f3n<\/strong>, a trav\u00e9s de din\u00e1micas activas y participativas, <em>Desde los seis a\u00f1os que ense\u00f1an \u201chabilidades para la vida\u201d con el fin de evitar tanto las adicciones con sustancias como sin ellas.<\/em><\/p>\n\n\n\n<p>Por su parte, <strong>Francisco Galera<\/strong> inici\u00f3 su intervenci\u00f3n con un breve ejercicio de relajaci\u00f3n colectiva y explic\u00f3 los talleres que imparte en el Centro de Salud, dirigidos a personas con ansiedad y depresi\u00f3n, tanto adultas como adolescentes. En ellos se trabajan t\u00e9cnicas conductuales, habilidades sociales, resoluci\u00f3n de problemas y valores personales. <em>\u201cCheste es pionero en su preocupaci\u00f3n por la salud mental\u201d, subray\u00f3 Galera, quien record\u00f3 que la colaboraci\u00f3n con el Ayuntamiento, iniciada en 2022, ha permitido una notable reducci\u00f3n de los casos tras la realizaci\u00f3n de estos talleres<\/em>.<\/p>\n\n\n\n<p><strong>Amparo Mart\u00ednez Tar\u00edn y \u00c1ngeles Chull\u00eda son las responsables del Programa de Envejecimiento Activo<\/strong>, el m\u00e1s veterano de la poblaci\u00f3n y el que mayor n\u00famero de personas atiende. Este programa esencial promueve la autonom\u00eda de las personas mayores y previene la soledad no deseada. \u201c<em>Espa\u00f1a es el segundo pa\u00eds m\u00e1s envejecido del mundo, despu\u00e9s de Jap\u00f3n\u201d, apuntaron, subrayando la importancia de combinar la estimulaci\u00f3n cognitiva con la actividad f\u00edsica para mantener cuerpo y mente en equilibrio<\/em>.<\/p>\n\n\n\n<p>Finalmente, <strong>\u00c1ngeles Vicente<\/strong>, en representaci\u00f3n de los <strong>Servicios Sociales Municipales<\/strong>, expuso el trabajo que se desarrolla desde el <strong>Servicio de Atenci\u00f3n Primaria B\u00e1sica<\/strong>, formado por un equipo multidisciplinar de trabajadores sociales, educadores, asesores jur\u00eddicos y psic\u00f3logos. \u201c<em>Nuestro objetivo es favorecer el bienestar f\u00edsico, psicol\u00f3gico y social, promoviendo la prevenci\u00f3n, la inclusi\u00f3n y la dignidad de las personas<\/em>\u201d, explic\u00f3. <em>Los \u00e1mbitos de actuaci\u00f3n abarcan la dependencia y el envejecimiento, la vulnerabilidad familiar e infantil, las situaciones cr\u00edticas, la precariedad econ\u00f3mica y la falta de redes de apoyo.<\/em><\/p>\n\n\n\n<figure class=\"wp-block-gallery has-nested-images columns-default is-cropped wp-block-gallery-1 is-layout-flex wp-block-gallery-is-layout-flex\">\n<figure class=\"wp-block-image size-large\"><img loading=\"lazy\" decoding=\"async\" width=\"1024\" height=\"691\" data-id=\"294706\" src=\"https:\/\/www.tucomarca.com\/wordpress\/segunda\/wp-content\/uploads\/2026\/03\/ChesteSaludMental03-1024x691.jpg\" alt=\"\" class=\"wp-image-294706\" srcset=\"https:\/\/www.tucomarca.com\/wordpress\/segunda\/wp-content\/uploads\/2026\/03\/ChesteSaludMental03-1024x691.jpg 1024w, https:\/\/www.tucomarca.com\/wordpress\/segunda\/wp-content\/uploads\/2026\/03\/ChesteSaludMental03-300x202.jpg 300w, https:\/\/www.tucomarca.com\/wordpress\/segunda\/wp-content\/uploads\/2026\/03\/ChesteSaludMental03-768x518.jpg 768w, https:\/\/www.tucomarca.com\/wordpress\/segunda\/wp-content\/uploads\/2026\/03\/ChesteSaludMental03.jpg 1181w\" sizes=\"auto, (max-width: 1024px) 100vw, 1024px\" \/><\/figure>\n\n\n\n<figure class=\"wp-block-image size-large\"><img loading=\"lazy\" decoding=\"async\" width=\"1024\" height=\"691\" data-id=\"294704\" src=\"https:\/\/www.tucomarca.com\/wordpress\/segunda\/wp-content\/uploads\/2026\/03\/ChesteSaludMental02-1024x691.jpg\" alt=\"\" class=\"wp-image-294704\" srcset=\"https:\/\/www.tucomarca.com\/wordpress\/segunda\/wp-content\/uploads\/2026\/03\/ChesteSaludMental02-1024x691.jpg 1024w, https:\/\/www.tucomarca.com\/wordpress\/segunda\/wp-content\/uploads\/2026\/03\/ChesteSaludMental02-300x202.jpg 300w, https:\/\/www.tucomarca.com\/wordpress\/segunda\/wp-content\/uploads\/2026\/03\/ChesteSaludMental02-768x518.jpg 768w, https:\/\/www.tucomarca.com\/wordpress\/segunda\/wp-content\/uploads\/2026\/03\/ChesteSaludMental02.jpg 1181w\" sizes=\"auto, (max-width: 1024px) 100vw, 1024px\" \/><\/figure>\n<\/figure>\n\n\n\n<p>En la clausura de las jornadas<strong>, M\u00aa \u00c1ngeles Llorente<\/strong> agradeci\u00f3 la implicaci\u00f3n del Centro de Salud de Cheste, del personal sanitario y de su coordinador, Esteban Rosero, claves en los procesos de derivaci\u00f3n; as\u00ed como al Equipo de Orientaci\u00f3n del IES Ricardo Mar\u00edn, encabezado por Pilar, y a su direcci\u00f3n, por acoger este proyecto.<\/p>\n\n\n\n<p>Asimismo, quiero reconocer y agradecer el trabajo de los profesionales municipales que, desde el SAPM, Programa de Envejecimiento Activo, la UPCCA y Servicios Sociales, realizan atenci\u00f3n individual y grupal. \u201c<em>Y, sobre todo, much\u00edsimas gracias a todas las personas que hoy est\u00e1is aqu\u00ed, porque vuestra presencia demuestra que Cheste quiere avanzar unido hacia un mayor bienestar colectivo<\/em>\u201d, concluy\u00f3 Llorente.<\/p>\n","protected":false},"excerpt":{"rendered":"<div class=\"mh-excerpt\">\u201cSalud mental en Cheste, tejiendo redes de bienestar\u201d. Un grupo de 7 psic\u00f3logos sanitarios trabajan en diferentes programas de atenci\u00f3n individual, grupal y comunitaria, en estrecha conexi\u00f3n con el Centro de Salud de Cheste. La <a class=\"mh-excerpt-more\" href=\"https:\/\/www.tucomarca.com\/wordpress\/segunda\/cheste-presenta-los-recursos-municipales-de-salud-mental\/\" title=\"Cheste presenta los Recursos Municipales de Salud Mental\">[+] <\/a><\/div>\n","protected":false},"author":12,"featured_media":294702,"comment_status":"closed","ping_status":"open","sticky":false,"template":"","format":"gallery","meta":{"footnotes":""},"categories":[119,17,8,10,142,3],"tags":[339,5952,1750],"class_list":{"0":"post-294700","1":"post","2":"type-post","3":"status-publish","4":"format-gallery","5":"has-post-thumbnail","7":"category-sanidad-la-comarca","8":"category-cheste","9":"category-la-comarca","10":"category-la-hoya","11":"category-politica-la-comarca","12":"category-seccion","13":"tag-cheste-2","14":"tag-la-hoya-de-bunol-chiva","15":"tag-salud-mental","16":"post_format-post-format-gallery"},"_links":{"self":[{"href":"https:\/\/www.tucomarca.com\/wordpress\/segunda\/wp-json\/wp\/v2\/posts\/294700","targetHints":{"allow":["GET"]}}],"collection":[{"href":"https:\/\/www.tucomarca.com\/wordpress\/segunda\/wp-json\/wp\/v2\/posts"}],"about":[{"href":"https:\/\/www.tucomarca.com\/wordpress\/segunda\/wp-json\/wp\/v2\/types\/post"}],"author":[{"embeddable":true,"href":"https:\/\/www.tucomarca.com\/wordpress\/segunda\/wp-json\/wp\/v2\/users\/12"}],"replies":[{"embeddable":true,"href":"https:\/\/www.tucomarca.com\/wordpress\/segunda\/wp-json\/wp\/v2\/comments?post=294700"}],"version-history":[{"count":0,"href":"https:\/\/www.tucomarca.com\/wordpress\/segunda\/wp-json\/wp\/v2\/posts\/294700\/revisions"}],"wp:featuredmedia":[{"embeddable":true,"href":"https:\/\/www.tucomarca.com\/wordpress\/segunda\/wp-json\/wp\/v2\/media\/294702"}],"wp:attachment":[{"href":"https:\/\/www.tucomarca.com\/wordpress\/segunda\/wp-json\/wp\/v2\/media?parent=294700"}],"wp:term":[{"taxonomy":"category","embeddable":true,"href":"https:\/\/www.tucomarca.com\/wordpress\/segunda\/wp-json\/wp\/v2\/categories?post=294700"},{"taxonomy":"post_tag","embeddable":true,"href":"https:\/\/www.tucomarca.com\/wordpress\/segunda\/wp-json\/wp\/v2\/tags?post=294700"}],"curies":[{"name":"wp","href":"https:\/\/api.w.org\/{rel}","templated":true}]}}