{"id":294837,"date":"2026-03-05T09:05:00","date_gmt":"2026-03-05T08:05:00","guid":{"rendered":"https:\/\/www.tucomarca.com\/wordpress\/segunda\/?p=294837"},"modified":"2026-03-05T23:26:51","modified_gmt":"2026-03-05T22:26:51","slug":"godelleta-vive-sus-dias-grandes-de-fallas","status":"publish","type":"post","link":"https:\/\/www.tucomarca.com\/wordpress\/segunda\/godelleta-vive-sus-dias-grandes-de-fallas\/","title":{"rendered":"Godelleta vive sus d\u00edas grandes de Fallas"},"content":{"rendered":"\n<p>La localidad de Godelleta celebrar\u00e1 su <strong>Semana Fallera<\/strong> del <strong>4 al 8 de marzo<\/strong> con una programaci\u00f3n que combinar\u00e1 tradici\u00f3n, m\u00fasica, pirotecnia y actos religiosos en honor a San Jos\u00e9. Durante cinco d\u00edas, vecinos y visitantes podr\u00e1n disfrutar de actividades para todos los p\u00fablicos dentro del programa <strong>\u201cGodelleta vive las Fallas\u201d<\/strong>.<\/p>\n\n\n<div class=\"wp-block-image\">\n<figure class=\"alignleft size-large is-resized\"><img loading=\"lazy\" decoding=\"async\" width=\"819\" height=\"1024\" src=\"https:\/\/www.tucomarca.com\/wordpress\/segunda\/wp-content\/uploads\/2026\/03\/FallaGodelleta-819x1024.jpg\" alt=\"\" class=\"wp-image-294840\" style=\"width:414px;height:auto\" srcset=\"https:\/\/www.tucomarca.com\/wordpress\/segunda\/wp-content\/uploads\/2026\/03\/FallaGodelleta-819x1024.jpg 819w, https:\/\/www.tucomarca.com\/wordpress\/segunda\/wp-content\/uploads\/2026\/03\/FallaGodelleta-240x300.jpg 240w, https:\/\/www.tucomarca.com\/wordpress\/segunda\/wp-content\/uploads\/2026\/03\/FallaGodelleta-768x960.jpg 768w, https:\/\/www.tucomarca.com\/wordpress\/segunda\/wp-content\/uploads\/2026\/03\/FallaGodelleta.jpg 1080w\" sizes=\"auto, (max-width: 819px) 100vw, 819px\" \/><\/figure>\n<\/div>\n\n\n<p>Los actos comenzar\u00e1n el <strong>4 de marzo<\/strong> con uno de los momentos m\u00e1s esperados de la fiesta: la <strong>plant\u00e0 de los monumentos falleros<\/strong>, prevista a las 18:00 horas. La jornada continuar\u00e1 por la noche, a las 23:00 horas, con un <strong>espect\u00e1culo de magia<\/strong> que dar\u00e1 inicio a las celebraciones nocturnas.<\/p>\n\n\n\n<p>El <strong>5 de marzo<\/strong> la programaci\u00f3n estar\u00e1 centrada en el ambiente festivo con una <strong>noche de playbacks y remember<\/strong> a partir de las 23:00 horas, una propuesta pensada para animar la participaci\u00f3n del p\u00fablico.<\/p>\n\n\n\n<p>El <strong>6 de marzo<\/strong> arrancar\u00e1 con una <strong>globot\u00e0<\/strong> a las 14:00 horas y, por la tarde, tendr\u00e1 lugar la <strong>concentraci\u00f3n para el pasacalle por la poblaci\u00f3n<\/strong> a las 18:00 horas. La fiesta continuar\u00e1 de madrugada con la actuaci\u00f3n de la <strong>Orquesta Scream<\/strong>, de Montecarlo Representaciones, junto a actividades para los m\u00e1s peque\u00f1os en el parque infantil.<\/p>\n\n\n\n<p>Uno de los actos m\u00e1s emotivos llegar\u00e1 el <strong>7 de marzo<\/strong>, cuando a las 19:00 horas se celebrar\u00e1 la <strong>ofrenda floral a la Mare de D\u00e9u dels Desamparats<\/strong>, patrona de Valencia. La jornada finalizar\u00e1 a medianoche con el <strong>espect\u00e1culo musical de la Orquesta M\u00f3naco<\/strong>, acompa\u00f1ado nuevamente de parque infantil.<\/p>\n\n\n\n<p>Las fiestas concluir\u00e1n el <strong>8 de marzo<\/strong> con una <strong>misa solemne en honor a San Jos\u00e9<\/strong> a las 12:00 horas, seguida de un pasacalle. A las 14:00 horas tendr\u00e1 lugar una <strong>gran masclet\u00e0<\/strong> disparada por Pirotecnia Reyes Mart\u00ed, uno de los momentos m\u00e1s esperados por los aficionados a la p\u00f3lvora. Finalmente, a las 21:30 horas se celebrar\u00e1 la <strong>crem\u00e0 de los monumentos falleros<\/strong>, poniendo el broche final a la Semana Fallera.<\/p>\n\n\n\n<p>Con esta programaci\u00f3n, Godelleta volver\u00e1 a sumarse a la tradici\u00f3n fallera valenciana con varios d\u00edas de convivencia, m\u00fasica y cultura popular, en los que la fiesta y la participaci\u00f3n vecinal ser\u00e1n las grandes protagonistas.<\/p>\n","protected":false},"excerpt":{"rendered":"<div class=\"mh-excerpt\">La localidad de Godelleta celebrar\u00e1 su Semana Fallera del 4 al 8 de marzo con una programaci\u00f3n que combinar\u00e1 tradici\u00f3n, m\u00fasica, pirotecnia y actos religiosos en honor a San Jos\u00e9. Durante cinco d\u00edas, vecinos y <a class=\"mh-excerpt-more\" href=\"https:\/\/www.tucomarca.com\/wordpress\/segunda\/godelleta-vive-sus-dias-grandes-de-fallas\/\" title=\"Godelleta vive sus d\u00edas grandes de Fallas\">[+] <\/a><\/div>\n","protected":false},"author":12,"featured_media":294842,"comment_status":"closed","ping_status":"open","sticky":false,"template":"","format":"standard","meta":{"footnotes":""},"categories":[4,18,8,10,7,3],"tags":[23198,10383,5952],"class_list":{"0":"post-294837","1":"post","2":"type-post","3":"status-publish","4":"format-standard","5":"has-post-thumbnail","7":"category-agenda","8":"category-bunol","9":"category-la-comarca","10":"category-la-hoya","11":"category-ocio-y-cultura","12":"category-seccion","13":"tag-fallas-2026","14":"tag-godelleta","15":"tag-la-hoya-de-bunol-chiva"},"_links":{"self":[{"href":"https:\/\/www.tucomarca.com\/wordpress\/segunda\/wp-json\/wp\/v2\/posts\/294837","targetHints":{"allow":["GET"]}}],"collection":[{"href":"https:\/\/www.tucomarca.com\/wordpress\/segunda\/wp-json\/wp\/v2\/posts"}],"about":[{"href":"https:\/\/www.tucomarca.com\/wordpress\/segunda\/wp-json\/wp\/v2\/types\/post"}],"author":[{"embeddable":true,"href":"https:\/\/www.tucomarca.com\/wordpress\/segunda\/wp-json\/wp\/v2\/users\/12"}],"replies":[{"embeddable":true,"href":"https:\/\/www.tucomarca.com\/wordpress\/segunda\/wp-json\/wp\/v2\/comments?post=294837"}],"version-history":[{"count":0,"href":"https:\/\/www.tucomarca.com\/wordpress\/segunda\/wp-json\/wp\/v2\/posts\/294837\/revisions"}],"wp:featuredmedia":[{"embeddable":true,"href":"https:\/\/www.tucomarca.com\/wordpress\/segunda\/wp-json\/wp\/v2\/media\/294842"}],"wp:attachment":[{"href":"https:\/\/www.tucomarca.com\/wordpress\/segunda\/wp-json\/wp\/v2\/media?parent=294837"}],"wp:term":[{"taxonomy":"category","embeddable":true,"href":"https:\/\/www.tucomarca.com\/wordpress\/segunda\/wp-json\/wp\/v2\/categories?post=294837"},{"taxonomy":"post_tag","embeddable":true,"href":"https:\/\/www.tucomarca.com\/wordpress\/segunda\/wp-json\/wp\/v2\/tags?post=294837"}],"curies":[{"name":"wp","href":"https:\/\/api.w.org\/{rel}","templated":true}]}}