{"id":294898,"date":"2026-03-05T09:10:00","date_gmt":"2026-03-05T08:10:00","guid":{"rendered":"https:\/\/www.tucomarca.com\/wordpress\/segunda\/?p=294898"},"modified":"2026-03-05T23:25:31","modified_gmt":"2026-03-05T22:25:31","slug":"siete-aguas-celebra-este-fin-de-semana-el-dia-internacional-de-la-mujer-con-musica-y-reivindicacion","status":"publish","type":"post","link":"https:\/\/www.tucomarca.com\/wordpress\/segunda\/siete-aguas-celebra-este-fin-de-semana-el-dia-internacional-de-la-mujer-con-musica-y-reivindicacion\/","title":{"rendered":"Siete Aguas celebra este fin de semana el D\u00eda Internacional de la Mujer con m\u00fasica y reivindicaci\u00f3n"},"content":{"rendered":"\n<p>El municipio de Siete Aguas conmemorar\u00e1 este fin de semana el D\u00eda Internacional de la Mujer con una programaci\u00f3n que combina actividades culturales y actos de sensibilizaci\u00f3n para reivindicar la igualdad y visibilizar el papel de las mujeres en la sociedad.<\/p>\n\n\n\n<p>Las actividades comenzar\u00e1n el <strong>s\u00e1bado 7 de marzo<\/strong>, a partir de las <strong>17,30 horas<\/strong>, con la actuaci\u00f3n musical del <strong>D\u00fao \u00c9lite<\/strong>, que tendr\u00e1 lugar en el gimnasio del CEIP Vicente Aleixandre. La propuesta pretende ofrecer un espacio de convivencia y entretenimiento para los vecinos y vecinas del municipio dentro de la programaci\u00f3n conmemorativa.<\/p>\n\n\n\n<p>Los actos continuar\u00e1n el <strong>domingo 8 de marzo<\/strong>, jornada en la que se celebra internacionalmente esta fecha, con la <strong>lectura del manifiesto feminista<\/strong>. El acto tendr\u00e1 lugar a las <strong>12,00 horas<\/strong> en la puerta de la <strong>Biblioteca Municipal<\/strong>, donde se dar\u00e1 voz a la reivindicaci\u00f3n por la igualdad de derechos y oportunidades entre mujeres y hombres.<\/p>\n\n\n\n<p>Con esta programaci\u00f3n, Siete Aguas se suma a las iniciativas que, con motivo del 8M, se desarrollan en numerosos municipios para fomentar la reflexi\u00f3n colectiva y seguir avanzando hacia una sociedad m\u00e1s igualitaria.<\/p>\n","protected":false},"excerpt":{"rendered":"<div class=\"mh-excerpt\">El municipio de Siete Aguas conmemorar\u00e1 este fin de semana el D\u00eda Internacional de la Mujer con una programaci\u00f3n que combina actividades culturales y actos de sensibilizaci\u00f3n para reivindicar la igualdad y visibilizar el papel <a class=\"mh-excerpt-more\" href=\"https:\/\/www.tucomarca.com\/wordpress\/segunda\/siete-aguas-celebra-este-fin-de-semana-el-dia-internacional-de-la-mujer-con-musica-y-reivindicacion\/\" title=\"Siete Aguas celebra este fin de semana el D\u00eda Internacional de la Mujer con m\u00fasica y reivindicaci\u00f3n\">[+] <\/a><\/div>\n","protected":false},"author":12,"featured_media":294900,"comment_status":"closed","ping_status":"open","sticky":false,"template":"","format":"standard","meta":{"footnotes":""},"categories":[4,8,10,7,3,12],"tags":[11507,5952,10381],"class_list":{"0":"post-294898","1":"post","2":"type-post","3":"status-publish","4":"format-standard","5":"has-post-thumbnail","7":"category-agenda","8":"category-la-comarca","9":"category-la-hoya","10":"category-ocio-y-cultura","11":"category-seccion","12":"category-siete-aguas","13":"tag-8m","14":"tag-la-hoya-de-bunol-chiva","15":"tag-siete-aguas"},"_links":{"self":[{"href":"https:\/\/www.tucomarca.com\/wordpress\/segunda\/wp-json\/wp\/v2\/posts\/294898","targetHints":{"allow":["GET"]}}],"collection":[{"href":"https:\/\/www.tucomarca.com\/wordpress\/segunda\/wp-json\/wp\/v2\/posts"}],"about":[{"href":"https:\/\/www.tucomarca.com\/wordpress\/segunda\/wp-json\/wp\/v2\/types\/post"}],"author":[{"embeddable":true,"href":"https:\/\/www.tucomarca.com\/wordpress\/segunda\/wp-json\/wp\/v2\/users\/12"}],"replies":[{"embeddable":true,"href":"https:\/\/www.tucomarca.com\/wordpress\/segunda\/wp-json\/wp\/v2\/comments?post=294898"}],"version-history":[{"count":0,"href":"https:\/\/www.tucomarca.com\/wordpress\/segunda\/wp-json\/wp\/v2\/posts\/294898\/revisions"}],"wp:featuredmedia":[{"embeddable":true,"href":"https:\/\/www.tucomarca.com\/wordpress\/segunda\/wp-json\/wp\/v2\/media\/294900"}],"wp:attachment":[{"href":"https:\/\/www.tucomarca.com\/wordpress\/segunda\/wp-json\/wp\/v2\/media?parent=294898"}],"wp:term":[{"taxonomy":"category","embeddable":true,"href":"https:\/\/www.tucomarca.com\/wordpress\/segunda\/wp-json\/wp\/v2\/categories?post=294898"},{"taxonomy":"post_tag","embeddable":true,"href":"https:\/\/www.tucomarca.com\/wordpress\/segunda\/wp-json\/wp\/v2\/tags?post=294898"}],"curies":[{"name":"wp","href":"https:\/\/api.w.org\/{rel}","templated":true}]}}