{"id":294925,"date":"2026-03-06T11:00:00","date_gmt":"2026-03-06T10:00:00","guid":{"rendered":"https:\/\/www.tucomarca.com\/wordpress\/segunda\/?p=294925"},"modified":"2026-03-06T19:05:02","modified_gmt":"2026-03-06T18:05:02","slug":"els-barris-de-turis-exalta-a-paula-zamora-y-mateo-blasco-como-representantes-infantiles","status":"publish","type":"post","link":"https:\/\/www.tucomarca.com\/wordpress\/segunda\/els-barris-de-turis-exalta-a-paula-zamora-y-mateo-blasco-como-representantes-infantiles\/","title":{"rendered":"Els Barris de Tur\u00eds exalta a Paula Zamora y Mateo Blasco como representantes infantiles"},"content":{"rendered":"\n<h3 class=\"wp-block-heading\">La comisi\u00f3n celebra un emotivo acto que inicia la cuenta atr\u00e1s para las Fallas de 2026.<\/h3>\n\n\n\n<p>La Falla Els Barris de Tur\u00eds se visti\u00f3 de gala el <strong>21 de febrero<\/strong> para celebrar la exaltaci\u00f3n de <strong>Paula Zamora Iranzo<\/strong> y <strong>Mateo Blasco Torres<\/strong> como <strong>Fallera Mayor Infantil<\/strong> y <strong>Presidente Infantil de 2026<\/strong>. El <strong>Teatro Ideal<\/strong> de la localidad acogi\u00f3 un emocionante acto en el que <strong>Sonia Hern\u00e1ndez<\/strong> y <strong>Pepe Hern\u00e1ndez de Alba<\/strong>, m\u00e1ximos representantes de 2025, se despidieron de sus cargos agradecidos por haber podido cumplir un sue\u00f1o.<\/p>\n\n\n\n<p>En una grabaci\u00f3n que sirvi\u00f3 para darle paso al escenario, donde recibi\u00f3 la banda que acredita su cargo, los hermanos de Paula, <strong>Nicol\u00e1s<\/strong> y <strong>Joan<\/strong>, le desearon mucha felicidad en su reinado y se comprometieron a acompa\u00f1arla a todas partes. Su amiga <strong>Dembet<\/strong>, a miles de kil\u00f3metros de distancia, tambi\u00e9n le record\u00f3 que lleva \u201cel sentimiento fallero en la sangre\u201d y que est\u00e1 \u201csiguiendo los pasos de su familia\u201d.<\/p>\n\n\n\n<p>\u201cEres la cuarta generaci\u00f3n\u201d que forma parte de <strong>Els Barris<\/strong>, apunt\u00f3 su t\u00eda <strong>Laura<\/strong>, mantenedora del acto, quien tambi\u00e9n mencion\u00f3 las ra\u00edces \u201cbarrieras\u201d de Mateo. \u201cTe he visto desfilar como si lo hubieras hecho toda la vida, con delicadeza y seguridad. Con esa carita de ni\u00f1a bien alta y orgullosa de lo que representas\u201d, expres\u00f3 con orgullo sobre su sobrina.<\/p>\n\n\n\n<p>Al finalizar el acto protocolario, conducido por <strong>Andrea Sala<\/strong> y <strong>Sergi Serrano<\/strong>, el grupo de <em>playback<\/em> de la comisi\u00f3n cerr\u00f3 la tarde con un espect\u00e1culo musical infantil que cautiv\u00f3 a todos los p\u00fablicos.<\/p>\n","protected":false},"excerpt":{"rendered":"<div class=\"mh-excerpt\">La comisi\u00f3n celebra un emotivo acto que inicia la cuenta atr\u00e1s para las Fallas de 2026. La Falla Els Barris de Tur\u00eds se visti\u00f3 de gala el 21 de febrero para celebrar la exaltaci\u00f3n de <a class=\"mh-excerpt-more\" href=\"https:\/\/www.tucomarca.com\/wordpress\/segunda\/els-barris-de-turis-exalta-a-paula-zamora-y-mateo-blasco-como-representantes-infantiles\/\" title=\"Els Barris de Tur\u00eds exalta a Paula Zamora y Mateo Blasco como representantes infantiles\">[+] <\/a><\/div>\n","protected":false},"author":12,"featured_media":294935,"comment_status":"closed","ping_status":"open","sticky":false,"template":"","format":"standard","meta":{"footnotes":""},"categories":[8,42,5,7,383,3,43],"tags":[3027,11564,1407,10394],"class_list":{"0":"post-294925","1":"post","2":"type-post","3":"status-publish","4":"format-standard","5":"has-post-thumbnail","7":"category-la-comarca","8":"category-la-ribera","9":"category-la-semana-en-imagenes","10":"category-ocio-y-cultura","11":"category-pueblos-en-fiestas","12":"category-seccion","13":"category-turis","14":"tag-falla-els-barris","15":"tag-fallas-turis","16":"tag-ribera-alta","17":"tag-turis"},"_links":{"self":[{"href":"https:\/\/www.tucomarca.com\/wordpress\/segunda\/wp-json\/wp\/v2\/posts\/294925","targetHints":{"allow":["GET"]}}],"collection":[{"href":"https:\/\/www.tucomarca.com\/wordpress\/segunda\/wp-json\/wp\/v2\/posts"}],"about":[{"href":"https:\/\/www.tucomarca.com\/wordpress\/segunda\/wp-json\/wp\/v2\/types\/post"}],"author":[{"embeddable":true,"href":"https:\/\/www.tucomarca.com\/wordpress\/segunda\/wp-json\/wp\/v2\/users\/12"}],"replies":[{"embeddable":true,"href":"https:\/\/www.tucomarca.com\/wordpress\/segunda\/wp-json\/wp\/v2\/comments?post=294925"}],"version-history":[{"count":0,"href":"https:\/\/www.tucomarca.com\/wordpress\/segunda\/wp-json\/wp\/v2\/posts\/294925\/revisions"}],"wp:featuredmedia":[{"embeddable":true,"href":"https:\/\/www.tucomarca.com\/wordpress\/segunda\/wp-json\/wp\/v2\/media\/294935"}],"wp:attachment":[{"href":"https:\/\/www.tucomarca.com\/wordpress\/segunda\/wp-json\/wp\/v2\/media?parent=294925"}],"wp:term":[{"taxonomy":"category","embeddable":true,"href":"https:\/\/www.tucomarca.com\/wordpress\/segunda\/wp-json\/wp\/v2\/categories?post=294925"},{"taxonomy":"post_tag","embeddable":true,"href":"https:\/\/www.tucomarca.com\/wordpress\/segunda\/wp-json\/wp\/v2\/tags?post=294925"}],"curies":[{"name":"wp","href":"https:\/\/api.w.org\/{rel}","templated":true}]}}