{"id":294976,"date":"2026-03-06T14:00:00","date_gmt":"2026-03-06T13:00:00","guid":{"rendered":"https:\/\/www.tucomarca.com\/wordpress\/segunda\/?p=294976"},"modified":"2026-03-06T19:42:47","modified_gmt":"2026-03-06T18:42:47","slug":"el-secretario-autonomico-de-turismo-anuncia-un-plan-dotado-con-cerca-de-un-millon-de-euros-para-impulsar-la-oferta-turistica-en-municipios-en-riesgo-de-despoblacion","status":"publish","type":"post","link":"https:\/\/www.tucomarca.com\/wordpress\/segunda\/el-secretario-autonomico-de-turismo-anuncia-un-plan-dotado-con-cerca-de-un-millon-de-euros-para-impulsar-la-oferta-turistica-en-municipios-en-riesgo-de-despoblacion\/","title":{"rendered":"El secretario auton\u00f3mico de Turismo anuncia un plan dotado con cerca de un mill\u00f3n de euros para impulsar la oferta tur\u00edstica en municipios en riesgo de despoblaci\u00f3n"},"content":{"rendered":"\n<h3 class=\"wp-block-heading\">Jos\u00e9 Manuel Camarero inaugura el I Foro de Turismo Inteligente de Interior en Montanejos.<\/h3>\n\n\n\n<p>El secretario auton\u00f3mico de Turismo, Jos\u00e9 Manuel Camarero, ha anunciado un plan espec\u00edfico dotado con cerca de un mill\u00f3n de euros para impulsar la oferta tur\u00edstica en municipios en riesgo de despoblaci\u00f3n, adem\u00e1s de mantener ventajas en las ayudas para empresas tur\u00edsticas ubicadas en estas zonas.<\/p>\n\n\n\n<p>Camarero ha reafirmado la apuesta de la Generalitat por el turismo de interior y ha se\u00f1alado que \u201cla oferta genera demanda y la demanda genera oportunidades, empleo y vida en nuestros municipios\u201d.<\/p>\n\n\n\n<p>El secretario auton\u00f3mico de Turismo ha inaugurado este viernes en Montanejos el I Foro de Turismo Inteligente de Interior, donde ha destacado que el turismo inteligente es \u201cimprescindible para garantizar destinos sostenibles y con futuro\u201d. El encuentro re\u00fane a profesionales y responsables del sector para analizar los retos y oportunidades del turismo en zonas rurales.<\/p>\n\n\n\n<p>Durante su intervenci\u00f3n, Camarero ha se\u00f1alado que este foro abre \u201cun di\u00e1logo necesario para reflexionar, compartir experiencias y anticipar el futuro de un modelo tur\u00edstico que requiere innovaci\u00f3n, sostenibilidad y una visi\u00f3n estrat\u00e9gica a largo plazo\u201d.<\/p>\n\n\n\n<p>El secretario auton\u00f3mico ha puesto en valor el papel de Montanejos como ejemplo de desarrollo tur\u00edstico en el interior. En este sentido, ha recordado que el municipio cuenta con el reconocimiento de Municipio Tur\u00edstico de Excelencia, tiene el 82 % de su superficie protegida y dispone de una playa continental con Bandera Azul, adem\u00e1s de una oferta alojativa que contin\u00faa creciendo, lo que demuestra \u201cc\u00f3mo un destino peque\u00f1o puede generar actividad econ\u00f3mica y empleo a trav\u00e9s del turismo\u201d.<\/p>\n\n\n\n<p>Durante la jornada se presentan adem\u00e1s dos actuaciones del Plan de Sostenibilidad Tur\u00edstica en Destino de Montanejos, financiado con fondos europeos NextGenerationEU: la Ruta de la Biodiversidad \u201cLas Voces del Agua\u201d, vinculada a la naturaleza y la sostenibilidad, y la Smart Office tur\u00edstica, que permitir\u00e1 avanzar en la gesti\u00f3n inteligente del destino.<\/p>\n\n\n\n<p>Camarero ha destacado que Montanejos forma parte de la Red de Destinos Tur\u00edsticos Inteligentes y ha subrayado la importancia de herramientas como la &#8216;Smart Office&#8217; \u201cpara mejorar la planificaci\u00f3n, el an\u00e1lisis de datos y la toma de decisiones en la gesti\u00f3n tur\u00edstica\u201d.<\/p>\n\n\n\n<p>Tambi\u00e9n ha recordado que el turismo de interior afronta retos como la captaci\u00f3n de inversi\u00f3n, la incorporaci\u00f3n de tecnolog\u00eda o la dificultad para encontrar personal cualificado, adem\u00e1s de la necesidad de atraer visitantes, dinamizar la econom\u00eda local y retener poblaci\u00f3n sin renunciar a la preservaci\u00f3n del entorno, la identidad y el modo de vida de los municipios.<\/p>\n\n\n\n<p>En este contexto, ha se\u00f1alado la importancia de iniciativas como &#8216;TechYroom&#8217; 3.0, impulsado junto al Instituto Tecnol\u00f3gico Hotelero (ITH), con el que Turisme Comunitat Valenciana busca demostrar que la innovaci\u00f3n tecnol\u00f3gica tambi\u00e9n puede aplicarse en el turismo rural.<\/p>\n\n\n\n<p>En esta l\u00ednea, ha se\u00f1alado que \u201cmuy pronto contaremos con dos &#8216;showrooms&#8217; reales aqu\u00ed, en alojamientos de Montanejos y Ay\u00f3dar, en los que hemos aplicado soluciones innovadoras para demostrar su viabilidad e inspirar a nuevos emprendedores\u201d.<\/p>\n\n\n\n<p>Camarero tambi\u00e9n ha resaltado que el turismo de interior presenta importantes fortalezas, como su menor estacionalidad y el creciente inter\u00e9s de los visitantes por la naturaleza y las experiencias rurales. \u201cLos datos lo confirman: crece la visita a espacios naturales, a destinos rurales y a actividades como el senderismo. La demanda evoluciona y nosotros debemos evolucionar con ella\u201d, ha concluido.<\/p>\n","protected":false},"excerpt":{"rendered":"<div class=\"mh-excerpt\">Jos\u00e9 Manuel Camarero inaugura el I Foro de Turismo Inteligente de Interior en Montanejos. El secretario auton\u00f3mico de Turismo, Jos\u00e9 Manuel Camarero, ha anunciado un plan espec\u00edfico dotado con cerca de un mill\u00f3n de euros <a class=\"mh-excerpt-more\" href=\"https:\/\/www.tucomarca.com\/wordpress\/segunda\/el-secretario-autonomico-de-turismo-anuncia-un-plan-dotado-con-cerca-de-un-millon-de-euros-para-impulsar-la-oferta-turistica-en-municipios-en-riesgo-de-despoblacion\/\" title=\"El secretario auton\u00f3mico de Turismo anuncia un plan dotado con cerca de un mill\u00f3n de euros para impulsar la oferta tur\u00edstica en municipios en riesgo de despoblaci\u00f3n\">[+] <\/a><\/div>\n","protected":false},"author":1,"featured_media":294981,"comment_status":"closed","ping_status":"open","sticky":false,"template":"","format":"standard","meta":{"footnotes":""},"categories":[128,8,72,117,142,3,45],"tags":[6181,10716,2142],"class_list":{"0":"post-294976","1":"post","2":"type-post","3":"status-publish","4":"format-standard","5":"has-post-thumbnail","7":"category-infraestructuras","8":"category-la-comarca","9":"category-sin-categorizar","10":"category-medio-ambiente-la-comarca","11":"category-politica-la-comarca","12":"category-seccion","13":"category-ventana","14":"tag-despoblacion","15":"tag-generalitat-valenciana","16":"tag-la-comunitat"},"_links":{"self":[{"href":"https:\/\/www.tucomarca.com\/wordpress\/segunda\/wp-json\/wp\/v2\/posts\/294976","targetHints":{"allow":["GET"]}}],"collection":[{"href":"https:\/\/www.tucomarca.com\/wordpress\/segunda\/wp-json\/wp\/v2\/posts"}],"about":[{"href":"https:\/\/www.tucomarca.com\/wordpress\/segunda\/wp-json\/wp\/v2\/types\/post"}],"author":[{"embeddable":true,"href":"https:\/\/www.tucomarca.com\/wordpress\/segunda\/wp-json\/wp\/v2\/users\/1"}],"replies":[{"embeddable":true,"href":"https:\/\/www.tucomarca.com\/wordpress\/segunda\/wp-json\/wp\/v2\/comments?post=294976"}],"version-history":[{"count":0,"href":"https:\/\/www.tucomarca.com\/wordpress\/segunda\/wp-json\/wp\/v2\/posts\/294976\/revisions"}],"wp:featuredmedia":[{"embeddable":true,"href":"https:\/\/www.tucomarca.com\/wordpress\/segunda\/wp-json\/wp\/v2\/media\/294981"}],"wp:attachment":[{"href":"https:\/\/www.tucomarca.com\/wordpress\/segunda\/wp-json\/wp\/v2\/media?parent=294976"}],"wp:term":[{"taxonomy":"category","embeddable":true,"href":"https:\/\/www.tucomarca.com\/wordpress\/segunda\/wp-json\/wp\/v2\/categories?post=294976"},{"taxonomy":"post_tag","embeddable":true,"href":"https:\/\/www.tucomarca.com\/wordpress\/segunda\/wp-json\/wp\/v2\/tags?post=294976"}],"curies":[{"name":"wp","href":"https:\/\/api.w.org\/{rel}","templated":true}]}}