{"id":294987,"date":"2026-03-06T15:30:00","date_gmt":"2026-03-06T14:30:00","guid":{"rendered":"https:\/\/www.tucomarca.com\/wordpress\/segunda\/?p=294987"},"modified":"2026-03-06T20:23:05","modified_gmt":"2026-03-06T19:23:05","slug":"el-plan-endavant-tiene-activas-mas-del-60-de-las-medidas-de-la-generalitat-con-el-objetivo-de-reconstruir-y-hacer-mas-resiliente-la-comunitat-valenciana","status":"publish","type":"post","link":"https:\/\/www.tucomarca.com\/wordpress\/segunda\/el-plan-endavant-tiene-activas-mas-del-60-de-las-medidas-de-la-generalitat-con-el-objetivo-de-reconstruir-y-hacer-mas-resiliente-la-comunitat-valenciana\/","title":{"rendered":"El Plan Endavant tiene activas m\u00e1s del 60% de las medidas de la Generalitat con el objetivo de reconstruir y hacer m\u00e1s resiliente la Comunitat Valenciana"},"content":{"rendered":"\n<h3 class=\"wp-block-heading\">Siete meses despu\u00e9s de su puesta en marcha, 183 medidas de un total de 295 est\u00e1n iniciadas \u00a0y las restantes estar\u00e1n en marcha antes del 31 de julio.<\/h3>\n\n\n\n<h3 class=\"wp-block-heading\">Se han ejecutado obras en infraestructuras municipales de Picassent, Loriguilla, Chera o Sinarcas para mejorar su resiliencia ante fen\u00f3menos meteorol\u00f3gicos extremos.<strong>\u00a0<\/strong><\/h3>\n\n\n\n<p>El Plan Endavant tiene en marcha el 62% de las medidas en las que participa la Generalitat y el 17% completadas cuando han pasado siete meses desde su aprobaci\u00f3n, seg\u00fan el informe de seguimiento correspondiente al mes de febrero elaborado por la Vicepresidencia Tercera y Conselleria de &nbsp; Medio Ambiente, Infraestructuras, Territorio y Recuperaci\u00f3n. &nbsp;&nbsp;<\/p>\n\n\n\n<p>As\u00ed, de las 295 iniciativas con participaci\u00f3n de la Generalitat 183 est\u00e1n iniciadas, de las cuales 132 est\u00e1n en fase de ejecuci\u00f3n y 51 han sido completadas. Este plan elaborado con motivo de la cat\u00e1strofe del 29 de octubre de 2024 tiene como objetivo reconstruir y hacer m\u00e1s resiliente la Comunitat Valenciana.<\/p>\n\n\n\n<p>Las medidas del Plan Endavant son responsabilidad de diferentes administraciones (Estado, Generalitat, Diputaci\u00f3n, ayuntamientos) o tienen responsabilidad compartida. En cuanto a la cifra global de iniciativas, est\u00e1n activas el 57% (196 de un total de 393), de las cuales 151 est\u00e1n en ejecuci\u00f3n y 45 han sido completadas.&nbsp;<\/p>\n\n\n\n<p>Por lo que respecta al global de iniciativas, el 57% est\u00e1n en progreso: un 44% en curso y un 13% completadas; mientras que las medidas en las que participa \u00fanicamente la Generalitat, el 62% est\u00e1n en progreso, con un 45% en ejecuci\u00f3n y un 17% completadas.&nbsp;<\/p>\n\n\n\n<p><strong>El ritmo de ejecuci\u00f3n se duplica<\/strong><\/p>\n\n\n\n<p>El informe de seguimiento del Plan Endavant, que se ha presentado al pleno del Consell, confirma tambi\u00e9n que en los \u00faltimos siete meses, el ritmo de ejecuci\u00f3n se ha duplicado, al pasar de 84 iniciativas activas en julio a 196 en enero, consolidando una din\u00e1mica de despliegue estable y eficaz.<\/p>\n\n\n\n<p>Desde el inicio de 2026 se han activado 26 nuevas iniciativas y la previsi\u00f3n del Consell es que antes del 31 de marzo se inicien otras 63. El objetivo es que todas las iniciativas del plan hayan comenzado en el plazo de un a\u00f1o desde su aprobaci\u00f3n, el 31 de julio de 2025.<\/p>\n\n\n\n<p>El informe revela tambi\u00e9n que todas las consellerias mantienen el ritmo en el progreso de sus iniciativas y que el plan consolida un avance equilibrado en todos sus ejes: el de Personas, Tejido empresarial y econ\u00f3mico, Medio ambiente y Tejido social y comunitario, e Infraestructuras, entre otros.<\/p>\n\n\n\n<p><strong>Prioridad a las personas y recuperaci\u00f3n de infraestructuras<\/strong><\/p>\n\n\n\n<p>Este mes de febrero se han completado iniciativas como la de reforzar la red de ecoparques para favorecer la cercan\u00eda en zonas periurbanas, impulsar y extender programas para ofrecer bonificaciones a la ciudadan\u00eda por el uso de los ecoparques y desarrollar campa\u00f1as de concienciaci\u00f3n ciudadana para la separaci\u00f3n de residuo.&nbsp;<\/p>\n\n\n\n<p>Tambi\u00e9n se ha llevado a cabo la ejecuci\u00f3n de obras en carreteras da\u00f1adas con criterios de dise\u00f1o que mejoren la resiliencia ante fen\u00f3menos meteorol\u00f3gicos extremos. Estas \u00faltimas semanas han terminado las obras del puente de l\u2019Omet de Picassent, que ha aumentado su capacidad hidr\u00e1ulica e incorporado cimentaciones profundas con pilotes que, en su conjunto, acumulan una longitud subterr\u00e1nea de 1,2 kil\u00f3metros. Unas actuaciones similares a las que se han llevado a cabo en otros municipios como Loriguilla, Chera, o Sinarcas, entre otros, en el marco del plan de la Generalitat par asumir los trabajos de reconstrucci\u00f3n de infraestructuras municipales que no pod\u00edan ejecutar en tiempo y forma los ayuntamientos.<\/p>\n\n\n\n<p>Asimismo, se ha dotado de apoyo econ\u00f3mico a las bandas de m\u00fasica afectadas para posibilitar la compra de nuevas partituras, atriles, instrumentos colectivos y material de archivo que se haya perdido o da\u00f1ado, y se ha ofrecido a los espacios culturales y expositivos que organicen exposiciones de arte, muestras fotogr\u00e1ficas, ferias de artesan\u00eda o instalaciones de arte contempor\u00e1neo temporales en pol\u00edgonos afectados reacondicionados.<\/p>\n\n\n\n<p>Adem\u00e1s, se ha creado una l\u00ednea de ayuda para la reposici\u00f3n de equipos t\u00e9cnicos b\u00e1sicos en cines afectados y se ha establecido un banco de libros centralizado como canal de recogida de donaciones por parte de editoriales, ciudadan\u00eda y otras entidades, entre otras medidas.<\/p>\n","protected":false},"excerpt":{"rendered":"<div class=\"mh-excerpt\">Siete meses despu\u00e9s de su puesta en marcha, 183 medidas de un total de 295 est\u00e1n iniciadas \u00a0y las restantes estar\u00e1n en marcha antes del 31 de julio. Se han ejecutado obras en infraestructuras municipales <a class=\"mh-excerpt-more\" href=\"https:\/\/www.tucomarca.com\/wordpress\/segunda\/el-plan-endavant-tiene-activas-mas-del-60-de-las-medidas-de-la-generalitat-con-el-objetivo-de-reconstruir-y-hacer-mas-resiliente-la-comunitat-valenciana\/\" title=\"El Plan Endavant tiene activas m\u00e1s del 60% de las medidas de la Generalitat con el objetivo de reconstruir y hacer m\u00e1s resiliente la Comunitat Valenciana\">[+] <\/a><\/div>\n","protected":false},"author":1,"featured_media":294540,"comment_status":"closed","ping_status":"open","sticky":false,"template":"","format":"standard","meta":{"footnotes":""},"categories":[46,138,128,8,72,178,117,142,27,3,116,45],"tags":[10415,2142,22748,10387,10455],"class_list":{"0":"post-294987","1":"post","2":"type-post","3":"status-publish","4":"format-standard","5":"has-post-thumbnail","7":"category-camp-de-turia","8":"category-chera","9":"category-infraestructuras","10":"category-la-comarca","11":"category-sin-categorizar","12":"category-loriguilla","13":"category-medio-ambiente-la-comarca","14":"category-politica-la-comarca","15":"category-requena-utiel","16":"category-seccion","17":"category-sucesos-la-comarca","18":"category-ventana","19":"tag-chera","20":"tag-la-comunitat","21":"tag-pla-endavant","22":"tag-requena-utiel","23":"tag-sinarcas"},"_links":{"self":[{"href":"https:\/\/www.tucomarca.com\/wordpress\/segunda\/wp-json\/wp\/v2\/posts\/294987","targetHints":{"allow":["GET"]}}],"collection":[{"href":"https:\/\/www.tucomarca.com\/wordpress\/segunda\/wp-json\/wp\/v2\/posts"}],"about":[{"href":"https:\/\/www.tucomarca.com\/wordpress\/segunda\/wp-json\/wp\/v2\/types\/post"}],"author":[{"embeddable":true,"href":"https:\/\/www.tucomarca.com\/wordpress\/segunda\/wp-json\/wp\/v2\/users\/1"}],"replies":[{"embeddable":true,"href":"https:\/\/www.tucomarca.com\/wordpress\/segunda\/wp-json\/wp\/v2\/comments?post=294987"}],"version-history":[{"count":0,"href":"https:\/\/www.tucomarca.com\/wordpress\/segunda\/wp-json\/wp\/v2\/posts\/294987\/revisions"}],"wp:featuredmedia":[{"embeddable":true,"href":"https:\/\/www.tucomarca.com\/wordpress\/segunda\/wp-json\/wp\/v2\/media\/294540"}],"wp:attachment":[{"href":"https:\/\/www.tucomarca.com\/wordpress\/segunda\/wp-json\/wp\/v2\/media?parent=294987"}],"wp:term":[{"taxonomy":"category","embeddable":true,"href":"https:\/\/www.tucomarca.com\/wordpress\/segunda\/wp-json\/wp\/v2\/categories?post=294987"},{"taxonomy":"post_tag","embeddable":true,"href":"https:\/\/www.tucomarca.com\/wordpress\/segunda\/wp-json\/wp\/v2\/tags?post=294987"}],"curies":[{"name":"wp","href":"https:\/\/api.w.org\/{rel}","templated":true}]}}