{"id":295039,"date":"2026-03-08T11:00:00","date_gmt":"2026-03-08T10:00:00","guid":{"rendered":"https:\/\/www.tucomarca.com\/wordpress\/segunda\/?p=295039"},"modified":"2026-03-09T00:21:33","modified_gmt":"2026-03-08T23:21:33","slug":"la-unio-pide-avances-para-que-mas-mujeres-sean-titulares-de-explotaciones-agrarias-en-la-comunitat-valenciana-ya-que-solo-son-el-25","status":"publish","type":"post","link":"https:\/\/www.tucomarca.com\/wordpress\/segunda\/la-unio-pide-avances-para-que-mas-mujeres-sean-titulares-de-explotaciones-agrarias-en-la-comunitat-valenciana-ya-que-solo-son-el-25\/","title":{"rendered":"La Uni\u00f3 pide avances para que m\u00e1s mujeres sean titulares de explotaciones agrarias en la Comunitat Valenciana ya que solo son el 25%"},"content":{"rendered":"\n<h3 class=\"wp-block-heading\">Impulsar la igualdad en el sector agrario no solo es una cuesti\u00f3n de justicia social, sino tambi\u00e9n una condici\u00f3n clave para garantizar la sostenibilidad econ\u00f3mica y demogr\u00e1fica del medio rural.<\/h3>\n\n\n\n<p>La Uni\u00f3 Llauradora i Ramadera se\u00f1ala, hoy D\u00eda Internacional de la Mujer, que actualmente solo el 25,77% de los titulares de explotaciones agrarias de la Comunitat Valenciana son mujeres. De un total de 100.259 explotaciones, las mujeres son 25.836. Se sit\u00faa as\u00ed por debajo de la media estatal que es del 27,6%.<\/p>\n\n\n\n<p>Adem\u00e1s, apenas 19 explotaciones est\u00e1n registradas en la Comunitat Valenciana (12 en Castell\u00f3n, 5 en Valencia y 2 en Alicante) en titularidad compartida, por las 1.586 de toda Espa\u00f1a, lo que representa \u00fanicamente el 1,20%.<\/p>\n\n\n\n<p>La titularidad compartida es una figura jur\u00eddica de la explotaci\u00f3n agraria a la que pueden acogerse aquellas parejas que comparten el trabajo y gesti\u00f3n de la explotaci\u00f3n. Esta figura permite que la administraci\u00f3n, representaci\u00f3n y responsabilidad de la explotaci\u00f3n sea de las dos personas titulares, fomentando la igualdad entre ambas.<\/p>\n\n\n\n<p>Aunque en los \u00faltimos a\u00f1os se ha producido un ligero avance en la presencia femenina en el campo valenciano, la brecha de g\u00e9nero contin\u00faa siendo significativa. Las mujeres participan activamente en las tareas agr\u00edcolas, en la gesti\u00f3n de las explotaciones familiares y en el mantenimiento del tejido rural, pero muchas veces su trabajo sigue siendo invisible o no se traduce en la titularidad formal de las explotaciones.<\/p>\n\n\n\n<p>Ante esta realidad, resulta imprescindible que las administraciones impulsen medidas decididas para fomentar la incorporaci\u00f3n y el liderazgo de las mujeres en el sector agrario. Entre ellas, destacan el refuerzo de los incentivos a la titularidad compartida de las explotaciones, el acceso prioritario a ayudas p\u00fablicas y a la financiaci\u00f3n, programas espec\u00edficos de formaci\u00f3n y emprendimiento para mujeres rurales, as\u00ed como pol\u00edticas que faciliten la conciliaci\u00f3n y el relevo generacional en el campo.<\/p>\n\n\n\n<p>Para La Uni\u00f3, impulsar la igualdad en el sector agrario no solo es una cuesti\u00f3n de justicia social, sino tambi\u00e9n una condici\u00f3n clave para garantizar la sostenibilidad econ\u00f3mica y demogr\u00e1fica del medio rural, donde el papel de las mujeres resulta fundamental para asegurar el futuro de las explotaciones y del territorio. &nbsp;<\/p>\n\n\n\n<p>Precisamente, este fin de semana, una importante&nbsp;representaci\u00f3n de mujeres de La Uni\u00f3 Llauradora i Ramadera de toda la Comunitat Valenciana asisten en Toledo al XII encuentro estatal de la Uni\u00f3n de Mujeres Agricultoras y Ganaderas bajo el lema \u201cEl papel de las mujeres del sector agrario ante el cambio clim\u00e1tico: desaf\u00edos y oportunidades\u201d.<\/p>\n\n\n\n<p>Durante estos d\u00edas agricultoras y ganaderas de distintas comunidades aut\u00f3nomas han compartido experiencias, analizado los impactos reales del cambio clim\u00e1tico en sus explotaciones y debatido propuestas para garantizar la viabilidad econ\u00f3mica y ambiental del medio rural.<\/p>\n\n\n\n<p>En un contexto marcado por la inestabilidad clim\u00e1tica, el incremento de costes, la transformaci\u00f3n energ\u00e9tica y los nuevos modelos productivos, el encuentro ha puesto el foco en el papel clave que desempe\u00f1an las mujeres en la sostenibilidad y modernizaci\u00f3n del sector agrario.<\/p>\n\n\n\n<p>Desde La Uni\u00f3 se reivindica un modelo de desarrollo rural sostenible que incorpore la perspectiva de g\u00e9nero en todas las pol\u00edticas agrarias y clim\u00e1ticas, reconociendo el papel estrat\u00e9gico de las mujeres en la transformaci\u00f3n del sector.<\/p>\n","protected":false},"excerpt":{"rendered":"<div class=\"mh-excerpt\">Impulsar la igualdad en el sector agrario no solo es una cuesti\u00f3n de justicia social, sino tambi\u00e9n una condici\u00f3n clave para garantizar la sostenibilidad econ\u00f3mica y demogr\u00e1fica del medio rural. La Uni\u00f3 Llauradora i Ramadera <a class=\"mh-excerpt-more\" href=\"https:\/\/www.tucomarca.com\/wordpress\/segunda\/la-unio-pide-avances-para-que-mas-mujeres-sean-titulares-de-explotaciones-agrarias-en-la-comunitat-valenciana-ya-que-solo-son-el-25\/\" title=\"La Uni\u00f3 pide avances para que m\u00e1s mujeres sean titulares de explotaciones agrarias en la Comunitat Valenciana ya que solo son el 25%\">[+] <\/a><\/div>\n","protected":false},"author":12,"featured_media":295043,"comment_status":"closed","ping_status":"open","sticky":false,"template":"","format":"standard","meta":{"footnotes":""},"categories":[169,128,8,72,142,3,45],"tags":[11507,21081],"class_list":{"0":"post-295039","1":"post","2":"type-post","3":"status-publish","4":"format-standard","5":"has-post-thumbnail","7":"category-agricultura-la-comarca","8":"category-infraestructuras","9":"category-la-comarca","10":"category-sin-categorizar","11":"category-politica-la-comarca","12":"category-seccion","13":"category-ventana","14":"tag-8m","15":"tag-la-unio-llauradora-i-ramadera"},"_links":{"self":[{"href":"https:\/\/www.tucomarca.com\/wordpress\/segunda\/wp-json\/wp\/v2\/posts\/295039","targetHints":{"allow":["GET"]}}],"collection":[{"href":"https:\/\/www.tucomarca.com\/wordpress\/segunda\/wp-json\/wp\/v2\/posts"}],"about":[{"href":"https:\/\/www.tucomarca.com\/wordpress\/segunda\/wp-json\/wp\/v2\/types\/post"}],"author":[{"embeddable":true,"href":"https:\/\/www.tucomarca.com\/wordpress\/segunda\/wp-json\/wp\/v2\/users\/12"}],"replies":[{"embeddable":true,"href":"https:\/\/www.tucomarca.com\/wordpress\/segunda\/wp-json\/wp\/v2\/comments?post=295039"}],"version-history":[{"count":0,"href":"https:\/\/www.tucomarca.com\/wordpress\/segunda\/wp-json\/wp\/v2\/posts\/295039\/revisions"}],"wp:featuredmedia":[{"embeddable":true,"href":"https:\/\/www.tucomarca.com\/wordpress\/segunda\/wp-json\/wp\/v2\/media\/295043"}],"wp:attachment":[{"href":"https:\/\/www.tucomarca.com\/wordpress\/segunda\/wp-json\/wp\/v2\/media?parent=295039"}],"wp:term":[{"taxonomy":"category","embeddable":true,"href":"https:\/\/www.tucomarca.com\/wordpress\/segunda\/wp-json\/wp\/v2\/categories?post=295039"},{"taxonomy":"post_tag","embeddable":true,"href":"https:\/\/www.tucomarca.com\/wordpress\/segunda\/wp-json\/wp\/v2\/tags?post=295039"}],"curies":[{"name":"wp","href":"https:\/\/api.w.org\/{rel}","templated":true}]}}