{"id":295049,"date":"2026-03-08T12:00:00","date_gmt":"2026-03-08T11:00:00","guid":{"rendered":"https:\/\/www.tucomarca.com\/wordpress\/segunda\/?p=295049"},"modified":"2026-03-09T00:17:03","modified_gmt":"2026-03-08T23:17:03","slug":"el-consorcio-de-bomberos-refuerza-la-seguridad-de-las-fallas-en-la-provincia-con-un-protocolo-de-actuacion-ante-lluvias-y-viento","status":"publish","type":"post","link":"https:\/\/www.tucomarca.com\/wordpress\/segunda\/el-consorcio-de-bomberos-refuerza-la-seguridad-de-las-fallas-en-la-provincia-con-un-protocolo-de-actuacion-ante-lluvias-y-viento\/","title":{"rendered":"El Consorcio de Bomberos refuerza la seguridad de las Fallas en la provincia con un protocolo de actuaci\u00f3n ante lluvias y viento\u00a0"},"content":{"rendered":"\n<h3 class=\"wp-block-heading\">El documento de la entidad dependiente de la Diputaci\u00f3 de Val\u00e8ncia fija criterios t\u00e9cnicos para actuar ante condiciones meteorol\u00f3gicas adversas y mejorar la seguridad durante los actos falleros en los municipios de la provincia.<\/h3>\n\n\n\n<h3 class=\"wp-block-heading\">El presidente del Consorcio, Avelino Mascarell, afirma que \u00abcon esta iniciativa reforzamos la coordinaci\u00f3n entre ayuntamientos, comisiones falleras y servicios de emergencia ante posibles incidencias meteorol\u00f3gicas\u00bb.<\/h3>\n\n\n\n<p>El Consorcio Provincial de Bomberos de Val\u00e8ncia (CPBV), entidad dependiente de la Diputaci\u00f3 de Val\u00e8ncia, ha elaborado un protocolo de actuaci\u00f3n dirigido a las comisiones falleras y a los ayuntamientos de los municipios de la provincia con el objetivo de mejorar la coordinaci\u00f3n ante posibles episodios de lluvia o viento durante la celebraci\u00f3n de las Fallas.&nbsp;<\/p>\n\n\n\n<p>El documento, elaborado por el departamento de Prevenci\u00f3n Operativa del Consorcio, establece una serie de criterios t\u00e9cnicos y niveles de alerta para reforzar la seguridad de los actos falleros cuando las condiciones meteorol\u00f3gicas sean adversas y que, seg\u00fan explica el presidente del CPBV, Avelino Mascarell, \u00abservir\u00e1n de referencia a las autoridades locales para tomar decisiones \u00ab. \u00abDe esta manera -contin\u00faa Mascarell- evitamos actuaciones improvisadas y garantizamos que las medidas que se adopten en estas situaciones cuenten con respaldo t\u00e9cnico de los servicios de emergencias\u00bb.<\/p>\n\n\n\n<p>El protocolo establece distintos niveles de alerta en funci\u00f3n de las previsiones meteorol\u00f3gicas, tomando como referencia los boletines oficiales y avisos meteorol\u00f3gicos. En funci\u00f3n de estos niveles se contemplan medidas que van desde la vigilancia ordinaria y la revisi\u00f3n de elementos estructurales hasta la suspensi\u00f3n de determinados actos o la adopci\u00f3n de medidas de seguridad adicionales.&nbsp;<\/p>\n\n\n\n<p>En el caso del viento, el documento recoge actuaciones espec\u00edficas relacionadas con la estabilidad de los monumentos falleros, la seguridad de las carpas y estructuras modulares o la celebraci\u00f3n de actos pirot\u00e9cnicos, con medidas que pueden incluir la revisi\u00f3n de anclajes, la retirada de mobiliario exterior o la evacuaci\u00f3n de determinadas zonas si las rachas alcanzan niveles de riesgo elevados.&nbsp;<\/p>\n\n\n\n<p>Por lo que respecta a la lluvia, el protocolo tambi\u00e9n contempla recomendaciones espec\u00edficas para la noche de la crem\u00e0, ya que la acumulaci\u00f3n de agua puede alterar la estabilidad de los monumentos falleros al aumentar el peso de los materiales y afectar a su estructura. En estos casos se prev\u00e9 ampliar los per\u00edmetros de seguridad y adoptar medidas adicionales durante la quema.&nbsp;<\/p>\n\n\n\n<p>Adem\u00e1s, el documento incluye recomendaciones t\u00e9cnicas sobre el uso de acelerantes y sobre la organizaci\u00f3n del equipo encargado de iniciar la crem\u00e0, con el objetivo de evitar situaciones de riesgo durante la quema de los monumentos.&nbsp;<\/p>\n\n\n\n<p>Mascarell ha se\u00f1alado finalmente que \u201cdesde el Consorcio trabajamos durante todo el a\u00f1o en prevenci\u00f3n y planificaci\u00f3n, y este protocolo es un ejemplo m\u00e1s de ese trabajo para anticiparnos a posibles riesgos\u201d. El diputado provincial y presidente del Consorcio ha concluido que \u201cla colaboraci\u00f3n entre los servicios de emergencia, los ayuntamientos y las comisiones falleras es fundamental para que las Fallas se desarrollen con normalidad y con todas las garant\u00edas de seguridad\u201d.<\/p>\n","protected":false},"excerpt":{"rendered":"<div class=\"mh-excerpt\">El documento de la entidad dependiente de la Diputaci\u00f3 de Val\u00e8ncia fija criterios t\u00e9cnicos para actuar ante condiciones meteorol\u00f3gicas adversas y mejorar la seguridad durante los actos falleros en los municipios de la provincia. El <a class=\"mh-excerpt-more\" href=\"https:\/\/www.tucomarca.com\/wordpress\/segunda\/el-consorcio-de-bomberos-refuerza-la-seguridad-de-las-fallas-en-la-provincia-con-un-protocolo-de-actuacion-ante-lluvias-y-viento\/\" title=\"El Consorcio de Bomberos refuerza la seguridad de las Fallas en la provincia con un protocolo de actuaci\u00f3n ante lluvias y viento\u00a0\">[+] <\/a><\/div>\n","protected":false},"author":12,"featured_media":295051,"comment_status":"closed","ping_status":"open","sticky":false,"template":"","format":"standard","meta":{"footnotes":""},"categories":[128,8,72,117,142,3,116,45],"tags":[22130,3677],"class_list":{"0":"post-295049","1":"post","2":"type-post","3":"status-publish","4":"format-standard","5":"has-post-thumbnail","7":"category-infraestructuras","8":"category-la-comarca","9":"category-sin-categorizar","10":"category-medio-ambiente-la-comarca","11":"category-politica-la-comarca","12":"category-seccion","13":"category-sucesos-la-comarca","14":"category-ventana","15":"tag-consorcio-de-bomberos-de-valencia-2","16":"tag-diputacio-de-valencia"},"_links":{"self":[{"href":"https:\/\/www.tucomarca.com\/wordpress\/segunda\/wp-json\/wp\/v2\/posts\/295049","targetHints":{"allow":["GET"]}}],"collection":[{"href":"https:\/\/www.tucomarca.com\/wordpress\/segunda\/wp-json\/wp\/v2\/posts"}],"about":[{"href":"https:\/\/www.tucomarca.com\/wordpress\/segunda\/wp-json\/wp\/v2\/types\/post"}],"author":[{"embeddable":true,"href":"https:\/\/www.tucomarca.com\/wordpress\/segunda\/wp-json\/wp\/v2\/users\/12"}],"replies":[{"embeddable":true,"href":"https:\/\/www.tucomarca.com\/wordpress\/segunda\/wp-json\/wp\/v2\/comments?post=295049"}],"version-history":[{"count":0,"href":"https:\/\/www.tucomarca.com\/wordpress\/segunda\/wp-json\/wp\/v2\/posts\/295049\/revisions"}],"wp:featuredmedia":[{"embeddable":true,"href":"https:\/\/www.tucomarca.com\/wordpress\/segunda\/wp-json\/wp\/v2\/media\/295051"}],"wp:attachment":[{"href":"https:\/\/www.tucomarca.com\/wordpress\/segunda\/wp-json\/wp\/v2\/media?parent=295049"}],"wp:term":[{"taxonomy":"category","embeddable":true,"href":"https:\/\/www.tucomarca.com\/wordpress\/segunda\/wp-json\/wp\/v2\/categories?post=295049"},{"taxonomy":"post_tag","embeddable":true,"href":"https:\/\/www.tucomarca.com\/wordpress\/segunda\/wp-json\/wp\/v2\/tags?post=295049"}],"curies":[{"name":"wp","href":"https:\/\/api.w.org\/{rel}","templated":true}]}}