{"id":295059,"date":"2026-03-08T10:30:00","date_gmt":"2026-03-08T09:30:00","guid":{"rendered":"https:\/\/www.tucomarca.com\/wordpress\/segunda\/?p=295059"},"modified":"2026-03-09T00:34:56","modified_gmt":"2026-03-08T23:34:56","slug":"detenido-el-autor-de-la-sustraccion-de-112-colmenas-en-la-canal-de-navarres","status":"publish","type":"post","link":"https:\/\/www.tucomarca.com\/wordpress\/segunda\/detenido-el-autor-de-la-sustraccion-de-112-colmenas-en-la-canal-de-navarres\/","title":{"rendered":"Detenido el autor de la sustracci\u00f3n de 112 colmenas en La Canal de Navarr\u00e9s"},"content":{"rendered":"\n<h3 class=\"wp-block-heading\">Hab\u00eda sustra\u00eddo 112 colmenas, la mayor parte en esa comarca, valoradas en unos 10.000 euros.<\/h3>\n\n\n\n<h3 class=\"wp-block-heading\">Un total de 67 pudieron ser recuperadas y fueron entregadas a sus leg\u00edtimos propietarios.<\/h3>\n\n\n\n<p>La Guardia Civil ha detenido a un hombre que hab\u00eda sustra\u00eddo 112 colmenas de abejas de varios municipios, principalmente de la comarca de La Canal de Navarr\u00e9s.<\/p>\n\n\n\n<p>La investigaci\u00f3n comenz\u00f3 a mediados de abril de 2025, cu\u00e1ndo se localiz\u00f3 un asentamiento ilegal con 23 colmenas en la localidad de Picassent. Tras una comprobaci\u00f3n minuciosa se pudo comprobar que hab\u00edan sido sustra\u00eddas en la localidad de Quesa y que hab\u00eda sido denunciada su hurto el d\u00eda 01 de febrero de 2025.<\/p>\n\n\n\n<p>Tras esta primera actuaci\u00f3n, los agentes lograron obtener los datos de un veh\u00edculo que se encontraba en las proximidades. Y, tras realizar una serie de seguimientos discretos, se logr\u00f3 identificar a su conductor. Igualmente se pudo verificar que el sospechoso ten\u00eda conocimientos de apicultura y varias infracciones administrativas en cuestiones relacionadas con la agricultura.<\/p>\n\n\n\n<p>Gracias a estos seguimientos, tambi\u00e9n se logr\u00f3 encontrar una zona de dif\u00edcil acceso, monta\u00f1osa, en Picassent, donde se encontraba actividad ap\u00edcola.&nbsp;<\/p>\n\n\n\n<p>Tras coordinarse con varias personas que denunciaron haber sido v\u00edctimas de sustracci\u00f3n de colmenas, se realiz\u00f3 el pasado 26 de enero una inspecci\u00f3n detallada de esta explotaci\u00f3n ap\u00edcola clandestina. Se pudo apreciar que varias colmenas hab\u00edan sido repintadas y manipuladas para ocultar su procedencia. En muchas de ellas todav\u00eda figuraba el n\u00famero de identificaci\u00f3n anterior y que coincid\u00edan en muchos casos como sustra\u00eddas en la comarca de La Canal de Navarr\u00e9s.<\/p>\n\n\n\n<p>El d\u00eda 02 de febrero se detuvo a un hombre de 48 a\u00f1os y nacionalidad espa\u00f1ola al que se le imputan varios delitos de hurto. En total se denunciaron 112 colmenas sustra\u00eddas y 67 pudieron ser recuperadas y entregadas a sus leg\u00edtimos propietarios.&nbsp;<\/p>\n\n\n\n<p>La investigaci\u00f3n ha sido llevada a cabo por agentes del Equipo Roca de Paiporta.\u00a0Las diligencias fueron entregadas en el Juzgado en funciones de Guardia de Picassent.<\/p>\n","protected":false},"excerpt":{"rendered":"<div class=\"mh-excerpt\">Hab\u00eda sustra\u00eddo 112 colmenas, la mayor parte en esa comarca, valoradas en unos 10.000 euros. Un total de 67 pudieron ser recuperadas y fueron entregadas a sus leg\u00edtimos propietarios. La Guardia Civil ha detenido a <a class=\"mh-excerpt-more\" href=\"https:\/\/www.tucomarca.com\/wordpress\/segunda\/detenido-el-autor-de-la-sustraccion-de-112-colmenas-en-la-canal-de-navarres\/\" title=\"Detenido el autor de la sustracci\u00f3n de 112 colmenas en La Canal de Navarr\u00e9s\">[+] <\/a><\/div>\n","protected":false},"author":12,"featured_media":295062,"comment_status":"closed","ping_status":"open","sticky":false,"template":"","format":"standard","meta":{"footnotes":""},"categories":[70,8,72,3,116,45],"tags":[1098,1452,24005],"class_list":{"0":"post-295059","1":"post","2":"type-post","3":"status-publish","4":"format-standard","5":"has-post-thumbnail","7":"category-la-canal-de-navarres","8":"category-la-comarca","9":"category-sin-categorizar","10":"category-seccion","11":"category-sucesos-la-comarca","12":"category-ventana","13":"tag-guardia-civil","14":"tag-la-canal-de-navarres-2","15":"tag-robo-de-colmenas"},"_links":{"self":[{"href":"https:\/\/www.tucomarca.com\/wordpress\/segunda\/wp-json\/wp\/v2\/posts\/295059","targetHints":{"allow":["GET"]}}],"collection":[{"href":"https:\/\/www.tucomarca.com\/wordpress\/segunda\/wp-json\/wp\/v2\/posts"}],"about":[{"href":"https:\/\/www.tucomarca.com\/wordpress\/segunda\/wp-json\/wp\/v2\/types\/post"}],"author":[{"embeddable":true,"href":"https:\/\/www.tucomarca.com\/wordpress\/segunda\/wp-json\/wp\/v2\/users\/12"}],"replies":[{"embeddable":true,"href":"https:\/\/www.tucomarca.com\/wordpress\/segunda\/wp-json\/wp\/v2\/comments?post=295059"}],"version-history":[{"count":0,"href":"https:\/\/www.tucomarca.com\/wordpress\/segunda\/wp-json\/wp\/v2\/posts\/295059\/revisions"}],"wp:featuredmedia":[{"embeddable":true,"href":"https:\/\/www.tucomarca.com\/wordpress\/segunda\/wp-json\/wp\/v2\/media\/295062"}],"wp:attachment":[{"href":"https:\/\/www.tucomarca.com\/wordpress\/segunda\/wp-json\/wp\/v2\/media?parent=295059"}],"wp:term":[{"taxonomy":"category","embeddable":true,"href":"https:\/\/www.tucomarca.com\/wordpress\/segunda\/wp-json\/wp\/v2\/categories?post=295059"},{"taxonomy":"post_tag","embeddable":true,"href":"https:\/\/www.tucomarca.com\/wordpress\/segunda\/wp-json\/wp\/v2\/tags?post=295059"}],"curies":[{"name":"wp","href":"https:\/\/api.w.org\/{rel}","templated":true}]}}