{"id":295148,"date":"2026-03-09T10:15:00","date_gmt":"2026-03-09T09:15:00","guid":{"rendered":"https:\/\/www.tucomarca.com\/wordpress\/segunda\/?p=295148"},"modified":"2026-03-09T20:52:50","modified_gmt":"2026-03-09T19:52:50","slug":"la-diputacio-de-valencia-destina-10-000-euros-a-la-55-edicion-del-rally-de-fallas","status":"publish","type":"post","link":"https:\/\/www.tucomarca.com\/wordpress\/segunda\/la-diputacio-de-valencia-destina-10-000-euros-a-la-55-edicion-del-rally-de-fallas\/","title":{"rendered":"La Diputaci\u00f3 de Val\u00e8ncia destina 10.000 euros a la 55 edici\u00f3n del Rally de Fallas"},"content":{"rendered":"\n<p>La Diputaci\u00f3n de Val\u00e8ncia ha destinado 10.000 euros a la 55 edici\u00f3n de la Ronda Fallera de Coches de L`Antigor, carrera de coches antiguos procedentes de toda Espa\u00f1a. El recorrido, desde Val\u00e8ncia a Gandia, concluy\u00f3 el s\u00e1bado; pero esta ma\u00f1ana ha hecho una parada en la plaza Manises, donde se encuentra la Diputaci\u00f3n. Su presidente, Vicent Momp\u00f3, acompa\u00f1ado de distintos diputados y diputadas, ha disfrutado viendo algunas de las 40 joyas automovil\u00edsticas que forman parte del Rally.<\/p>\n\n\n\n<p>Momp\u00f3 ha destacado \u201cel apoyo de la Diputaci\u00f3n a este evento porque forma parte de la agenda fallera valenciana y recorre distintos municipios de la provincia\u201d. Adem\u00e1s, ha subrayado, \u201cla belleza de estos autom\u00f3viles, algunos de ellos con casi un siglo, despiertan la curiosidad y admiraci\u00f3n de todos los p\u00fablicos y tambi\u00e9n forman parte de nuestra historia\u201d.&nbsp;<\/p>\n\n\n\n<p>Los coches participantes corresponden principalmente al segundo cuarto del S.XX, concretamente van desde 1929 a 1956. El organizador, el Club de Autom\u00f3viles Antiguos de Valencia, es el \u00fanico club de Espa\u00f1a que tiene otorgada la Copa de SM el Rey para este tipo de Rally. Un trofeo que en esta edici\u00f3n ha ganado el valenciano V\u00edctor Guti\u00e9rrez Vidal, al volante de un Bentley 4 \u00bc de 1936.<\/p>\n\n\n\n<figure class=\"wp-block-gallery has-nested-images columns-default is-cropped wp-block-gallery-1 is-layout-flex wp-block-gallery-is-layout-flex\">\n<figure class=\"wp-block-image size-large\"><img loading=\"lazy\" decoding=\"async\" width=\"1024\" height=\"691\" data-id=\"295157\" src=\"https:\/\/www.tucomarca.com\/wordpress\/segunda\/wp-content\/uploads\/2026\/03\/DipuRallyFallas3-1024x691.jpg\" alt=\"\" class=\"wp-image-295157\" srcset=\"https:\/\/www.tucomarca.com\/wordpress\/segunda\/wp-content\/uploads\/2026\/03\/DipuRallyFallas3-1024x691.jpg 1024w, https:\/\/www.tucomarca.com\/wordpress\/segunda\/wp-content\/uploads\/2026\/03\/DipuRallyFallas3-300x202.jpg 300w, https:\/\/www.tucomarca.com\/wordpress\/segunda\/wp-content\/uploads\/2026\/03\/DipuRallyFallas3-768x518.jpg 768w, https:\/\/www.tucomarca.com\/wordpress\/segunda\/wp-content\/uploads\/2026\/03\/DipuRallyFallas3.jpg 1181w\" sizes=\"auto, (max-width: 1024px) 100vw, 1024px\" \/><\/figure>\n\n\n\n<figure class=\"wp-block-image size-large\"><img loading=\"lazy\" decoding=\"async\" width=\"1024\" height=\"691\" data-id=\"295155\" src=\"https:\/\/www.tucomarca.com\/wordpress\/segunda\/wp-content\/uploads\/2026\/03\/DipuRallyFallas2-1024x691.jpg\" alt=\"\" class=\"wp-image-295155\" srcset=\"https:\/\/www.tucomarca.com\/wordpress\/segunda\/wp-content\/uploads\/2026\/03\/DipuRallyFallas2-1024x691.jpg 1024w, https:\/\/www.tucomarca.com\/wordpress\/segunda\/wp-content\/uploads\/2026\/03\/DipuRallyFallas2-300x202.jpg 300w, https:\/\/www.tucomarca.com\/wordpress\/segunda\/wp-content\/uploads\/2026\/03\/DipuRallyFallas2-768x518.jpg 768w, https:\/\/www.tucomarca.com\/wordpress\/segunda\/wp-content\/uploads\/2026\/03\/DipuRallyFallas2.jpg 1181w\" sizes=\"auto, (max-width: 1024px) 100vw, 1024px\" \/><\/figure>\n<\/figure>\n","protected":false},"excerpt":{"rendered":"<div class=\"mh-excerpt\">La Diputaci\u00f3n de Val\u00e8ncia ha destinado 10.000 euros a la 55 edici\u00f3n de la Ronda Fallera de Coches de L`Antigor, carrera de coches antiguos procedentes de toda Espa\u00f1a. El recorrido, desde Val\u00e8ncia a Gandia, concluy\u00f3 <a class=\"mh-excerpt-more\" href=\"https:\/\/www.tucomarca.com\/wordpress\/segunda\/la-diputacio-de-valencia-destina-10-000-euros-a-la-55-edicion-del-rally-de-fallas\/\" title=\"La Diputaci\u00f3 de Val\u00e8ncia destina 10.000 euros a la 55 edici\u00f3n del Rally de Fallas\">[+] <\/a><\/div>\n","protected":false},"author":12,"featured_media":295153,"comment_status":"closed","ping_status":"open","sticky":false,"template":"","format":"gallery","meta":{"footnotes":""},"categories":[8,72,5,383,3,45],"tags":[3677,24009],"class_list":{"0":"post-295148","1":"post","2":"type-post","3":"status-publish","4":"format-gallery","5":"has-post-thumbnail","7":"category-la-comarca","8":"category-sin-categorizar","9":"category-la-semana-en-imagenes","10":"category-pueblos-en-fiestas","11":"category-seccion","12":"category-ventana","13":"tag-diputacio-de-valencia","14":"tag-rally-de-fallas","15":"post_format-post-format-gallery"},"_links":{"self":[{"href":"https:\/\/www.tucomarca.com\/wordpress\/segunda\/wp-json\/wp\/v2\/posts\/295148","targetHints":{"allow":["GET"]}}],"collection":[{"href":"https:\/\/www.tucomarca.com\/wordpress\/segunda\/wp-json\/wp\/v2\/posts"}],"about":[{"href":"https:\/\/www.tucomarca.com\/wordpress\/segunda\/wp-json\/wp\/v2\/types\/post"}],"author":[{"embeddable":true,"href":"https:\/\/www.tucomarca.com\/wordpress\/segunda\/wp-json\/wp\/v2\/users\/12"}],"replies":[{"embeddable":true,"href":"https:\/\/www.tucomarca.com\/wordpress\/segunda\/wp-json\/wp\/v2\/comments?post=295148"}],"version-history":[{"count":0,"href":"https:\/\/www.tucomarca.com\/wordpress\/segunda\/wp-json\/wp\/v2\/posts\/295148\/revisions"}],"wp:featuredmedia":[{"embeddable":true,"href":"https:\/\/www.tucomarca.com\/wordpress\/segunda\/wp-json\/wp\/v2\/media\/295153"}],"wp:attachment":[{"href":"https:\/\/www.tucomarca.com\/wordpress\/segunda\/wp-json\/wp\/v2\/media?parent=295148"}],"wp:term":[{"taxonomy":"category","embeddable":true,"href":"https:\/\/www.tucomarca.com\/wordpress\/segunda\/wp-json\/wp\/v2\/categories?post=295148"},{"taxonomy":"post_tag","embeddable":true,"href":"https:\/\/www.tucomarca.com\/wordpress\/segunda\/wp-json\/wp\/v2\/tags?post=295148"}],"curies":[{"name":"wp","href":"https:\/\/api.w.org\/{rel}","templated":true}]}}