{"id":295296,"date":"2026-03-11T10:00:00","date_gmt":"2026-03-11T09:00:00","guid":{"rendered":"https:\/\/www.tucomarca.com\/wordpress\/segunda\/?p=295296"},"modified":"2026-03-11T20:34:03","modified_gmt":"2026-03-11T19:34:03","slug":"proteccion-civil-de-godelleta-incorpora-un-nuevo-vehiculo-para-mejorar-el-servicio-a-la-ciudadania","status":"publish","type":"post","link":"https:\/\/www.tucomarca.com\/wordpress\/segunda\/proteccion-civil-de-godelleta-incorpora-un-nuevo-vehiculo-para-mejorar-el-servicio-a-la-ciudadania\/","title":{"rendered":"Protecci\u00f3n Civil de Godelleta incorpora un nuevo veh\u00edculo para mejorar el servicio a la ciudadan\u00eda"},"content":{"rendered":"\n<p>La agrupaci\u00f3n de Protecci\u00f3n Civil de Godelleta cuenta desde ahora con un nuevo veh\u00edculo que permitir\u00e1 reforzar las labores de apoyo y servicio que presta a la ciudadan\u00eda en el municipio.<\/p>\n\n\n\n<p>Este nuevo recurso est\u00e1 destinado a mejorar la capacidad de actuaci\u00f3n de los voluntarios y voluntarias en diferentes situaciones, especialmente durante eventos locales y posibles emergencias. Adem\u00e1s, el veh\u00edculo est\u00e1 equipado con un desfibrilador port\u00e1til, un elemento fundamental que permitir\u00e1 intervenir con mayor rapidez ante posibles emergencias card\u00edacas.<\/p>\n\n\n\n<p>La incorporaci\u00f3n de este equipamiento supone un avance importante para la agrupaci\u00f3n, ya que refuerza los medios disponibles y contribuye a mejorar la capacidad de respuesta ante cualquier incidencia.<\/p>\n\n\n\n<p>Con esta nueva adquisici\u00f3n, el Ayuntamiento de Godelleta contin\u00faa trabajando para dotar a Protecci\u00f3n Civil de mejores recursos y seguir garantizando la seguridad, la prevenci\u00f3n y la atenci\u00f3n a los vecinos y vecinas del municipio.<\/p>\n","protected":false},"excerpt":{"rendered":"<div class=\"mh-excerpt\">La agrupaci\u00f3n de Protecci\u00f3n Civil de Godelleta cuenta desde ahora con un nuevo veh\u00edculo que permitir\u00e1 reforzar las labores de apoyo y servicio que presta a la ciudadan\u00eda en el municipio. Este nuevo recurso est\u00e1 <a class=\"mh-excerpt-more\" href=\"https:\/\/www.tucomarca.com\/wordpress\/segunda\/proteccion-civil-de-godelleta-incorpora-un-nuevo-vehiculo-para-mejorar-el-servicio-a-la-ciudadania\/\" title=\"Protecci\u00f3n Civil de Godelleta incorpora un nuevo veh\u00edculo para mejorar el servicio a la ciudadan\u00eda\">[+] <\/a><\/div>\n","protected":false},"author":12,"featured_media":295298,"comment_status":"closed","ping_status":"open","sticky":false,"template":"","format":"standard","meta":{"footnotes":""},"categories":[14,128,8,10,117,142,3],"tags":[10383,5952,1300],"class_list":{"0":"post-295296","1":"post","2":"type-post","3":"status-publish","4":"format-standard","5":"has-post-thumbnail","7":"category-godelleta","8":"category-infraestructuras","9":"category-la-comarca","10":"category-la-hoya","11":"category-medio-ambiente-la-comarca","12":"category-politica-la-comarca","13":"category-seccion","14":"tag-godelleta","15":"tag-la-hoya-de-bunol-chiva","16":"tag-proteccion-civil"},"_links":{"self":[{"href":"https:\/\/www.tucomarca.com\/wordpress\/segunda\/wp-json\/wp\/v2\/posts\/295296","targetHints":{"allow":["GET"]}}],"collection":[{"href":"https:\/\/www.tucomarca.com\/wordpress\/segunda\/wp-json\/wp\/v2\/posts"}],"about":[{"href":"https:\/\/www.tucomarca.com\/wordpress\/segunda\/wp-json\/wp\/v2\/types\/post"}],"author":[{"embeddable":true,"href":"https:\/\/www.tucomarca.com\/wordpress\/segunda\/wp-json\/wp\/v2\/users\/12"}],"replies":[{"embeddable":true,"href":"https:\/\/www.tucomarca.com\/wordpress\/segunda\/wp-json\/wp\/v2\/comments?post=295296"}],"version-history":[{"count":0,"href":"https:\/\/www.tucomarca.com\/wordpress\/segunda\/wp-json\/wp\/v2\/posts\/295296\/revisions"}],"wp:featuredmedia":[{"embeddable":true,"href":"https:\/\/www.tucomarca.com\/wordpress\/segunda\/wp-json\/wp\/v2\/media\/295298"}],"wp:attachment":[{"href":"https:\/\/www.tucomarca.com\/wordpress\/segunda\/wp-json\/wp\/v2\/media?parent=295296"}],"wp:term":[{"taxonomy":"category","embeddable":true,"href":"https:\/\/www.tucomarca.com\/wordpress\/segunda\/wp-json\/wp\/v2\/categories?post=295296"},{"taxonomy":"post_tag","embeddable":true,"href":"https:\/\/www.tucomarca.com\/wordpress\/segunda\/wp-json\/wp\/v2\/tags?post=295296"}],"curies":[{"name":"wp","href":"https:\/\/api.w.org\/{rel}","templated":true}]}}