{"id":2953,"date":"2012-06-04T18:48:03","date_gmt":"2012-06-04T16:48:03","guid":{"rendered":"http:\/\/www.tucomarca.com\/wordpress\/segunda\/?p=2953"},"modified":"2012-06-04T19:51:54","modified_gmt":"2012-06-04T17:51:54","slug":"el-valle-de-ayora-cofrentes-contara-con-8-tecnicos-para-asistir-a-los-ayuntamientos-de-la-comarca","status":"publish","type":"post","link":"https:\/\/www.tucomarca.com\/wordpress\/segunda\/el-valle-de-ayora-cofrentes-contara-con-8-tecnicos-para-asistir-a-los-ayuntamientos-de-la-comarca\/","title":{"rendered":"El Valle de Ayora-Cofrentes contar\u00e1 con 8 t\u00e9cnicos para asistir a los ayuntamientos de la comarca"},"content":{"rendered":"<p>La Diputaci\u00f3n ha destinado al Valle de Ayora-Cofrentes una partida de 22.818 euros para que 8 t\u00e9cnicos asistan en diversas materias a 4 ayuntamientos de la comarca.<\/p>\n<p>Los ayuntamientos y colegiados que asesoran profesionalmente en las diferentes \u00e1reas t\u00e9cnicas son Jalance (arquitecto e ingeniero industrial), Jarafuel (arquitecto e ingeniero de montes), Teresa de Cofrentes (arquitecto t\u00e9cnico) y Zarra (arquitecto t\u00e9cnico, ingeniero t\u00e9cnico industrial e ingeniero t\u00e9cnico agr\u00edcola)<\/p>\n<p>La instituci\u00f3n provincial mantiene convenios en vigor con 13 colegios profesionales de la Comunitat Valenciana para garantizar el asesoramiento t\u00e9cnico especializado a los ayuntamientos y mancomunidades de menor poblaci\u00f3n y recursos.<\/p>\n<p><strong>Asesoramiento municipal para toda la provincia <\/strong><\/p>\n<p>As\u00ed pues, en toda la provincia un presupuesto de 1.160.000 euros se ha destinado a financiar la labor de los colegiados que requieren los ayuntamientos.<\/p>\n<p>Los acuerdos con los colegios profesionales se mantienen actualmente con el colegio de de arquitectos, aparejadores-arquitectos t\u00e9cnicos, ingenieros de caminos, canales y puertos, ingenieros t\u00e9cnicos de obras p\u00fablicas, ingenieros t\u00e9cnicos industriales, ingenieros industriales, ingenieros agr\u00f3nomos, ingenieros t\u00e9cnicos agr\u00edcolas, ingenieros de montes, ingenieros t\u00e9cnicos forestales, ingenieros t\u00e9cnicos en topograf\u00eda, graduados sociales e ingenieros de telecomunicaci\u00f3n.<\/p>\n<p>Seg\u00fan el diputado de Asesoramiento Municipal, Francisco Lled\u00f3, \u00abesta colaboraci\u00f3n est\u00e1 dirigida a ayuntamientos con peque\u00f1a poblaci\u00f3n y escasos recursos econ\u00f3micos, ya que muchos de ellos no podr\u00edan contar con ayuda especializada para una correcta gesti\u00f3n municipal sin la asistencia de estos profesionales que les proporciona la Diputaci\u00f3n\u00bb.<\/p>\n<p>Las actividades municipales que m\u00e1s demandan la presencia de profesionales colegiados son la emisi\u00f3n de informes sobre planeamiento municipal, c\u00e9dulas de habitabilidad, licencias de obras y actividades, calificaci\u00f3n urban\u00edstica de terrenos, declaraci\u00f3n de espacios protegidos, delimitaci\u00f3n de terrenos forestales, valoraciones catastrales y preparaci\u00f3n de expedientes y subvenciones, entre otras.<\/p>\n","protected":false},"excerpt":{"rendered":"<div class=\"mh-excerpt\">La Diputaci\u00f3n ha destinado al Valle de Ayora-Cofrentes una partida de 22.818 euros para que 8 t\u00e9cnicos asistan en diversas materias a 4 ayuntamientos de la comarca. Los ayuntamientos y colegiados que asesoran profesionalmente en <a class=\"mh-excerpt-more\" href=\"https:\/\/www.tucomarca.com\/wordpress\/segunda\/el-valle-de-ayora-cofrentes-contara-con-8-tecnicos-para-asistir-a-los-ayuntamientos-de-la-comarca\/\" title=\"El Valle de Ayora-Cofrentes contar\u00e1 con 8 t\u00e9cnicos para asistir a los ayuntamientos de la comarca\">[+] <\/a><\/div>\n","protected":false},"author":1,"featured_media":0,"comment_status":"open","ping_status":"open","sticky":false,"template":"","format":"standard","meta":{"footnotes":""},"categories":[38,230,231,8,142,3,232,233],"tags":[],"class_list":{"0":"post-2953","1":"post","2":"type-post","3":"status-publish","4":"format-standard","6":"category-ayora-cofrentes","7":"category-jalance","8":"category-jarafuel","9":"category-la-comarca","10":"category-politica-la-comarca","11":"category-seccion","12":"category-teresa-de-cofrentes","13":"category-zarra"},"_links":{"self":[{"href":"https:\/\/www.tucomarca.com\/wordpress\/segunda\/wp-json\/wp\/v2\/posts\/2953","targetHints":{"allow":["GET"]}}],"collection":[{"href":"https:\/\/www.tucomarca.com\/wordpress\/segunda\/wp-json\/wp\/v2\/posts"}],"about":[{"href":"https:\/\/www.tucomarca.com\/wordpress\/segunda\/wp-json\/wp\/v2\/types\/post"}],"author":[{"embeddable":true,"href":"https:\/\/www.tucomarca.com\/wordpress\/segunda\/wp-json\/wp\/v2\/users\/1"}],"replies":[{"embeddable":true,"href":"https:\/\/www.tucomarca.com\/wordpress\/segunda\/wp-json\/wp\/v2\/comments?post=2953"}],"version-history":[{"count":0,"href":"https:\/\/www.tucomarca.com\/wordpress\/segunda\/wp-json\/wp\/v2\/posts\/2953\/revisions"}],"wp:attachment":[{"href":"https:\/\/www.tucomarca.com\/wordpress\/segunda\/wp-json\/wp\/v2\/media?parent=2953"}],"wp:term":[{"taxonomy":"category","embeddable":true,"href":"https:\/\/www.tucomarca.com\/wordpress\/segunda\/wp-json\/wp\/v2\/categories?post=2953"},{"taxonomy":"post_tag","embeddable":true,"href":"https:\/\/www.tucomarca.com\/wordpress\/segunda\/wp-json\/wp\/v2\/tags?post=2953"}],"curies":[{"name":"wp","href":"https:\/\/api.w.org\/{rel}","templated":true}]}}