{"id":295353,"date":"2026-03-09T20:00:00","date_gmt":"2026-03-09T19:00:00","guid":{"rendered":"https:\/\/www.tucomarca.com\/wordpress\/segunda\/?p=295353"},"modified":"2026-03-10T15:26:25","modified_gmt":"2026-03-10T14:26:25","slug":"el-ontinyent-cf-se-impone-por-la-minima-a-un-cd-bunol-que-merecio-mas","status":"publish","type":"post","link":"https:\/\/www.tucomarca.com\/wordpress\/segunda\/el-ontinyent-cf-se-impone-por-la-minima-a-un-cd-bunol-que-merecio-mas\/","title":{"rendered":"El Ontinyent CF se impone por la m\u00ednima a un CD Bu\u00f1ol que mereci\u00f3 m\u00e1s"},"content":{"rendered":"\n<p>El Club Deportivo Bu\u00f1ol regres\u00f3 de vac\u00edo este domingo, 8 de marzo, tras caer por 1 gol a 0 ante el Ontinyent 1931 CF en el campo municipal El Clariano, en un encuentro en el que los visitantes generaron ocasiones suficientes para haber sumado al menos un punto y que supo a poco a los de La Hoya.<\/p>\n\n\n\n<p>El conjunto bu\u00f1olense compiti\u00f3 de t\u00fa a t\u00fa durante todo el partido, mostrando intensidad y creando varias oportunidades claras de gol. La primera lleg\u00f3 en el minuto 24, cuando Jon\u00e1s dispuso de una buena ocasi\u00f3n para adelantar a los suyos.<\/p>\n\n\n\n<p>Ya en la segunda mitad, el CD Bu\u00f1ol mantuvo su insistencia ofensiva. En el minuto 55 fue Duco quien protagoniz\u00f3 otra clara oportunidad, mientras que, en el 62, Kim estuvo muy cerca de igualar el encuentro con un disparo que se estrell\u00f3 en el palo.<\/p>\n\n\n\n<p>Ya en el tramo final del partido, en el minuto 90, Albert tuvo la \u00faltima ocasi\u00f3n para rescatar un resultado positivo, pero el bal\u00f3n se neg\u00f3 a entrar en la porter\u00eda.<\/p>\n\n\n\n<p>A pesar del resultado final, el CD Bu\u00f1ol dej\u00f3 buenas sensaciones sobre el terreno de juego, firmando una actuaci\u00f3n en la que, por juego y ocasiones, mereci\u00f3 mucho m\u00e1s. <\/p>\n\n\n\n<p>El equipo seguir\u00e1 trabajando para transformar estas buenas prestaciones en puntos en las pr\u00f3ximas jornadas. Una de sus primeras citas est\u00e1 prevista para este mi\u00e9rcoles, a las 20,00 horas en el Beltr\u00e1n B\u00e1guena, donde se enfrentar\u00e1 al Crevillente Deportivo, un encuentro que tuvo que ser aplazado en la jornada 22 por las malas condiciones climatol\u00f3gicas. <\/p>\n","protected":false},"excerpt":{"rendered":"<div class=\"mh-excerpt\">El Club Deportivo Bu\u00f1ol regres\u00f3 de vac\u00edo este domingo, 8 de marzo, tras caer por 1 gol a 0 ante el Ontinyent 1931 CF en el campo municipal El Clariano, en un encuentro en el <a class=\"mh-excerpt-more\" href=\"https:\/\/www.tucomarca.com\/wordpress\/segunda\/el-ontinyent-cf-se-impone-por-la-minima-a-un-cd-bunol-que-merecio-mas\/\" title=\"El Ontinyent CF se impone por la m\u00ednima a un CD Bu\u00f1ol que mereci\u00f3 m\u00e1s\">[+] <\/a><\/div>\n","protected":false},"author":12,"featured_media":295375,"comment_status":"closed","ping_status":"open","sticky":false,"template":"","format":"standard","meta":{"footnotes":""},"categories":[18,50,6,8,10,3],"tags":[10385,10379,44,5952],"class_list":{"0":"post-295353","1":"post","2":"type-post","3":"status-publish","4":"format-standard","5":"has-post-thumbnail","7":"category-bunol","8":"category-futbol-deportes","9":"category-deportes","10":"category-la-comarca","11":"category-la-hoya","12":"category-seccion","13":"tag-bunol","14":"tag-deportes","15":"tag-futbol","16":"tag-la-hoya-de-bunol-chiva"},"_links":{"self":[{"href":"https:\/\/www.tucomarca.com\/wordpress\/segunda\/wp-json\/wp\/v2\/posts\/295353","targetHints":{"allow":["GET"]}}],"collection":[{"href":"https:\/\/www.tucomarca.com\/wordpress\/segunda\/wp-json\/wp\/v2\/posts"}],"about":[{"href":"https:\/\/www.tucomarca.com\/wordpress\/segunda\/wp-json\/wp\/v2\/types\/post"}],"author":[{"embeddable":true,"href":"https:\/\/www.tucomarca.com\/wordpress\/segunda\/wp-json\/wp\/v2\/users\/12"}],"replies":[{"embeddable":true,"href":"https:\/\/www.tucomarca.com\/wordpress\/segunda\/wp-json\/wp\/v2\/comments?post=295353"}],"version-history":[{"count":0,"href":"https:\/\/www.tucomarca.com\/wordpress\/segunda\/wp-json\/wp\/v2\/posts\/295353\/revisions"}],"wp:featuredmedia":[{"embeddable":true,"href":"https:\/\/www.tucomarca.com\/wordpress\/segunda\/wp-json\/wp\/v2\/media\/295375"}],"wp:attachment":[{"href":"https:\/\/www.tucomarca.com\/wordpress\/segunda\/wp-json\/wp\/v2\/media?parent=295353"}],"wp:term":[{"taxonomy":"category","embeddable":true,"href":"https:\/\/www.tucomarca.com\/wordpress\/segunda\/wp-json\/wp\/v2\/categories?post=295353"},{"taxonomy":"post_tag","embeddable":true,"href":"https:\/\/www.tucomarca.com\/wordpress\/segunda\/wp-json\/wp\/v2\/tags?post=295353"}],"curies":[{"name":"wp","href":"https:\/\/api.w.org\/{rel}","templated":true}]}}