{"id":295355,"date":"2026-03-10T12:30:00","date_gmt":"2026-03-10T11:30:00","guid":{"rendered":"https:\/\/www.tucomarca.com\/wordpress\/segunda\/?p=295355"},"modified":"2026-03-10T15:28:46","modified_gmt":"2026-03-10T14:28:46","slug":"los-bomberos-rescatan-a-un-conductor-tras-caer-su-furgoneta-por-un-barranco-de-15-metros-en-sot-de-chera","status":"publish","type":"post","link":"https:\/\/www.tucomarca.com\/wordpress\/segunda\/los-bomberos-rescatan-a-un-conductor-tras-caer-su-furgoneta-por-un-barranco-de-15-metros-en-sot-de-chera\/","title":{"rendered":"Los bomberos rescatan a un conductor tras caer su furgoneta por un barranco de 15 metros en Sot de Chera"},"content":{"rendered":"\n<p>Efectivos del Consorcio Provincial de Bomberos de Valencia han intervenido este martes por la ma\u00f1ana en un accidente de tr\u00e1fico ocurrido en el t\u00e9rmino municipal de Sot de Chera, donde una furgoneta ha sufrido una salida de v\u00eda y ha ca\u00eddo hasta el fondo de un barranco de unos 15 metros de profundidad.<\/p>\n\n\n\n<p>El conductor del veh\u00edculo qued\u00f3 atrapado en el interior de la furgoneta, por lo que fue necesaria la intervenci\u00f3n de los bomberos para proceder a su excarcelaci\u00f3n. Hasta el lugar del siniestro se desplazaron bomberos y un sargento del parque de Requena, adem\u00e1s de rescatadores del Grupo Especial de Rescate en Altura (GERA) y el helic\u00f3ptero V-990 del Consorcio, debido a la dificultad de acceso a la zona donde se encontraba el veh\u00edculo.<\/p>\n\n\n\n<p>Para poder realizar el rescate con seguridad, los efectivos tuvieron que asegurar previamente la furgoneta mediante puntales, evitando as\u00ed posibles movimientos durante las labores de excarcelaci\u00f3n.<\/p>\n\n\n\n<p>Una vez liberado, el herido fue evacuado por v\u00eda a\u00e9rea en el helic\u00f3ptero del Consorcio hasta el hospital La Fe de Val\u00e8ncia, donde fue transferido a los servicios sanitarios para recibir atenci\u00f3n m\u00e9dica especializada.<\/p>\n\n\n\n<figure class=\"wp-block-image size-large\"><img loading=\"lazy\" decoding=\"async\" width=\"1024\" height=\"768\" src=\"https:\/\/www.tucomarca.com\/wordpress\/segunda\/wp-content\/uploads\/2026\/03\/BomberosSotChera2-1024x768.jpg\" alt=\"\" class=\"wp-image-295365\" srcset=\"https:\/\/www.tucomarca.com\/wordpress\/segunda\/wp-content\/uploads\/2026\/03\/BomberosSotChera2-1024x768.jpg 1024w, https:\/\/www.tucomarca.com\/wordpress\/segunda\/wp-content\/uploads\/2026\/03\/BomberosSotChera2-300x225.jpg 300w, https:\/\/www.tucomarca.com\/wordpress\/segunda\/wp-content\/uploads\/2026\/03\/BomberosSotChera2-768x576.jpg 768w, https:\/\/www.tucomarca.com\/wordpress\/segunda\/wp-content\/uploads\/2026\/03\/BomberosSotChera2-678x509.jpg 678w, https:\/\/www.tucomarca.com\/wordpress\/segunda\/wp-content\/uploads\/2026\/03\/BomberosSotChera2-326x245.jpg 326w, https:\/\/www.tucomarca.com\/wordpress\/segunda\/wp-content\/uploads\/2026\/03\/BomberosSotChera2-80x60.jpg 80w, https:\/\/www.tucomarca.com\/wordpress\/segunda\/wp-content\/uploads\/2026\/03\/BomberosSotChera2.jpg 1181w\" sizes=\"auto, (max-width: 1024px) 100vw, 1024px\" \/><\/figure>\n","protected":false},"excerpt":{"rendered":"<div class=\"mh-excerpt\">Efectivos del Consorcio Provincial de Bomberos de Valencia han intervenido este martes por la ma\u00f1ana en un accidente de tr\u00e1fico ocurrido en el t\u00e9rmino municipal de Sot de Chera, donde una furgoneta ha sufrido una <a class=\"mh-excerpt-more\" href=\"https:\/\/www.tucomarca.com\/wordpress\/segunda\/los-bomberos-rescatan-a-un-conductor-tras-caer-su-furgoneta-por-un-barranco-de-15-metros-en-sot-de-chera\/\" title=\"Los bomberos rescatan a un conductor tras caer su furgoneta por un barranco de 15 metros en Sot de Chera\">[+] <\/a><\/div>\n","protected":false},"author":12,"featured_media":295363,"comment_status":"closed","ping_status":"open","sticky":false,"template":"","format":"image","meta":{"footnotes":""},"categories":[128,8,72,59,3,197,116,45],"tags":[20508,3912,10400,10449],"class_list":{"0":"post-295355","1":"post","2":"type-post","3":"status-publish","4":"format-image","5":"has-post-thumbnail","7":"category-infraestructuras","8":"category-la-comarca","9":"category-sin-categorizar","10":"category-los-serranos","11":"category-seccion","12":"category-sot-de-chera","13":"category-sucesos-la-comarca","14":"category-ventana","15":"tag-consorcio-de-bomberos-de-valencia","16":"tag-la-serrania","17":"tag-los-serranos","18":"tag-sot-de-chera","19":"post_format-post-format-image"},"_links":{"self":[{"href":"https:\/\/www.tucomarca.com\/wordpress\/segunda\/wp-json\/wp\/v2\/posts\/295355","targetHints":{"allow":["GET"]}}],"collection":[{"href":"https:\/\/www.tucomarca.com\/wordpress\/segunda\/wp-json\/wp\/v2\/posts"}],"about":[{"href":"https:\/\/www.tucomarca.com\/wordpress\/segunda\/wp-json\/wp\/v2\/types\/post"}],"author":[{"embeddable":true,"href":"https:\/\/www.tucomarca.com\/wordpress\/segunda\/wp-json\/wp\/v2\/users\/12"}],"replies":[{"embeddable":true,"href":"https:\/\/www.tucomarca.com\/wordpress\/segunda\/wp-json\/wp\/v2\/comments?post=295355"}],"version-history":[{"count":0,"href":"https:\/\/www.tucomarca.com\/wordpress\/segunda\/wp-json\/wp\/v2\/posts\/295355\/revisions"}],"wp:featuredmedia":[{"embeddable":true,"href":"https:\/\/www.tucomarca.com\/wordpress\/segunda\/wp-json\/wp\/v2\/media\/295363"}],"wp:attachment":[{"href":"https:\/\/www.tucomarca.com\/wordpress\/segunda\/wp-json\/wp\/v2\/media?parent=295355"}],"wp:term":[{"taxonomy":"category","embeddable":true,"href":"https:\/\/www.tucomarca.com\/wordpress\/segunda\/wp-json\/wp\/v2\/categories?post=295355"},{"taxonomy":"post_tag","embeddable":true,"href":"https:\/\/www.tucomarca.com\/wordpress\/segunda\/wp-json\/wp\/v2\/tags?post=295355"}],"curies":[{"name":"wp","href":"https:\/\/api.w.org\/{rel}","templated":true}]}}