{"id":295356,"date":"2026-03-10T12:00:00","date_gmt":"2026-03-10T11:00:00","guid":{"rendered":"https:\/\/www.tucomarca.com\/wordpress\/segunda\/?p=295356"},"modified":"2026-03-10T15:08:44","modified_gmt":"2026-03-10T14:08:44","slug":"la-guardia-civil-investiga-al-conductor-de-una-motocicleta-que-circulaba-a-mas-del-doble-de-la-velocidad-maxima-permitida-por-la-n-330-en-el-termino-municipal-de-requena","status":"publish","type":"post","link":"https:\/\/www.tucomarca.com\/wordpress\/segunda\/la-guardia-civil-investiga-al-conductor-de-una-motocicleta-que-circulaba-a-mas-del-doble-de-la-velocidad-maxima-permitida-por-la-n-330-en-el-termino-municipal-de-requena\/","title":{"rendered":"La Guardia Civil investiga al conductor de una motocicleta que circulaba a m\u00e1s del doble de la velocidad m\u00e1xima permitida por la N-330 en el t\u00e9rmino municipal de Requena"},"content":{"rendered":"\n<h3 class=\"wp-block-heading\">La motocicleta fue detectada por un cinem\u00f3metro circulando a 186 Km\/h por una v\u00eda convencional limitada a 90 Km\/h.<\/h3>\n\n\n\n<p>El d\u00eda 1 de febrero de 2026, en la N-330 a la altura del t\u00e9rmino municipal de Requena, en el marco de la prevenci\u00f3n de la siniestralidad vial de motocicletas, se detect\u00f3 una motocicleta circulando a 186 km\/h cuando la v\u00eda estaba limitada a 90 km\/h.<\/p>\n\n\n\n<p>Al tratarse de una v\u00eda frecuentada habitualmente por este colectivo vulnerable y en la que se han registrado graves siniestros viales, efectivos del Destacamento de Requena realizan estos controles preventivos.<\/p>\n\n\n\n<p>Por un Equipo de Investigaci\u00f3n Siniestros Viales del Subsector de Tr\u00e1fico de la Guardia Civil de Valencia se procedi\u00f3 a identificar a su conductor, un var\u00f3n de 35 a\u00f1os, que ha sido investigado como supuesto autor de un delito contra la seguridad vial, por conducir un veh\u00edculo a motor superando la velocidad m\u00e1xima permitida en 80 km\/h.<\/p>\n\n\n\n<p>El C\u00f3digo Penal prev\u00e9 penas por la comisi\u00f3n de un delito de conducci\u00f3n a una velocidad superior en ochenta kil\u00f3metros por hora en v\u00eda interurbana, recogido en el art\u00edculo 379.1, consistentes en prisi\u00f3n de tres a seis meses o con la de multa de seis a doce meses o con la de trabajos en beneficio de la comunidad de treinta y uno a noventa d\u00edas y, en cualquier caso, con la de privaci\u00f3n del derecho a conducir veh\u00edculos a motor y ciclomotores por tiempo superior a uno y hasta cuatro a\u00f1os. &nbsp;<\/p>\n\n\n\n<p>Las diligencias instruidas fueron entregadas en el Juzgado de Guardia de Requena.<\/p>\n","protected":false},"excerpt":{"rendered":"<div class=\"mh-excerpt\">La motocicleta fue detectada por un cinem\u00f3metro circulando a 186 Km\/h por una v\u00eda convencional limitada a 90 Km\/h. El d\u00eda 1 de febrero de 2026, en la N-330 a la altura del t\u00e9rmino municipal <a class=\"mh-excerpt-more\" href=\"https:\/\/www.tucomarca.com\/wordpress\/segunda\/la-guardia-civil-investiga-al-conductor-de-una-motocicleta-que-circulaba-a-mas-del-doble-de-la-velocidad-maxima-permitida-por-la-n-330-en-el-termino-municipal-de-requena\/\" title=\"La Guardia Civil investiga al conductor de una motocicleta que circulaba a m\u00e1s del doble de la velocidad m\u00e1xima permitida por la N-330 en el t\u00e9rmino municipal de Requena\">[+] <\/a><\/div>\n","protected":false},"author":1,"featured_media":295358,"comment_status":"closed","ping_status":"open","sticky":false,"template":"","format":"standard","meta":{"footnotes":""},"categories":[128,8,72,28,27,3,116,45],"tags":[1098,10388,10387,724],"class_list":{"0":"post-295356","1":"post","2":"type-post","3":"status-publish","4":"format-standard","5":"has-post-thumbnail","7":"category-infraestructuras","8":"category-la-comarca","9":"category-sin-categorizar","10":"category-requena","11":"category-requena-utiel","12":"category-seccion","13":"category-sucesos-la-comarca","14":"category-ventana","15":"tag-guardia-civil","16":"tag-requena","17":"tag-requena-utiel","18":"tag-trafico"},"_links":{"self":[{"href":"https:\/\/www.tucomarca.com\/wordpress\/segunda\/wp-json\/wp\/v2\/posts\/295356","targetHints":{"allow":["GET"]}}],"collection":[{"href":"https:\/\/www.tucomarca.com\/wordpress\/segunda\/wp-json\/wp\/v2\/posts"}],"about":[{"href":"https:\/\/www.tucomarca.com\/wordpress\/segunda\/wp-json\/wp\/v2\/types\/post"}],"author":[{"embeddable":true,"href":"https:\/\/www.tucomarca.com\/wordpress\/segunda\/wp-json\/wp\/v2\/users\/1"}],"replies":[{"embeddable":true,"href":"https:\/\/www.tucomarca.com\/wordpress\/segunda\/wp-json\/wp\/v2\/comments?post=295356"}],"version-history":[{"count":0,"href":"https:\/\/www.tucomarca.com\/wordpress\/segunda\/wp-json\/wp\/v2\/posts\/295356\/revisions"}],"wp:featuredmedia":[{"embeddable":true,"href":"https:\/\/www.tucomarca.com\/wordpress\/segunda\/wp-json\/wp\/v2\/media\/295358"}],"wp:attachment":[{"href":"https:\/\/www.tucomarca.com\/wordpress\/segunda\/wp-json\/wp\/v2\/media?parent=295356"}],"wp:term":[{"taxonomy":"category","embeddable":true,"href":"https:\/\/www.tucomarca.com\/wordpress\/segunda\/wp-json\/wp\/v2\/categories?post=295356"},{"taxonomy":"post_tag","embeddable":true,"href":"https:\/\/www.tucomarca.com\/wordpress\/segunda\/wp-json\/wp\/v2\/tags?post=295356"}],"curies":[{"name":"wp","href":"https:\/\/api.w.org\/{rel}","templated":true}]}}