{"id":295372,"date":"2026-03-10T11:30:00","date_gmt":"2026-03-10T10:30:00","guid":{"rendered":"https:\/\/www.tucomarca.com\/wordpress\/segunda\/?p=295372"},"modified":"2026-03-10T19:05:40","modified_gmt":"2026-03-10T18:05:40","slug":"la-diputacio-ensena-a-los-ayuntamientos-como-ordenar-el-territorio-para-prevenir-futuras-inundaciones","status":"publish","type":"post","link":"https:\/\/www.tucomarca.com\/wordpress\/segunda\/la-diputacio-ensena-a-los-ayuntamientos-como-ordenar-el-territorio-para-prevenir-futuras-inundaciones\/","title":{"rendered":"La Diputaci\u00f3 ense\u00f1a a los ayuntamientos c\u00f3mo ordenar el territorio para prevenir futuras inundaciones"},"content":{"rendered":"\n<h3 class=\"wp-block-heading\">El presidente de la corporaci\u00f3n, Vicent Momp\u00f3, inaugura el ciclo formativo \u2018La ordenaci\u00f3n del territorio y el nuevo modelo de ciudad\u2019, con la presencia de 200 asistentes entre alcaldes, concejales y t\u00e9cnicos municipales.<\/h3>\n\n\n\n<h3 class=\"wp-block-heading\">A lo largo de dos jornadas, se abordar\u00e1n cuestiones estrat\u00e9gicas para los ayuntamientos como la futura Ley del Suelo, la revisi\u00f3n del PATRICOVA o los nuevos modelos de planificaci\u00f3n urbana.<\/h3>\n\n\n\n<p>La Diputaci\u00f3 de Val\u00e8ncia ha iniciado este martes el ciclo formativo \u2018La ordenaci\u00f3n del territorio y el nuevo modelo de ciudad\u2019, dirigido a cargos electos y t\u00e9cnicos municipales de la provincia, con el objetivo de ense\u00f1ar c\u00f3mo se debe afrontar la planificaci\u00f3n territorial para prevenir futuras inundaciones como la de la dana del 29 de octubre de 2024. Se trata del tercer ciclo formativo dentro del itinerario DIVALDirectia Tem\u00e1tica, puesto en marcha por el servicio de Formaci\u00f3n de la corporaci\u00f3n para analizar el papel de los ayuntamientos ante fen\u00f3menos catastr\u00f3ficos.<\/p>\n\n\n\n<p>A lo largo de dos jornadas, se abordar\u00e1n cuestiones estrat\u00e9gicas como la futura Ley del Suelo de la Comunidad Valenciana, la revisi\u00f3n del PATRICOVA o los nuevos modelos de planificaci\u00f3n urbana necesarios para adaptar el territorio a los efectos del cambio clim\u00e1tico. Asimismo, se analizar\u00e1n los retos que afrontan muchos municipios de la provincia, como la gesti\u00f3n de urbanizaciones dispersas, pol\u00edgonos industriales o edificaciones fuera de ordenaci\u00f3n en situaciones de emergencia. Todo ello con el objetivo \u00faltimo de mejorar la seguridad y la capacidad de respuesta de los municipios ante las cat\u00e1strofes.<\/p>\n\n\n\n<p>El presidente de la Diputaci\u00f3n, Vicent Momp\u00f3, ha sido el encargado de inaugurar el curso ante la presencia de 200 asistentes entre alcaldes, concejales y personal t\u00e9cnico especializado en urbanismo. Momp\u00f3 ha destacado \u201cel papel fundamental que tienen los ayuntamientos a la hora de prevenir fen\u00f3menos de este tipo. Son los que est\u00e1n en primera l\u00ednea y los que tienen que tomar decisiones sobre planificaci\u00f3n urbana, pero no pueden afrontar este reto solos. Por eso son tan necesarias formaciones como \u00e9sta\u201d.<\/p>\n\n\n\n<p>El presidente provincial ha subrayado en que \u201cdesde la Diputaci\u00f3n llevamos tiempo facilitando herramientas para que los municipios mejoren su capacidad de respuesta ante cat\u00e1strofes. Y un aspecto esencial es la ordenaci\u00f3n del territorio con responsabilidad e invertir en infraestructuras m\u00e1s resilientes. Por ello estas jornadas suponen una oportunidad para aprender, para debatir y para construir una visi\u00f3n compartida del territorio que queremos para el futuro\u201d; y ha insistido en \u201cel trabajo conjunto y la cooperaci\u00f3n de todas las administraciones ante este desaf\u00edo\u201d.<\/p>\n\n\n\n<figure class=\"wp-block-gallery has-nested-images columns-default is-cropped wp-block-gallery-1 is-layout-flex wp-block-gallery-is-layout-flex\">\n<figure class=\"wp-block-image size-large\"><img loading=\"lazy\" decoding=\"async\" width=\"1024\" height=\"666\" data-id=\"295390\" src=\"https:\/\/www.tucomarca.com\/wordpress\/segunda\/wp-content\/uploads\/2026\/03\/DipuADEIT3-1024x666.jpg\" alt=\"\" class=\"wp-image-295390\" srcset=\"https:\/\/www.tucomarca.com\/wordpress\/segunda\/wp-content\/uploads\/2026\/03\/DipuADEIT3-1024x666.jpg 1024w, https:\/\/www.tucomarca.com\/wordpress\/segunda\/wp-content\/uploads\/2026\/03\/DipuADEIT3-300x195.jpg 300w, https:\/\/www.tucomarca.com\/wordpress\/segunda\/wp-content\/uploads\/2026\/03\/DipuADEIT3-768x499.jpg 768w, https:\/\/www.tucomarca.com\/wordpress\/segunda\/wp-content\/uploads\/2026\/03\/DipuADEIT3.jpg 1181w\" sizes=\"auto, (max-width: 1024px) 100vw, 1024px\" \/><\/figure>\n\n\n\n<figure class=\"wp-block-image size-large\"><img loading=\"lazy\" decoding=\"async\" width=\"1024\" height=\"666\" data-id=\"295392\" src=\"https:\/\/www.tucomarca.com\/wordpress\/segunda\/wp-content\/uploads\/2026\/03\/DipuADEIT1-1024x666.jpg\" alt=\"\" class=\"wp-image-295392\" srcset=\"https:\/\/www.tucomarca.com\/wordpress\/segunda\/wp-content\/uploads\/2026\/03\/DipuADEIT1-1024x666.jpg 1024w, https:\/\/www.tucomarca.com\/wordpress\/segunda\/wp-content\/uploads\/2026\/03\/DipuADEIT1-300x195.jpg 300w, https:\/\/www.tucomarca.com\/wordpress\/segunda\/wp-content\/uploads\/2026\/03\/DipuADEIT1-768x499.jpg 768w, https:\/\/www.tucomarca.com\/wordpress\/segunda\/wp-content\/uploads\/2026\/03\/DipuADEIT1.jpg 1181w\" sizes=\"auto, (max-width: 1024px) 100vw, 1024px\" \/><\/figure>\n<\/figure>\n\n\n\n<p><\/p>\n\n\n\n<p><strong>Contenido de las jornadas<\/strong><\/p>\n\n\n\n<p>Tras la inauguraci\u00f3n, la primera jornada ha comenzado con la ponencia \u2018La planificaci\u00f3n metropolitana y los planes especiales urban\u00edsticos de reconstrucci\u00f3n\u2019, a cargo del prestigioso arquitecto Alejandro Escribano, que ha se\u00f1alado que \u201clo primero que hay que analizar, antes de llevar a cabo la reconstrucci\u00f3n, es lo que ocurri\u00f3 en la dana y si se pod\u00eda haber evitado en caso de estar operativas las infraestructuras hidr\u00e1ulicas adecuadas\u201d. Escribano ha afirmado que \u201cen los a\u00f1os 2010 y 2011 se aprobaron proyectos que nunca llegaron a materializarse, y esos proyectos habr\u00edan salvado vidas. Han sido 14 a\u00f1os de inacci\u00f3n por parte del estado\u201d.<\/p>\n\n\n\n<p>El arquitecto valenciano ha puesto sobre la mesa el concepto de justicia territorial, traduci\u00e9ndose en que \u201clas actuaciones futuras deben otorgar al sur del \u00e1rea metropolitana la misma protecci\u00f3n que a la ciudad de Valencia. No hace falta dejar de construir o mover edificios, existen soluciones hidr\u00e1ulicas\u201d.<\/p>\n\n\n\n<p>A continuaci\u00f3n, se han desarrollado otras dos conferencias. La primera de la mano del subdirector general de Urbanismo y Territorio de la Generalitat, Emilio Argente, que ha hablado sobre la nueva Ley del Suelo de la Comunidad Valenciana, que busca un nuevo modelo de urbanismo dirigido precisamente a hacer frente a las emergencias.<\/p>\n\n\n\n<p>Acto seguido, el abogado Jos\u00e9 Manuel Palau ha abordado la futura Ley del Suelo auton\u00f3mica desde el punto de vista legal, explicando a los representantes de los ayuntamientos los aspectos jur\u00eddicos que deber\u00e1n tener en cuenta en la planificaci\u00f3n urban\u00edstica de sus municipios. La sesi\u00f3n ha concluido con un debate entre los tres ponentes del d\u00eda.<\/p>\n\n\n\n<p>La jornada del mi\u00e9rcoles comenzar\u00e1 con la conferencia \u2018Los planes de acci\u00f3n territorial frente al riesgo de inundaci\u00f3n\u2019, en la que Fuensanta Art\u00e9s, jefa del Servicio de Gesti\u00f3n de Riesgos en el Territorio de la GVA, tratar\u00e1 la revisi\u00f3n del PATRICOVA y la inundabilidad en los Planes Municipales de Emergencia. A continuaci\u00f3n, M\u00f3nica Alonso, del \u00e1rea de Carreteras de la Diputaci\u00f3n, de la gesti\u00f3n resiliente de las infraestructuras frente a las emergencias; y el abogado Francisco Blanc ofrecer\u00e1 la ponencia \u2018Las construcciones sin plan: implantaciones industriales, urbanizaciones y diseminados residenciales\u2019.<\/p>\n\n\n\n<p>Por \u00faltimo, se celebrar\u00e1 una mesa debate entre t\u00e9cnicos de diferentes ayuntamientos sobre aspectos como las urbanizaciones en suelo urbano, la gesti\u00f3n de las emergencias en el \u00e1mbito de las edificaciones diseminadas o la problem\u00e1tica de los pol\u00edgonos industriales.<\/p>\n","protected":false},"excerpt":{"rendered":"<div class=\"mh-excerpt\">El presidente de la corporaci\u00f3n, Vicent Momp\u00f3, inaugura el ciclo formativo \u2018La ordenaci\u00f3n del territorio y el nuevo modelo de ciudad\u2019, con la presencia de 200 asistentes entre alcaldes, concejales y t\u00e9cnicos municipales. A lo <a class=\"mh-excerpt-more\" href=\"https:\/\/www.tucomarca.com\/wordpress\/segunda\/la-diputacio-ensena-a-los-ayuntamientos-como-ordenar-el-territorio-para-prevenir-futuras-inundaciones\/\" title=\"La Diputaci\u00f3 ense\u00f1a a los ayuntamientos c\u00f3mo ordenar el territorio para prevenir futuras inundaciones\">[+] <\/a><\/div>\n","protected":false},"author":12,"featured_media":295388,"comment_status":"closed","ping_status":"open","sticky":false,"template":"","format":"standard","meta":{"footnotes":""},"categories":[21465,128,8,72,142,3,45],"tags":[12831,3677,23948,24015,9390],"class_list":{"0":"post-295372","1":"post","2":"type-post","3":"status-publish","4":"format-standard","5":"has-post-thumbnail","7":"category-dana","8":"category-infraestructuras","9":"category-la-comarca","10":"category-sin-categorizar","11":"category-politica-la-comarca","12":"category-seccion","13":"category-ventana","14":"tag-dana-2","15":"tag-diputacio-de-valencia","16":"tag-divaldirectia","17":"tag-ordenacion-del-territorio","18":"tag-patricova"},"_links":{"self":[{"href":"https:\/\/www.tucomarca.com\/wordpress\/segunda\/wp-json\/wp\/v2\/posts\/295372","targetHints":{"allow":["GET"]}}],"collection":[{"href":"https:\/\/www.tucomarca.com\/wordpress\/segunda\/wp-json\/wp\/v2\/posts"}],"about":[{"href":"https:\/\/www.tucomarca.com\/wordpress\/segunda\/wp-json\/wp\/v2\/types\/post"}],"author":[{"embeddable":true,"href":"https:\/\/www.tucomarca.com\/wordpress\/segunda\/wp-json\/wp\/v2\/users\/12"}],"replies":[{"embeddable":true,"href":"https:\/\/www.tucomarca.com\/wordpress\/segunda\/wp-json\/wp\/v2\/comments?post=295372"}],"version-history":[{"count":0,"href":"https:\/\/www.tucomarca.com\/wordpress\/segunda\/wp-json\/wp\/v2\/posts\/295372\/revisions"}],"wp:featuredmedia":[{"embeddable":true,"href":"https:\/\/www.tucomarca.com\/wordpress\/segunda\/wp-json\/wp\/v2\/media\/295388"}],"wp:attachment":[{"href":"https:\/\/www.tucomarca.com\/wordpress\/segunda\/wp-json\/wp\/v2\/media?parent=295372"}],"wp:term":[{"taxonomy":"category","embeddable":true,"href":"https:\/\/www.tucomarca.com\/wordpress\/segunda\/wp-json\/wp\/v2\/categories?post=295372"},{"taxonomy":"post_tag","embeddable":true,"href":"https:\/\/www.tucomarca.com\/wordpress\/segunda\/wp-json\/wp\/v2\/tags?post=295372"}],"curies":[{"name":"wp","href":"https:\/\/api.w.org\/{rel}","templated":true}]}}